{"id":266075,"date":"2025-12-01T20:51:07","date_gmt":"2025-12-01T20:51:07","guid":{"rendered":"https:\/\/www.europesays.com\/es\/266075\/"},"modified":"2025-12-01T20:51:07","modified_gmt":"2025-12-01T20:51:07","slug":"luis-planas-subraya-la-importancia-de-fortalecer-las-politicas-agrarias-y-pesqueras-en-el-marco-financiero-plurianual-para-garantizar-la-seguridad-alimentaria-europea-ministerio-de-agricultura-pesc","status":"publish","type":"post","link":"https:\/\/www.europesays.com\/es\/266075\/","title":{"rendered":"Luis Planas subraya la importancia de fortalecer las pol\u00edticas agrarias y pesqueras en el Marco Financiero Plurianual para garantizar la seguridad alimentaria europea &#8211; Ministerio de Agricultura, Pesca y Alimentaci\u00f3n"},"content":{"rendered":"<ol>\n<li><a href=\"https:\/\/news.google.com\/rss\/articles\/CBMi_gJBVV95cUxQbFpOcW1uYWpBZFljY1pTdUd4d2pmTnRRczM1YjZlRWFlUnlSbUFCcTU1Z3Zfc3l2NDdyMFp4Zkc0SlJLYzg5Q29NUFNMdHgtZXZSaXFkWHJqRWlIc1NLRWN5aUlYblRrdU04LVg4N0tUVWN5VU94eEpsZ1hZS0lDVmRwSWlwOUF4Y0RoX0J3WVJ2OU1QSDVxWjlLa2pRMkhsTW1NMnhveFB4X0dtem92V3JRQm1QR1RxNXdVRU9hM2pvU1I1dDVWeUlXcF9FVy1ack92UVV3ZFJiZHFqeGR2THdHdU1aZ21hQTVJZldEQ3cxMHBpV3hQQ3kyem1xdUQ2ZW9BcXprQ1hDYjNlaXRNbzI3N20zcmhDczlQSFRLTHRRY0xnY2ZlTnJUcXBpM25WVG9JU005dkgwUjVMQlhmZWpzdndDcVlCc2k5VUM1OEtJanI5cUZ6anBMNnNqakJtRHcxRHRJU1AzeDRWOUhDdDJpdXpWWVhaRmNwTXVB?oc=5\" target=\"_blank\" rel=\"nofollow noopener\">Luis Planas subraya la importancia de fortalecer las pol\u00edticas agrarias y pesqueras en el Marco Financiero Plurianual para garantizar la seguridad alimentaria europea<\/a>&nbsp;&nbsp;Ministerio de Agricultura, Pesca y Alimentaci\u00f3n<\/li>\n<li><a href=\"https:\/\/news.google.com\/rss\/articles\/CBMiygFBVV95cUxPMW5SNVlaNE84UWphRWZZQUN4RnNjV1Y4SDl1NkM4cFdrempYN2pPbUJza3VsR3hsbDBwcGhjejRsVlFtVmNtRmcwRVNWOUpDRkxKYVhhbm16ZTZDRWRFTEc4cGFESFNHcGRCakZITXFIenJHLUVQV3lkaU9iRnRydGNkOG11eTlpbGRzeFNCdzg2cW9nX0lhSklndjI4Q3ZCY0RwSm9mNC00ZFdQZzZQTkdCd3p1T3ZsT2ZSb09fdktRUWNoWkEzTVZR?oc=5\" target=\"_blank\" rel=\"nofollow noopener\">Luis Planas subraya la importancia de fortalecer las pol\u00edticas agrarias y pesqueras en el Marco Financiero Plurianual<\/a>&nbsp;&nbsp;La Moncloa<\/li>\n<li><a href=\"https:\/\/news.google.com\/rss\/articles\/CBMivAFBVV95cUxNZmFPLUFxekZ0Q1FYZXlTWDRvWlJ2UE5TcTAwYUhXc0xTZWk3WHkzb1VRd2NNczBKTjVNWVZRdGZ5cF8zMzVmdHdXS0ExVHZNNnlhdHFSbUVDNDJ6V2RhTmJ2aVZmSWdhVUpUc0RiZllEZVNWMFl3d0JubHg2VFRqTWZ1U1RtVU16QnVsTDdhR3I0WnZQd1FRM1ZJWDc1NVRsNFlYdWJTeE5VX2lLNnYxczVrRlZVZU9xei0zSg?oc=5\" target=\"_blank\" rel=\"nofollow noopener\">El Foro Italia-Espa\u00f1a intenta reactivar un eje bloqueado por la pol\u00edtica<\/a>&nbsp;&nbsp;La Vanguardia<\/li>\n<li><a href=\"https:\/\/news.google.com\/rss\/articles\/CBMiqgFBVV95cUxPRjhxXzFUakFGaDRIS3hwWTJHUHk2LTh0TnNPM0VvU2dZVkthbGhQQmVjbE4zUHR3b2MycGUyZFZ5Vlkxcy01MDZWRW0wZFhPbzREVThiaEZOZG8yYTIxT1UyQ0ZTeWl4RHpVZmR6MjVkcjcyOGI2bXRBeWc4VmgzNFA3UFdXb2VlNm5hVEFRMUlpNGsyUkpfWkRPaDRDVjFuanhEYlNQeEF4Zw?oc=5\" target=\"_blank\" rel=\"nofollow noopener\">S\u00e1nchez Llibre participa en el foro de di\u00e1logo Italia-Espa\u00f1a en Roma<\/a>&nbsp;&nbsp;ABC<\/li>\n<li><a href=\"https:\/\/news.google.com\/rss\/articles\/CBMi7wFBVV95cUxNM2VUQmNhVU92NzB5QnRVVHQxNFlYWVVPQVhvejhnNTY1OXB3ZFlqM0prdW41MTMyZ1kzR05DQnkwcU0tOW5FQXpSWEw5d2hVMUpEV252TjdWampuYkhGZ09odmVrVTlnczZtN0dVVjE5YzUxQnNiN1RDd013ODlYV3JWaUhSOEhXUkdzN005RWNZYktDZEhISVQwOXcxMTdORlUySmNaeFpwVldoZVJQbjNIME1kYkM0TUN6V2ZMQVNYN1hILTFpOUk0Q0JTaG1nS0tSZUlVbmR5bzJRU2duLU9Qc3lwSkt6M0RMNU1VUQ?oc=5\" target=\"_blank\" rel=\"nofollow noopener\">S\u00e1nchez Llibre (Foment) reivindica en Roma una alianza para reforzar la competitividad europea<\/a>&nbsp;&nbsp;El Economista<\/li>\n<\/ol>\n","protected":false},"excerpt":{"rendered":"Luis Planas subraya la importancia de fortalecer las pol\u00edticas agrarias y pesqueras en el Marco Financiero Plurianual para&hellip;\n","protected":false},"author":2,"featured_media":248356,"comment_status":"","ping_status":"","sticky":false,"template":"","format":"standard","meta":{"footnotes":""},"categories":[5],"tags":[17,18,25,24,13,14,11,19,20,9,10,15,16,23,12,21,22],"class_list":{"0":"post-266075","1":"post","2":"type-post","3":"status-publish","4":"format-standard","5":"has-post-thumbnail","7":"category-titulares","8":"tag-breaking-news","9":"tag-breakingnews","10":"tag-es","11":"tag-espana","12":"tag-featured-news","13":"tag-featurednews","14":"tag-headlines","15":"tag-latest-news","16":"tag-latestnews","17":"tag-news","18":"tag-noticias","19":"tag-noticias-destacadas","20":"tag-noticiasdestacadas","21":"tag-spain","22":"tag-titulares","23":"tag-ultimas-noticias","24":"tag-ultimasnoticias"},"share_on_mastodon":{"url":"https:\/\/pubeurope.com\/@es\/115646292537824026","error":""},"_links":{"self":[{"href":"https:\/\/www.europesays.com\/es\/wp-json\/wp\/v2\/posts\/266075","targetHints":{"allow":["GET"]}}],"collection":[{"href":"https:\/\/www.europesays.com\/es\/wp-json\/wp\/v2\/posts"}],"about":[{"href":"https:\/\/www.europesays.com\/es\/wp-json\/wp\/v2\/types\/post"}],"author":[{"embeddable":true,"href":"https:\/\/www.europesays.com\/es\/wp-json\/wp\/v2\/users\/2"}],"replies":[{"embeddable":true,"href":"https:\/\/www.europesays.com\/es\/wp-json\/wp\/v2\/comments?post=266075"}],"version-history":[{"count":0,"href":"https:\/\/www.europesays.com\/es\/wp-json\/wp\/v2\/posts\/266075\/revisions"}],"wp:featuredmedia":[{"embeddable":true,"href":"https:\/\/www.europesays.com\/es\/wp-json\/wp\/v2\/media\/248356"}],"wp:attachment":[{"href":"https:\/\/www.europesays.com\/es\/wp-json\/wp\/v2\/media?parent=266075"}],"wp:term":[{"taxonomy":"category","embeddable":true,"href":"https:\/\/www.europesays.com\/es\/wp-json\/wp\/v2\/categories?post=266075"},{"taxonomy":"post_tag","embeddable":true,"href":"https:\/\/www.europesays.com\/es\/wp-json\/wp\/v2\/tags?post=266075"}],"curies":[{"name":"wp","href":"https:\/\/api.w.org\/{rel}","templated":true}]}}