{"id":266082,"date":"2025-12-01T21:00:11","date_gmt":"2025-12-01T21:00:11","guid":{"rendered":"https:\/\/www.europesays.com\/es\/266082\/"},"modified":"2025-12-01T21:00:11","modified_gmt":"2025-12-01T21:00:11","slug":"acaba-con-mas-de-500-paginas-y-una-app-de-streaming-ilegal","status":"publish","type":"post","link":"https:\/\/www.europesays.com\/es\/266082\/","title":{"rendered":"acaba con m\u00e1s de 500 p\u00e1ginas y una app de streaming ilegal"},"content":{"rendered":"<p>Una nueva operaci\u00f3n de LaLiga, de la mano de ALIANZA (Alianza contra la Pirater\u00eda Audiovisual), hace posible que se lleve a cabo el bloqueo de <strong>m\u00e1s de 500 p\u00e1ginas web<\/strong> y se eche el cierre de una app de streaming ilegal. Esta operaci\u00f3n no se ha dado en Espa\u00f1a, sino que se ha llevado a cabo en Brasil. Adem\u00e1s, no es la \u00fanica aci\u00f3n que se ha realizado por parte de la competici\u00f3n fuera de nuestras fronteras.<\/p>\n<p><a href=\"https:\/\/www.adslzone.net\/noticias\/videojuegos\/laliga-bloquea-juego-online-miles-usuarios-steam\/\" target=\"_blank\" rel=\"noopener noreferrer nofollow\">Los bloqueos de LaLiga<\/a> est\u00e1n a la orden del d\u00eda. En diferentes casos, afecta a sitios web y servicios completamente legales, en cambio, en otros s\u00ed que llevan a cabo diferentes operaciones para <strong>acabar con la pirater\u00eda<\/strong>. Tal y como ocurre ahora con esta ofensiva contra la pirater\u00eda en diferentes pa\u00edses de Am\u00e9rica Latina, concretamente en Brasil, Argentina y Ecuador.<\/p>\n<p>Un bloqueo masivo de sitios piratas<\/p>\n<p>Una de las diferentes ofensivas que ha llevado a cabo esta competici\u00f3n ha tenido lugar en Brasil. El Ministerio de Justicia y Seguridad P\u00fablica se encarg\u00f3 de coordinar la fase actual (8\u00aa fase) de la \u00ab<strong>Operaci\u00f3n 404<\/strong>\u00bb con la que se bloquearon <strong>hasta 535 p\u00e1ginas web<\/strong> y una aplicaci\u00f3n de streaming ilegal. Y no es lo \u00fanico, se cumplieron hasta 44 \u00f3rdenes de allanamiento en quince estados del pa\u00eds latinoamericano.<\/p>\n<p>Adem\u00e1s, para llevar a cabo esta acci\u00f3n contra la pirater\u00eda, se cont\u00f3 con la ayuda de diferentes organismos. Por ejemplo, est\u00e1n la Agencia Nacional de Telecomunicaciones (Anatel) y la Agencia Nacional del Cine (Ancine), as\u00ed como otras asociaciones internacionales de protecci\u00f3n de la propiedad intelectual, como confirma LaLiga en su comunicado oficial.<\/p>\n<p><img decoding=\"async\" loading=\"lazy\" width=\"1280\" height=\"720\" src=\"https:\/\/www.europesays.com\/es\/wp-content\/uploads\/2025\/12\/viendo-futbol.png\" alt=\"viendo f\u00fatbol en la TV\"\/><\/p>\n<p>LaLiga y otras 35 empresas se suman contra la pirater\u00eda y piden m\u00e1s medidas a Europa. Fuente: Freepik<\/p>\n<p>Durante esta operaci\u00f3n, se confiscaron diferentes equipos. Sin embargo, no es la \u00fanica acci\u00f3n que ha llevado a cabo LaLiga junto a la ALIANZA fuera de Espa\u00f1a. Tambi\u00e9n han actuado<strong> en Argentina y Ecuador<\/strong>.<\/p>\n<p>Como explica LaLiga en su comunicado oficial, continuar\u00e1 aportando ayuda para emprender acciones legales frente a la pirater\u00eda:<\/p>\n<ul>\n<li>\u00abPara LALIGA y ALIANZA, el trabajo coordinado con autoridades de Brasil, Argentina, Ecuador y el resto de los pa\u00edses involucrados es clave para proteger el valor de los derechos audiovisuales, garantizar que los clubes y las ligas reciban una remuneraci\u00f3n justa por sus competiciones y asegurar que los aficionados accedan a las transmisiones en entornos seguros y legales. La combinaci\u00f3n de investigaci\u00f3n t\u00e9cnica, acciones judiciales y cooperaci\u00f3n internacional refuerza un mensaje claro: la pirater\u00eda audiovisual tiene consecuencias y no es una zona libre de responsabilidad\u00ab.<\/li>\n<\/ul>\n<p>M\u00e1s acciones en Argentina y Ecuador<\/p>\n<p>En el caso de Argentina, durante la octava fase de la Operaci\u00f3n 404 se ha desarticulado<strong> una red de aplicaciones de pirater\u00eda audiovisual<\/strong> que contaba con m\u00e1s de 5 millones de descargas. Estas aplicaciones emit\u00edan partidos de f\u00fatbol de forma ilegal, as\u00ed como otros deportes. Tambi\u00e9n contaban con pel\u00edculas, series y televisi\u00f3n en directo. Y no fue lo \u00fanico que se hizo, en la nota oficial se explica que \u00ablos operativos se realizaron en la ciudad santacruce\u00f1a de R\u00edo Gallegos, donde tres personas fueron aprehendidas por su presunta vinculaci\u00f3n con la operaci\u00f3n de estas plataformas\u00ab.<\/p>\n<p>Y ya en Ecuador, se dio el primer hito en la Operaci\u00f3n 404. B\u00e1sicamente, porque se logr\u00f3 acabar con la conocida plataforma ilegal de streaming Tele Latino \u2013con al menos diez URLs diferentes\u2013 que retransmit\u00eda televisi\u00f3n en vivo, as\u00ed como pel\u00edculas, series y emisiones deportivas de diferentes competiciones. Seg\u00fan los datos de ALIANZA, \u00abla pirater\u00eda audiovisual tiene un impacto estructural en el pa\u00eds: <strong>alrededor del 65% de los hogares con banda ancha accede a servicios ilegales<\/strong> o se\u00f1ales robadas, y aproximadamente dos tercios de los hogares con banda ancha consumen contenidos audiovisuales provistos por la pirater\u00eda\u00ab.<\/p>\n","protected":false},"excerpt":{"rendered":"Una nueva operaci\u00f3n de LaLiga, de la mano de ALIANZA (Alianza contra la Pirater\u00eda Audiovisual), hace posible que&hellip;\n","protected":false},"author":2,"featured_media":266083,"comment_status":"","ping_status":"","sticky":false,"template":"","format":"standard","meta":{"footnotes":""},"categories":[268],"tags":[168,25,24,280,282,281,23,167],"class_list":{"0":"post-266082","1":"post","2":"type-post","3":"status-publish","4":"format-standard","5":"has-post-thumbnail","7":"category-futbol","8":"tag-deportes","9":"tag-es","10":"tag-espana","11":"tag-football","12":"tag-futbol","13":"tag-soccer","14":"tag-spain","15":"tag-sports"},"share_on_mastodon":{"url":"https:\/\/pubeurope.com\/@es\/115646328365897349","error":""},"_links":{"self":[{"href":"https:\/\/www.europesays.com\/es\/wp-json\/wp\/v2\/posts\/266082","targetHints":{"allow":["GET"]}}],"collection":[{"href":"https:\/\/www.europesays.com\/es\/wp-json\/wp\/v2\/posts"}],"about":[{"href":"https:\/\/www.europesays.com\/es\/wp-json\/wp\/v2\/types\/post"}],"author":[{"embeddable":true,"href":"https:\/\/www.europesays.com\/es\/wp-json\/wp\/v2\/users\/2"}],"replies":[{"embeddable":true,"href":"https:\/\/www.europesays.com\/es\/wp-json\/wp\/v2\/comments?post=266082"}],"version-history":[{"count":0,"href":"https:\/\/www.europesays.com\/es\/wp-json\/wp\/v2\/posts\/266082\/revisions"}],"wp:featuredmedia":[{"embeddable":true,"href":"https:\/\/www.europesays.com\/es\/wp-json\/wp\/v2\/media\/266083"}],"wp:attachment":[{"href":"https:\/\/www.europesays.com\/es\/wp-json\/wp\/v2\/media?parent=266082"}],"wp:term":[{"taxonomy":"category","embeddable":true,"href":"https:\/\/www.europesays.com\/es\/wp-json\/wp\/v2\/categories?post=266082"},{"taxonomy":"post_tag","embeddable":true,"href":"https:\/\/www.europesays.com\/es\/wp-json\/wp\/v2\/tags?post=266082"}],"curies":[{"name":"wp","href":"https:\/\/api.w.org\/{rel}","templated":true}]}}