{"id":266084,"date":"2025-12-01T21:01:14","date_gmt":"2025-12-01T21:01:14","guid":{"rendered":"https:\/\/www.europesays.com\/es\/266084\/"},"modified":"2025-12-01T21:01:14","modified_gmt":"2025-12-01T21:01:14","slug":"alberto-chicote-es-cristalino-al-responder-que-le-parece-que-buenafuente-y-silvia-abril-presenten-las-campanadas","status":"publish","type":"post","link":"https:\/\/www.europesays.com\/es\/266084\/","title":{"rendered":"Alberto Chicote es cristalino al responder qu\u00e9 le parece que Buenafuente y Silvia Abril presenten las campanadas"},"content":{"rendered":"<p>Son ya diez a\u00f1os. Este 2025 <b><a href=\"https:\/\/www.huffingtonpost.es\/virales\/alberto-chicote-cuando-hay-gente-cobra-decirle-otros-ese-restaurante-esta-deja-credibilidad.html\" rel=\"nofollow noopener\" target=\"_blank\">el chef Alberto Chicote <\/a>y Cristina Pedroche volver\u00e1n a la televisi\u00f3n para dar las campanadas<\/b> y recibir el nuevo a\u00f1o en Antena 3. Este a\u00f1o ser\u00e1 de forma simult\u00e1nea con La Sexta y enfrentar\u00e1n un gran y nuevo reto frente a los nuevos presentadores de las campanadas en Televisi\u00f3n Espa\u00f1ola, la pareja de Andreu Buenafuente y Silvia Abril.<\/p>\n<p>Durante la celebraci\u00f3n del Atresplayer Day en Gran Canaria le han preguntado <b>qu\u00e9 opina del t\u00e1ndem Buenafuente-Silvia Abril de cara a las campanadas<\/b>, sobre todo porque van a ser sus rivales durante la Nochevieja. Chicote, con toda la sinceridad del mundo, ha hecho una descripci\u00f3n de ambos lleno de halagos.<\/p>\n<p>\u00abMe parece bien.<b> Profesionales como la copa de un pino.<\/b> \u00bfD\u00f3nde va a parar? Vamos, para m\u00ed es un alegr\u00f3n tener en otra cadena a gente tan, tan, tan buena. De lujo\u00bb, ha pronunciado el chef en primera instancia.<\/p>\n<p>\u00abBuenafuente es un t\u00edo elegante\u00bb<\/p>\n<p>Ha descrito hasta d\u00f3nde van a estar: \u00abVan a estar al otro lado de la calle, nosotros estamos <a href=\"https:\/\/www.huffingtonpost.es\/virales\/jordi-cruz-dice-hacian-14-horas-dia-solo-ocho-alberto-chicote-responde.html\" rel=\"nofollow noopener\" target=\"_blank\">en la terraza de lo que era mi restaurante<\/a> antes y ellos est\u00e1n al otro lado\u00bb.\u00a0<\/p>\n<p>M\u00e1s tarde le han preguntado por la posibilidad de que les saluden, en referencia al ic\u00f3nico momento de las pasadas campanadas en las que el presentador de televisi\u00f3n David Broncano y la humorista Lalach\u00fas les saludaron desde su terraza.<\/p>\n<p><b>\u00abNo lo creo, no, no. Buenafuente es un t\u00edo elegante de cojones\u00bb<\/b>, ha rematado Chicote ante el corrillo de periodistas.<\/p>\n<p>Los presentadores de las campanadas<\/p>\n<p>Ya se sabe que en La 1 estar\u00e1n Andreu Buenafuente y Silvia Abril, mientras que en Antena 3 repiten por d\u00e9cimo a\u00f1o consecutivo Alberto Chicote y Cristina Pedroche. En Telecinco y Cuatro los elegidos han sido Sandra Barneda y Xuso Jones.<\/p>\n<p>La ganadora de Operaci\u00f3n Triunfo 2020, Nia y el cantante St. Pedro ser\u00e1n los encargados de presentar las campanadas en las Islas Canarias.<\/p>\n","protected":false},"excerpt":{"rendered":"Son ya diez a\u00f1os. Este 2025 el chef Alberto Chicote y Cristina Pedroche volver\u00e1n a la televisi\u00f3n para&hellip;\n","protected":false},"author":2,"featured_media":266085,"comment_status":"","ping_status":"","sticky":false,"template":"","format":"standard","meta":{"footnotes":""},"categories":[174],"tags":[17575,2058,48603,255,146,147,25,24,256,1271,23],"class_list":{"0":"post-266084","1":"post","2":"type-post","3":"status-publish","4":"format-standard","5":"has-post-thumbnail","7":"category-famosos","8":"tag-alberto-chicote","9":"tag-andreu-buenafuente","10":"tag-campanadas","11":"tag-celebrities","12":"tag-entertainment","13":"tag-entretenimiento","14":"tag-es","15":"tag-espana","16":"tag-famosos","17":"tag-silvia-abril","18":"tag-spain"},"share_on_mastodon":{"url":"https:\/\/pubeurope.com\/@es\/115646333311725962","error":""},"_links":{"self":[{"href":"https:\/\/www.europesays.com\/es\/wp-json\/wp\/v2\/posts\/266084","targetHints":{"allow":["GET"]}}],"collection":[{"href":"https:\/\/www.europesays.com\/es\/wp-json\/wp\/v2\/posts"}],"about":[{"href":"https:\/\/www.europesays.com\/es\/wp-json\/wp\/v2\/types\/post"}],"author":[{"embeddable":true,"href":"https:\/\/www.europesays.com\/es\/wp-json\/wp\/v2\/users\/2"}],"replies":[{"embeddable":true,"href":"https:\/\/www.europesays.com\/es\/wp-json\/wp\/v2\/comments?post=266084"}],"version-history":[{"count":0,"href":"https:\/\/www.europesays.com\/es\/wp-json\/wp\/v2\/posts\/266084\/revisions"}],"wp:featuredmedia":[{"embeddable":true,"href":"https:\/\/www.europesays.com\/es\/wp-json\/wp\/v2\/media\/266085"}],"wp:attachment":[{"href":"https:\/\/www.europesays.com\/es\/wp-json\/wp\/v2\/media?parent=266084"}],"wp:term":[{"taxonomy":"category","embeddable":true,"href":"https:\/\/www.europesays.com\/es\/wp-json\/wp\/v2\/categories?post=266084"},{"taxonomy":"post_tag","embeddable":true,"href":"https:\/\/www.europesays.com\/es\/wp-json\/wp\/v2\/tags?post=266084"}],"curies":[{"name":"wp","href":"https:\/\/api.w.org\/{rel}","templated":true}]}}