{"id":266086,"date":"2025-12-01T21:02:37","date_gmt":"2025-12-01T21:02:37","guid":{"rendered":"https:\/\/www.europesays.com\/es\/266086\/"},"modified":"2025-12-01T21:02:37","modified_gmt":"2025-12-01T21:02:37","slug":"parque-provincial-urugua-i-amplificadores-de-paisaje-enne-arquitectura","status":"publish","type":"post","link":"https:\/\/www.europesays.com\/es\/266086\/","title":{"rendered":"Parque Provincial Urugua-\u00ed: amplificadores de paisaje \/ ENNE Arquitectura"},"content":{"rendered":"<p><a class=\"js-image-size__link \" href=\"https:\/\/www.archdaily.cl\/cl\/1036543\/parque-provincial-urugua-i-amplificadores-de-paisaje-enne-arquitectura\/692d6643049e220001083a6c-parque-provincial-urugua-i-amplificadores-de-paisaje-enne-arquitectura-foto\" rel=\"attachment nofollow noopener\" style=\"width: 100%; height: 100%;\" target=\"_blank\"><img decoding=\"async\" alt=\"Parque Provincial Urugua-\u00ed: amplificadores de paisaje \/ ENNE Arquitectura - Imagen 1 de 29\" data-nr-picture-id=\"692d6643049e220001083a6c\" fetchpriority=\"high\" height=\"426\" itemprop=\"image\" loading=\"eager\" longdesc=\"https:\/\/www.archdaily.cl\/cl\/1036543\/parque-provincial-urugua-i-amplificadores-de-paisaje-enne-arquitectura\/692d6643049e220001083a6c-parque-provincial-urugua-i-amplificadores-de-paisaje-enne-arquitectura-foto\" src=\"https:\/\/www.europesays.com\/es\/wp-content\/uploads\/2025\/12\/03.jpg\" style=\"min-height: var(--featured-height, auto); aspect-ratio: auto 640 \/ 426\" width=\"640\"\/><\/a>\u00a9 Leonardo M\u00e9ndez (PESKAMBOI)<\/p>\n<p class=\"thumbs afd-desktop-e clearfix\"><a class=\"thumbs__link\" data-nr-picture-id=\"692d6644049e220001083a70\" href=\"https:\/\/www.archdaily.cl\/cl\/1036543\/parque-provincial-urugua-i-amplificadores-de-paisaje-enne-arquitectura\/692d6644049e220001083a70-parque-provincial-urugua-i-amplificadores-de-paisaje-enne-arquitectura-foto\" rel=\"attachment nofollow noopener\" target=\"_blank\"><img loading=\"lazy\" decoding=\"async\" alt=\"Parque Provincial Urugua-\u00ed: amplificadores de paisaje \/ ENNE Arquitectura - Imagen 2 de 29\" class=\"thumbs__img b-lazy\" data-nr-picture-id=\"692d6644049e220001083a70\" data-pin-nopin=\"true\" src=\"https:\/\/www.europesays.com\/es\/wp-content\/uploads\/2025\/12\/07.jpg\" height=\"125\" longdesc=\"https:\/\/www.archdaily.cl\/cl\/1036543\/parque-provincial-urugua-i-amplificadores-de-paisaje-enne-arquitectura\/692d6644049e220001083a70-parque-provincial-urugua-i-amplificadores-de-paisaje-enne-arquitectura-foto\" title=\"\u00a9 Leonardo M\u00e9ndez (PESKAMBOI)\" width=\"125\"\/><\/a><a class=\"thumbs__link\" data-nr-picture-id=\"692d6643049e220001083a6d\" href=\"https:\/\/www.archdaily.cl\/cl\/1036543\/parque-provincial-urugua-i-amplificadores-de-paisaje-enne-arquitectura\/692d6643049e220001083a6d-parque-provincial-urugua-i-amplificadores-de-paisaje-enne-arquitectura-foto\" rel=\"attachment nofollow noopener\" target=\"_blank\"><img loading=\"lazy\" decoding=\"async\" alt=\"Parque Provincial Urugua-\u00ed: amplificadores de paisaje \/ ENNE Arquitectura - Imagen 3 de 29\" class=\"thumbs__img b-lazy\" data-nr-picture-id=\"692d6643049e220001083a6d\" data-pin-nopin=\"true\" src=\"https:\/\/www.europesays.com\/es\/wp-content\/uploads\/2025\/12\/04.jpg\" height=\"125\" longdesc=\"https:\/\/www.archdaily.cl\/cl\/1036543\/parque-provincial-urugua-i-amplificadores-de-paisaje-enne-arquitectura\/692d6643049e220001083a6d-parque-provincial-urugua-i-amplificadores-de-paisaje-enne-arquitectura-foto\" title=\"\u00a9 Leonardo M\u00e9ndez (PESKAMBOI)\" width=\"125\"\/><\/a><a class=\"thumbs__link\" data-nr-picture-id=\"692d6647049e220001083a75\" href=\"https:\/\/www.archdaily.cl\/cl\/1036543\/parque-provincial-urugua-i-amplificadores-de-paisaje-enne-arquitectura\/692d6647049e220001083a75-parque-provincial-urugua-i-amplificadores-de-paisaje-enne-arquitectura-foto\" rel=\"attachment nofollow noopener\" target=\"_blank\"><img loading=\"lazy\" decoding=\"async\" alt=\"Parque Provincial Urugua-\u00ed: amplificadores de paisaje \/ ENNE Arquitectura - Fotograf\u00eda exterior, Madera\" class=\"thumbs__img b-lazy\" data-nr-picture-id=\"692d6647049e220001083a75\" data-pin-nopin=\"true\" src=\"https:\/\/www.europesays.com\/es\/wp-content\/uploads\/2025\/12\/12.jpg\" height=\"125\" longdesc=\"https:\/\/www.archdaily.cl\/cl\/1036543\/parque-provincial-urugua-i-amplificadores-de-paisaje-enne-arquitectura\/692d6647049e220001083a75-parque-provincial-urugua-i-amplificadores-de-paisaje-enne-arquitectura-foto\" title=\"\u00a9 Leonardo M\u00e9ndez (PESKAMBOI)\" width=\"125\"\/><\/a><a class=\"thumbs__link\" data-nr-picture-id=\"692d6a117d3e95473ea2d6ed\" href=\"https:\/\/www.archdaily.cl\/cl\/1036543\/parque-provincial-urugua-i-amplificadores-de-paisaje-enne-arquitectura\/692d6a117d3e95473ea2d6ed-parque-provincial-urugua-i-amplificadores-de-paisaje-enne-arquitectura-foto\" rel=\"attachment nofollow noopener\" target=\"_blank\"><img loading=\"lazy\" decoding=\"async\" alt=\"Parque Provincial Urugua-\u00ed: amplificadores de paisaje \/ ENNE Arquitectura - Fotograf\u00eda exterior, Madera, Bosque\" class=\"thumbs__img b-lazy\" data-nr-picture-id=\"692d6a117d3e95473ea2d6ed\" data-pin-nopin=\"true\" src=\"https:\/\/www.europesays.com\/es\/wp-content\/uploads\/2025\/12\/parque-provincial-urugua-i-amplificadores-de-paisaje-enne-arquitectura_23.jpg\" height=\"125\" longdesc=\"https:\/\/www.archdaily.cl\/cl\/1036543\/parque-provincial-urugua-i-amplificadores-de-paisaje-enne-arquitectura\/692d6a117d3e95473ea2d6ed-parque-provincial-urugua-i-amplificadores-de-paisaje-enne-arquitectura-foto\" title=\"\u00a9 Leonardo M\u00e9ndez (PESKAMBOI)\" width=\"125\"\/><\/a><a class=\"gallery-link afd-desktop-e\" href=\"https:\/\/www.archdaily.cl\/cl\/1036543\/parque-provincial-urugua-i-amplificadores-de-paisaje-enne-arquitectura\/692d6643049e220001083a6c-parque-provincial-urugua-i-amplificadores-de-paisaje-enne-arquitectura-foto\" rel=\"nofollow noopener\" target=\"_blank\"><img decoding=\"async\" alt=\"Parque Provincial Urugua-\u00ed: amplificadores de paisaje \/ ENNE Arquitectura - M\u00e1s Im\u00e1genes\" class=\"thumbs__img b-lazy\" src=\"https:\/\/www.europesays.com\/es\/wp-content\/uploads\/2025\/12\/03.jpg\" itemprop=\"image\" bad-src=\"data:image\/gif;base64,R0lGODlhAQABAIAAAAUEBAAAACwAAAAAAQABAAACAkQBADs=\"\/>+ 24<\/a><\/p>\n<p>    Compartir<\/p>\n<p>Compartir<\/p>\n<ul class=\"afd-share__networks clearfix\">\n<li class=\"afd-share__social\"><a aria-label=\"Facebook\" class=\"afd-share__button\" data-insights-category=\"share\" data-insights-label=\"facebook_sharing_options\" data-insights-value=\"1036543\" data-social=\"facebook\" href=\"https:\/\/www.facebook.com\/sharer\/sharer.php?u=https:\/\/www.archdaily.cl\/cl\/1036543\/parque-provincial-urugua-i-amplificadores-de-paisaje-enne-arquitectura\" rel=\"nofollow noopener\" target=\"_blank\"><\/a>\n<p>Facebook<\/p>\n<\/li>\n<li class=\"afd-share__social\"><a aria-label=\"Twitter\" class=\"afd-share__button\" data-insights-category=\"share\" data-insights-label=\"twitter_sharing_options\" data-insights-value=\"1036543\" data-social=\"twitter\" href=\"https:\/\/twitter.com\/intent\/tweet?text=Parque%20Provincial%20Urugua-%C3%AD%3A%20amplificadores%20de%20paisaje%20%2F%20ENNE%20Arquitectura&amp;url=https:\/\/www.archdaily.cl\/cl\/1036543\/parque-provincial-urugua-i-amplificadores-de-paisaje-enne-arquitectura&amp;via=parq\" rel=\"nofollow noopener\" target=\"_blank\"><\/a>\n<p>Twitter<\/p>\n<\/li>\n<li class=\"afd-share__social\"><a class=\"afd-share__button\" data-insights-category=\"share\" data-insights-label=\"email_sharing_options\" data-insights-value=\"1036543\" data-social=\"email\" href=\"mailto:?subject=Parque Provincial Urugua-\u00ed: amplificadores de paisaje \/ ENNE Arquitectura&amp;body=https:\/\/www.archdaily.cl\/cl\/1036543\/parque-provincial-urugua-i-amplificadores-de-paisaje-enne-arquitectura\"><\/a>\n<p>Mail<\/p>\n<\/li>\n<li class=\"afd-share__social\"><a aria-label=\"Pinterest\" class=\"afd-share__button\" data-insights-category=\"share\" data-insights-label=\"pinterest_sharing_options\" data-insights-value=\"1036543\" data-social=\"pinterest\" href=\"https:\/\/pinterest.com\/pin\/create\/button\/?url=https%3A%2F%2Fwww.archdaily.cl%2Fcl%2F1036543%2Fparque-provincial-urugua-i-amplificadores-de-paisaje-enne-arquitectura&amp;media=https%3A%2F%2Fimages.adsttc.com%2Fmedia%2Fimages%2F692d%2F6643%2F049e%2F2200%2F0108%2F3a6c%2Flarge_jpg%2F03.jpg%3F1764584285&amp;description=Parque%20Provincial%20Urugua-%C3%AD%3A%20amplificadores%20de%20paisaje%20%2F%20ENNE%20Arquitectura\" rel=\"nofollow noopener\" target=\"_blank\"><\/a>\n<p>Pinterest<\/p>\n<\/li>\n<li class=\"afd-share__social\"><a aria-label=\"Whatsapp\" class=\"afd-share__button\" data-action=\"share\/whatsapp\/share\" data-insights-category=\"share\" data-insights-label=\"whatsapp_sharing_options\" data-insights-value=\"1036543\" data-social=\"whatsapp\" href=\"whatsapp:\/\/send?text=Parque+Provincial+Urugua-%C3%AD%3A+amplificadores+de+paisaje+%2F+ENNE+Arquitectura+%7C+https%3A%2F%2Fwww.archdaily.cl%2Fcl%2F1036543%2Fparque-provincial-urugua-i-amplificadores-de-paisaje-enne-arquitectura%3Futm_source%3DWhatsapp%26utm_medium%3DIM%26utm_campaign%3Dshare-button\" rel=\"nofollow\"><\/a>\n<p>Whatsapp<\/p>\n<\/li>\n<\/ul>\n<p>O<\/p>\n<p>https:\/\/www.archdaily.cl\/cl\/1036543\/parque-provincial-urugua-i-amplificadores-de-paisaje-enne-arquitectura<\/p>\n<p>  Portapapeles<\/p>\n<p>              \u00abCOPY\u00bb<\/p>\n<p>Copiar<\/p>\n<ul class=\"afd-char-list afd-specs__item-container js-char-list\" wp_automatic_readability=\"-0.83061889250814\">\n<li class=\"afd-specs__item\">\n<\/li>\n<li class=\"afd-specs__item\">\n  \u00c1rea<br \/>\n  \u00c1rea del proyecto de arquitectura <\/p>\n<p>\u00c1rea:\u00a0<br \/>\n        <a href=\"https:\/\/www.archdaily.cl\/search\/cl\/projects\/min_area\/600\/max_area\/900?ad_name=project-specs&amp;ad_medium=single\" rel=\"nofollow noopener\" target=\"_blank\">750<\/a> m\u00b2<\/li>\n<li class=\"afd-specs__item\">\n<p>  A\u00f1o<br \/>\n  A\u00f1o del Proyecto de arquitectura<\/p>\n<p>            A\u00f1o:\u00a0<\/p>\n<p>                    <a href=\"https:\/\/www.archdaily.cl\/search\/cl\/projects\/year\/2024?ad_name=project-specs&amp;ad_medium=single\" rel=\"nofollow noopener\" target=\"_blank\"><br \/>\n          2024<br \/>\n        <\/a><\/p>\n<\/li>\n<li class=\"afd-specs__item\">\n<p>  Fot\u00f3grafos<\/p>\n<\/li>\n<li class=\"afd-specs__item\" wp_automatic_readability=\"1\">\n<p>  Proveedores<br \/>\n  Marcas y productos usados en este proyecto de arquitectura<\/p>\n<p>Proveedores: \u00a0Cetol, Loma Negra, Ternium<\/p>\n<\/li>\n<\/ul>\n<p><a class=\"js-image-size__link lazy-anchor\" href=\"https:\/\/www.archdaily.cl\/cl\/1036543\/parque-provincial-urugua-i-amplificadores-de-paisaje-enne-arquitectura\/692d6643049e220001083a6b-parque-provincial-urugua-i-amplificadores-de-paisaje-enne-arquitectura-foto\" rel=\"nofollow noopener\" target=\"_blank\"><img decoding=\"async\" alt=\"Parque Provincial Urugua-\u00ed: amplificadores de paisaje \/ ENNE Arquitectura - Fotograf\u00eda exterior, Bosque\" data-nr-picture-id=\"692d6643049e220001083a6b\" height=\"427\" itemprop=\"image\" loading=\"lazy\" longdesc=\"https:\/\/www.archdaily.cl\/cl\/1036543\/parque-provincial-urugua-i-amplificadores-de-paisaje-enne-arquitectura\/692d6643049e220001083a6b-parque-provincial-urugua-i-amplificadores-de-paisaje-enne-arquitectura-foto\" src=\"https:\/\/www.europesays.com\/es\/wp-content\/uploads\/2025\/12\/02.jpg\" width=\"640\"\/>\u00a9 Leonardo M\u00e9ndez (PESKAMBOI)<\/a><\/p>\n<p>Descripci\u00f3n enviada por el equipo del proyecto. Localizado en el noreste de Misiones (Argentina), territorio de los municipios de Andresito y San Antonio, es <strong>una de las principales reservas naturales de la provincia<\/strong>. Posee una extensi\u00f3n de 84 mil hect\u00e1reas, que junto a las 65 mil que posee el Parque Nacional Iguaz\u00fa, se convierten en el principal vestigio de lo que fuera el bosque atl\u00e1ntico; ya que, en los pa\u00edses lim\u00edtrofes, Paraguay y Brasil, la misma ha sido sustituida por el avance de la frontera agr\u00edcola. <\/p>\n<p><a class=\"js-image-size__link lazy-anchor\" href=\"https:\/\/www.archdaily.cl\/cl\/1036543\/parque-provincial-urugua-i-amplificadores-de-paisaje-enne-arquitectura\/692d6643049e220001083a6d-parque-provincial-urugua-i-amplificadores-de-paisaje-enne-arquitectura-foto\" rel=\"nofollow noopener\" target=\"_blank\"><img decoding=\"async\" alt=\"Parque Provincial Urugua-\u00ed: amplificadores de paisaje \/ ENNE Arquitectura - Imagen 3 de 29\" data-nr-picture-id=\"692d6643049e220001083a6d\" height=\"427\" itemprop=\"image\" loading=\"lazy\" longdesc=\"https:\/\/www.archdaily.cl\/cl\/1036543\/parque-provincial-urugua-i-amplificadores-de-paisaje-enne-arquitectura\/692d6643049e220001083a6d-parque-provincial-urugua-i-amplificadores-de-paisaje-enne-arquitectura-foto\" src=\"https:\/\/www.europesays.com\/es\/wp-content\/uploads\/2025\/12\/1764622946_594_04.jpg\" width=\"640\"\/>\u00a9 Leonardo M\u00e9ndez (PESKAMBOI)<\/a><\/p>\n<p>En el parque, debido a la pureza de su suelo y cursos h\u00eddricos, existe una rica biodiversidad donde habitan infinitas especies de flora y fauna. Ello posibilita las <strong>actividades de avistamiento y estudios de la flora y fauna de la selva paranaense<\/strong>, convirtiendo al parque en punto de destino, principalmente, del visitante cient\u00edfico (profesionales y personas afines a la biolog\u00eda y ciencias ambientales). Con el fin de diversificar el perfil del visitante, generar actividades de concientizaci\u00f3n y de protecci\u00f3n del ambiente a un p\u00fablico mayoritario y, que la actividad tur\u00edstica genere recursos que hagan sostenible el cuidado de las instalaciones, el Estado Provincial encar\u00f3 <strong>la puesta en valor de las instalaciones y la incorporaci\u00f3n de nueva infraestructura de observaci\u00f3<\/strong>n.<\/p>\n<p><a class=\"js-image-size__link lazy-anchor\" href=\"https:\/\/www.archdaily.cl\/cl\/1036543\/parque-provincial-urugua-i-amplificadores-de-paisaje-enne-arquitectura\/692d6644049e220001083a70-parque-provincial-urugua-i-amplificadores-de-paisaje-enne-arquitectura-foto\" rel=\"nofollow noopener\" target=\"_blank\"><img decoding=\"async\" alt=\"Parque Provincial Urugua-\u00ed: amplificadores de paisaje \/ ENNE Arquitectura - Imagen 2 de 29\" data-nr-picture-id=\"692d6644049e220001083a70\" height=\"427\" itemprop=\"image\" loading=\"lazy\" longdesc=\"https:\/\/www.archdaily.cl\/cl\/1036543\/parque-provincial-urugua-i-amplificadores-de-paisaje-enne-arquitectura\/692d6644049e220001083a70-parque-provincial-urugua-i-amplificadores-de-paisaje-enne-arquitectura-foto\" src=\"https:\/\/www.europesays.com\/es\/wp-content\/uploads\/2025\/12\/1764622947_797_07.jpg\" width=\"640\"\/>\u00a9 Leonardo M\u00e9ndez (PESKAMBOI)<\/a><a class=\"js-image-size__link lazy-anchor\" href=\"https:\/\/www.archdaily.cl\/cl\/1036543\/parque-provincial-urugua-i-amplificadores-de-paisaje-enne-arquitectura\/692d6644049e220001083a6e-parque-provincial-urugua-i-amplificadores-de-paisaje-enne-arquitectura-foto\" rel=\"nofollow noopener\" target=\"_blank\"><img decoding=\"async\" alt=\"Parque Provincial Urugua-\u00ed: amplificadores de paisaje \/ ENNE Arquitectura - Imagen 8 de 29\" data-nr-picture-id=\"692d6644049e220001083a6e\" height=\"427\" itemprop=\"image\" loading=\"lazy\" longdesc=\"https:\/\/www.archdaily.cl\/cl\/1036543\/parque-provincial-urugua-i-amplificadores-de-paisaje-enne-arquitectura\/692d6644049e220001083a6e-parque-provincial-urugua-i-amplificadores-de-paisaje-enne-arquitectura-foto\" src=\"https:\/\/www.europesays.com\/es\/wp-content\/uploads\/2025\/12\/05.jpg\" width=\"640\"\/>\u00a9 Leonardo M\u00e9ndez (PESKAMBOI)<\/a><a class=\"js-image-size__link lazy-anchor\" href=\"https:\/\/www.archdaily.cl\/cl\/1036543\/parque-provincial-urugua-i-amplificadores-de-paisaje-enne-arquitectura\/692d6646049e220001083a74-parque-provincial-urugua-i-amplificadores-de-paisaje-enne-arquitectura-foto\" rel=\"nofollow noopener\" target=\"_blank\"><img decoding=\"async\" alt=\"Parque Provincial Urugua-\u00ed: amplificadores de paisaje \/ ENNE Arquitectura - Fotograf\u00eda exterior, Madera\" data-nr-picture-id=\"692d6646049e220001083a74\" height=\"427\" itemprop=\"image\" loading=\"lazy\" longdesc=\"https:\/\/www.archdaily.cl\/cl\/1036543\/parque-provincial-urugua-i-amplificadores-de-paisaje-enne-arquitectura\/692d6646049e220001083a74-parque-provincial-urugua-i-amplificadores-de-paisaje-enne-arquitectura-foto\" src=\"https:\/\/www.europesays.com\/es\/wp-content\/uploads\/2025\/12\/11.jpg\" width=\"640\"\/>\u00a9 Leonardo M\u00e9ndez (PESKAMBOI)<\/a><\/p>\n<p>Toda esta obra se aloja en el \u00e1rea de uso intensivo del parque, donde est\u00e1n permitidas las actividades humanas. El sitio ya estaba contado. <strong>Patrimonio futuro de las nuevas generaciones, que quiz\u00e1s puedan reconfigurar la manera en la que consumimos los recursos del planeta, y de convivir entres seres humanos y no-humanos.<\/strong> En ese sentido, <strong>el proyecto se reduce a estrategias que se apoyan sobre la preexistencia construida y nuevas con criterios de reversibilidad.<\/strong> <strong>Un manto de piedra bas\u00e1ltica, sobre la huella de la calle terrada, estructura el espacio accesible al p\u00fablico, conectando edificios existentes con los nuevos. <\/strong><\/p>\n<p><a class=\"js-image-size__link lazy-anchor\" href=\"https:\/\/www.archdaily.cl\/cl\/1036543\/parque-provincial-urugua-i-amplificadores-de-paisaje-enne-arquitectura\/692d6a777d3e95473ea2d6ee-parque-provincial-urugua-i-amplificadores-de-paisaje-enne-arquitectura-axonometria-constructiva-2\" rel=\"nofollow noopener\" target=\"_blank\"><img decoding=\"async\" alt=\"Parque Provincial Urugua-\u00ed: amplificadores de paisaje \/ ENNE Arquitectura - Imagen 29 de 29\" data-nr-picture-id=\"692d6a777d3e95473ea2d6ee\" height=\"427\" itemprop=\"image\" loading=\"lazy\" longdesc=\"https:\/\/www.archdaily.cl\/cl\/1036543\/parque-provincial-urugua-i-amplificadores-de-paisaje-enne-arquitectura\/692d6a777d3e95473ea2d6ee-parque-provincial-urugua-i-amplificadores-de-paisaje-enne-arquitectura-axonometria-constructiva-2\" src=\"https:\/\/www.europesays.com\/es\/wp-content\/uploads\/2025\/12\/05-axo-constructiva-2-result-26.jpg\" width=\"640\"\/>Axonometria &#8211; constructiva 2<\/a><a class=\"js-image-size__link lazy-anchor\" href=\"https:\/\/www.archdaily.cl\/cl\/1036543\/parque-provincial-urugua-i-amplificadores-de-paisaje-enne-arquitectura\/692d6648049e220001083a81-parque-provincial-urugua-i-amplificadores-de-paisaje-enne-arquitectura-axonometria-existente\" rel=\"nofollow noopener\" target=\"_blank\"><img decoding=\"async\" alt=\"Parque Provincial Urugua-\u00ed: amplificadores de paisaje \/ ENNE Arquitectura - Imagen 26 de 29\" data-nr-picture-id=\"692d6648049e220001083a81\" height=\"427\" itemprop=\"image\" loading=\"lazy\" longdesc=\"https:\/\/www.archdaily.cl\/cl\/1036543\/parque-provincial-urugua-i-amplificadores-de-paisaje-enne-arquitectura\/692d6648049e220001083a81-parque-provincial-urugua-i-amplificadores-de-paisaje-enne-arquitectura-axonometria-existente\" src=\"https:\/\/www.europesays.com\/es\/wp-content\/uploads\/2025\/12\/02.Axo_existente.jpg\" width=\"640\"\/>Axonometria &#8211; existente<\/a><a class=\"js-image-size__link lazy-anchor\" href=\"https:\/\/www.archdaily.cl\/cl\/1036543\/parque-provincial-urugua-i-amplificadores-de-paisaje-enne-arquitectura\/692d6a777d3e955b05f631d6-parque-provincial-urugua-i-amplificadores-de-paisaje-enne-arquitectura-axonometria-constructiva\" rel=\"nofollow noopener\" target=\"_blank\"><img decoding=\"async\" alt=\"Parque Provincial Urugua-\u00ed: amplificadores de paisaje \/ ENNE Arquitectura - Imagen 28 de 29\" data-nr-picture-id=\"692d6a777d3e955b05f631d6\" height=\"427\" itemprop=\"image\" loading=\"lazy\" longdesc=\"https:\/\/www.archdaily.cl\/cl\/1036543\/parque-provincial-urugua-i-amplificadores-de-paisaje-enne-arquitectura\/692d6a777d3e955b05f631d6-parque-provincial-urugua-i-amplificadores-de-paisaje-enne-arquitectura-axonometria-constructiva\" src=\"https:\/\/www.europesays.com\/es\/wp-content\/uploads\/2025\/12\/04-axo-constructiva-1-result-25.jpg\" width=\"640\"\/>Axonometria &#8211; constructiva<\/a><\/p>\n<p>El solado de piedra permite la firmeza al transitar, sin perder la permeabilidad del suelo; y, en el tiempo, se funde con el sotobosque del monte. Los dispositivos de avistamiento, amplificadores de paisaje, son materializados en madera de reforestaci\u00f3n (pino taeda). Esta decisi\u00f3n posibilita que su construcci\u00f3n no requiera de mano de obra calificada, en una obra ubicada muy distante de los centros urbanos, ya que est\u00e1 resuelta con t\u00e9cnicas conocidas por los pobladores de la zona. Los elementos resueltos en hormig\u00f3n armado responden a mayores solicitaciones estructurales: las crecidas del arroyo Uruz\u00fa y la altura, en el portal-mirador de acceso. <\/p>\n<p><a class=\"js-image-size__link lazy-anchor\" href=\"https:\/\/www.archdaily.cl\/cl\/1036543\/parque-provincial-urugua-i-amplificadores-de-paisaje-enne-arquitectura\/692d6648049e220001083a7c-parque-provincial-urugua-i-amplificadores-de-paisaje-enne-arquitectura-foto\" rel=\"nofollow noopener\" target=\"_blank\"><img decoding=\"async\" alt=\"Parque Provincial Urugua-\u00ed: amplificadores de paisaje \/ ENNE Arquitectura - Fotograf\u00eda exterior, Madera\" data-nr-picture-id=\"692d6648049e220001083a7c\" height=\"427\" itemprop=\"image\" loading=\"lazy\" longdesc=\"https:\/\/www.archdaily.cl\/cl\/1036543\/parque-provincial-urugua-i-amplificadores-de-paisaje-enne-arquitectura\/692d6648049e220001083a7c-parque-provincial-urugua-i-amplificadores-de-paisaje-enne-arquitectura-foto\" src=\"https:\/\/www.europesays.com\/es\/wp-content\/uploads\/2025\/12\/19.jpg\" width=\"640\"\/>\u00a9 Leonardo M\u00e9ndez (PESKAMBOI)<\/a><a class=\"js-image-size__link lazy-anchor\" href=\"https:\/\/www.archdaily.cl\/cl\/1036543\/parque-provincial-urugua-i-amplificadores-de-paisaje-enne-arquitectura\/692d6646049e220001083a72-parque-provincial-urugua-i-amplificadores-de-paisaje-enne-arquitectura-foto\" rel=\"nofollow noopener\" target=\"_blank\"><img decoding=\"async\" alt=\"Parque Provincial Urugua-\u00ed: amplificadores de paisaje \/ ENNE Arquitectura - Fotograf\u00eda interior, Madera, Vidrio\" data-nr-picture-id=\"692d6646049e220001083a72\" height=\"427\" itemprop=\"image\" loading=\"lazy\" longdesc=\"https:\/\/www.archdaily.cl\/cl\/1036543\/parque-provincial-urugua-i-amplificadores-de-paisaje-enne-arquitectura\/692d6646049e220001083a72-parque-provincial-urugua-i-amplificadores-de-paisaje-enne-arquitectura-foto\" src=\"https:\/\/www.europesays.com\/es\/wp-content\/uploads\/2025\/12\/09.jpg\" width=\"640\"\/>\u00a9 Leonardo M\u00e9ndez (PESKAMBOI)<\/a><\/p>\n<p>Sistema constructivo de tablas y tapajuntas (t\u00e9cnica ancestral de la zona), obras reversibles, infraestructura que se \u00abti\u00f1e\u00bb de monte con el paso del tiempo, consolidar y ocupar tanto huellas como vestigios existentes, <strong>responden a la reflexi\u00f3n de c\u00f3mo plantar edificios m\u00e1s que a la de planificar espacios en el territorio. Desaf\u00edo proyectual que depara el presente momento global para nuestra disciplina.<\/strong> <\/p>\n<p><a class=\"js-image-size__link lazy-anchor\" href=\"https:\/\/www.archdaily.cl\/cl\/1036543\/parque-provincial-urugua-i-amplificadores-de-paisaje-enne-arquitectura\/692d6646049e220001083a73-parque-provincial-urugua-i-amplificadores-de-paisaje-enne-arquitectura-foto\" rel=\"nofollow noopener\" target=\"_blank\"><img decoding=\"async\" alt=\"Parque Provincial Urugua-\u00ed: amplificadores de paisaje \/ ENNE Arquitectura - Imagen 22 de 29\" data-nr-picture-id=\"692d6646049e220001083a73\" height=\"427\" itemprop=\"image\" loading=\"lazy\" longdesc=\"https:\/\/www.archdaily.cl\/cl\/1036543\/parque-provincial-urugua-i-amplificadores-de-paisaje-enne-arquitectura\/692d6646049e220001083a73-parque-provincial-urugua-i-amplificadores-de-paisaje-enne-arquitectura-foto\" src=\"https:\/\/www.europesays.com\/es\/wp-content\/uploads\/2025\/12\/10.jpg\" width=\"640\"\/>\u00a9 Leonardo M\u00e9ndez (PESKAMBOI)<\/a><script async src=\"https:\/\/platform.twitter.com\/widgets.js\" charset=\"utf-8\"><\/script><\/p>\n","protected":false},"excerpt":{"rendered":"\u00a9 Leonardo M\u00e9ndez (PESKAMBOI) + 24 Compartir Compartir Facebook Twitter Mail Pinterest Whatsapp O https:\/\/www.archdaily.cl\/cl\/1036543\/parque-provincial-urugua-i-amplificadores-de-paisaje-enne-arquitectura Portapapeles \u00abCOPY\u00bb Copiar&hellip;\n","protected":false},"author":2,"featured_media":266087,"comment_status":"","ping_status":"","sticky":false,"template":"","format":"standard","meta":{"footnotes":""},"categories":[173],"tags":[801,229,233,231,230,232,234,146,147,25,24,9656,23],"class_list":{"0":"post-266086","1":"post","2":"type-post","3":"status-publish","4":"format-standard","5":"has-post-thumbnail","7":"category-arte-y-diseno","8":"tag-arquitectura","9":"tag-arte","10":"tag-arte-y-diseno","11":"tag-arts","12":"tag-arts-and-design","13":"tag-design","14":"tag-diseno","15":"tag-entertainment","16":"tag-entretenimiento","17":"tag-es","18":"tag-espana","19":"tag-paisaje-y-arquitectura","20":"tag-spain"},"share_on_mastodon":{"url":"https:\/\/pubeurope.com\/@es\/115646336686492289","error":""},"_links":{"self":[{"href":"https:\/\/www.europesays.com\/es\/wp-json\/wp\/v2\/posts\/266086","targetHints":{"allow":["GET"]}}],"collection":[{"href":"https:\/\/www.europesays.com\/es\/wp-json\/wp\/v2\/posts"}],"about":[{"href":"https:\/\/www.europesays.com\/es\/wp-json\/wp\/v2\/types\/post"}],"author":[{"embeddable":true,"href":"https:\/\/www.europesays.com\/es\/wp-json\/wp\/v2\/users\/2"}],"replies":[{"embeddable":true,"href":"https:\/\/www.europesays.com\/es\/wp-json\/wp\/v2\/comments?post=266086"}],"version-history":[{"count":0,"href":"https:\/\/www.europesays.com\/es\/wp-json\/wp\/v2\/posts\/266086\/revisions"}],"wp:featuredmedia":[{"embeddable":true,"href":"https:\/\/www.europesays.com\/es\/wp-json\/wp\/v2\/media\/266087"}],"wp:attachment":[{"href":"https:\/\/www.europesays.com\/es\/wp-json\/wp\/v2\/media?parent=266086"}],"wp:term":[{"taxonomy":"category","embeddable":true,"href":"https:\/\/www.europesays.com\/es\/wp-json\/wp\/v2\/categories?post=266086"},{"taxonomy":"post_tag","embeddable":true,"href":"https:\/\/www.europesays.com\/es\/wp-json\/wp\/v2\/tags?post=266086"}],"curies":[{"name":"wp","href":"https:\/\/api.w.org\/{rel}","templated":true}]}}