{"id":266088,"date":"2025-12-01T21:04:12","date_gmt":"2025-12-01T21:04:12","guid":{"rendered":"https:\/\/www.europesays.com\/es\/266088\/"},"modified":"2025-12-01T21:04:12","modified_gmt":"2025-12-01T21:04:12","slug":"carlo-padre-del-bebe-de-maria-fernandez-llega-a-palacio","status":"publish","type":"post","link":"https:\/\/www.europesays.com\/es\/266088\/","title":{"rendered":"Carlo, padre del beb\u00e9 de Mar\u00eda Fern\u00e1ndez, llega a palacio"},"content":{"rendered":"<p><strong>La Promesa<\/strong>, poco a poco y con el paso del tiempo, se ha convertido en una de las ficciones diarias que m\u00e1s \u00e9xito contin\u00faa cosechando en nuestro pa\u00eds. Estamos ante una historia que, pase lo que pase, est\u00e1 marcando un antes y un despu\u00e9s en numerosos aspectos. Y siendo honestos, no es para menos. El pasado viernes 28 de noviembre, los espectadores pudieron disfrutar del <a href=\"https:\/\/okdiario.com\/happyfm\/avance-del-capitulo-promesa-hoy-martina-jacobo-sinceran-sobre-futuro-15840416\" target=\"_blank\" rel=\"noopener noreferrer nofollow\">cap\u00edtulo 726<\/a> de La Promesa en La 1 de Televisi\u00f3n Espa\u00f1ola. De esta manera tan concreta, hemos sido testigos de c\u00f3mo<strong> Lope y Vera han decidido denunciar el robo de las recetas, pero no han logrado que la Guardia Civil les tome en serio.<\/strong> Mar\u00eda Fern\u00e1ndez ha querido confirmar a P\u00eda que ha reculado respecto a la oferta de Samuel, mientras que \u00e9l se muestra profundamente desubicado. <strong>Enora y To\u00f1o han empezado a indagar sobre la inesperada participaci\u00f3n de don Lisandro en la empresa de don Luis.<\/strong><\/p>\n<p><strong>Eso s\u00ed, a pesar de la promesa que la joven hizo al heredero del marquesado, ha optado por romper ese pacto a la hora de investigar por su cuenta.<\/strong> Un gesto que enfada enormemente a To\u00f1o. Ahora que los hijos de Catalina parecen haberse recuperado, <strong>Jacobo ha dado el important\u00edsimo paso de preguntar a Martina sobre su futuro como pareja<\/strong>. Es m\u00e1s, el joven est\u00e1 convencido de que ha llegado el momento m\u00e1s que perfecto para decidir, de una vez por todas, si se siguen queriendo como antes o, por el contrario, dan el paso de separar sus caminos. <strong>Una decisi\u00f3n que podr\u00eda llegar a marcar un antes y un despu\u00e9s en numerosos aspectos, qu\u00e9 duda cabe.<\/strong><\/p>\n<p>\u00bfQu\u00e9 sucede en el cap\u00edtulo 726 de \u2018La Promesa\u2019 que se emite hoy, lunes 1 de diciembre?<\/p>\n<p>De esta manera tan concreta, vamos a ser testigos de c\u00f3mo Jacobo y Martina contin\u00faan indecisos respecto a su futuro. <strong>A pesar de que creen que deben darse una nueva oportunidad, lo cierto es que la joven necesita mucho m\u00e1s tiempo para tomar una decisi\u00f3n.<\/strong> La gesti\u00f3n de las tierras consigue complicar el trato entre Adriano y Jacobo, por lo que Martina se ve en la obligaci\u00f3n de ejercer de mediadora.<\/p>\n<p>To\u00f1o confiesa a Manuel que Enora est\u00e1 m\u00e1s preocupada por mejorar el motor que en investigar la participaci\u00f3n de don Lisandro en la empresa de don Luis. Todo ello mientras la situaci\u00f3n de <strong>\u00c1ngela con Lorenzo ha llegado al muchacho a acudir a la ayuda de su hermano,<\/strong> mientras Crist\u00f3bal, junto a Teresa, ha anunciado el final de las libranzas, pero tambi\u00e9n la repentina llegada de un nuevo lacayo que deja completamente sin palabras a Mar\u00eda Fern\u00e1ndez. <strong>No te pierdas los pr\u00f3ximos cap\u00edtulos de La Promesa, cada tarde de lunes a viernes, en La 1 de Televisi\u00f3n Espa\u00f1ola.<\/strong><\/p>\n","protected":false},"excerpt":{"rendered":"La Promesa, poco a poco y con el paso del tiempo, se ha convertido en una de las&hellip;\n","protected":false},"author":2,"featured_media":266089,"comment_status":"","ping_status":"","sticky":false,"template":"","format":"standard","meta":{"footnotes":""},"categories":[171],"tags":[146,147,25,24,23,214],"class_list":{"0":"post-266088","1":"post","2":"type-post","3":"status-publish","4":"format-standard","5":"has-post-thumbnail","7":"category-tv","8":"tag-entertainment","9":"tag-entretenimiento","10":"tag-es","11":"tag-espana","12":"tag-spain","13":"tag-tv"},"share_on_mastodon":{"url":"https:\/\/pubeurope.com\/@es\/115646343646942274","error":""},"_links":{"self":[{"href":"https:\/\/www.europesays.com\/es\/wp-json\/wp\/v2\/posts\/266088","targetHints":{"allow":["GET"]}}],"collection":[{"href":"https:\/\/www.europesays.com\/es\/wp-json\/wp\/v2\/posts"}],"about":[{"href":"https:\/\/www.europesays.com\/es\/wp-json\/wp\/v2\/types\/post"}],"author":[{"embeddable":true,"href":"https:\/\/www.europesays.com\/es\/wp-json\/wp\/v2\/users\/2"}],"replies":[{"embeddable":true,"href":"https:\/\/www.europesays.com\/es\/wp-json\/wp\/v2\/comments?post=266088"}],"version-history":[{"count":0,"href":"https:\/\/www.europesays.com\/es\/wp-json\/wp\/v2\/posts\/266088\/revisions"}],"wp:featuredmedia":[{"embeddable":true,"href":"https:\/\/www.europesays.com\/es\/wp-json\/wp\/v2\/media\/266089"}],"wp:attachment":[{"href":"https:\/\/www.europesays.com\/es\/wp-json\/wp\/v2\/media?parent=266088"}],"wp:term":[{"taxonomy":"category","embeddable":true,"href":"https:\/\/www.europesays.com\/es\/wp-json\/wp\/v2\/categories?post=266088"},{"taxonomy":"post_tag","embeddable":true,"href":"https:\/\/www.europesays.com\/es\/wp-json\/wp\/v2\/tags?post=266088"}],"curies":[{"name":"wp","href":"https:\/\/api.w.org\/{rel}","templated":true}]}}