{"id":266096,"date":"2025-12-01T21:09:12","date_gmt":"2025-12-01T21:09:12","guid":{"rendered":"https:\/\/www.europesays.com\/es\/266096\/"},"modified":"2025-12-01T21:09:12","modified_gmt":"2025-12-01T21:09:12","slug":"lydia-lozano-la-colaboradora-se-derrumba-en-directo-por-la-delicada-situacion-de-su-marido-no-es-una-tonteria","status":"publish","type":"post","link":"https:\/\/www.europesays.com\/es\/266096\/","title":{"rendered":"Lydia Lozano | La colaboradora se derrumba en directo por la delicada situaci\u00f3n de su marido: \u00abNo es una tonter\u00eda\u00bb"},"content":{"rendered":"<p class=\"ft-text ft-helper-closenews\">No parece que <strong>Lydia Lozano <\/strong>vaya a vivir sus mejores navidades este a\u00f1o. La colaboradora, que caus\u00f3 baja en &#8216;De viernes&#8217; la semana pasada atraviesa un duro momento personal por la delicada situaci\u00f3n de salud que padece su marido <strong>Charly<\/strong>, que lleva dos meses ingresado en el hospital.<\/p>\n<p class=\"ft-text\">La periodista se ha derrumbado esta tarde cuando hablaba con<strong> &#8216;El tiempo justo&#8217; <\/strong>para dar nuevos detalles del estado de salud de su marido: \u00abEst\u00e1 bastante animado, pese a los dos meses. Intenta sacar la mejor cara, dice que es un jabato\u00bb, comenzaba diciendo.<\/p>\n<p class=\"ft-text\"><strong>\u00abLo llevo con paciencia\u00bb, <\/strong>admite<strong> <\/strong>Lozano que ha explicado que su marido se enfrenta a una nueva bacteria y no ha podido evitar emocionarse cuando detallaba el tratamiento al que se est\u00e1 sometiendo su c\u00f3nyuge.<\/p>\n<p class=\"ft-text\">\u00abEl mundo bacteria es as\u00ed y punto. Hay otra bacteria y no sabemos&#8230; es que son muchos antibi\u00f3ticos y mucho por el dolor, mucho todo\u00bb, comenta. \u00abLe pedir\u00eda un aut\u00f3grafo, soy super fan,\u00a0no s\u00e9 tanta operaci\u00f3n\u00a0si la llevar\u00eda bien\u00bb, a\u00f1ade con admiraci\u00f3n hacia Charly.<\/p>\n<p class=\"ft-text\">Por \u00faltimo, la colaboradora de &#8216;De viernes&#8217; agradece los mensajes de cari\u00f1o que ha recibido en estos d\u00edas tan duros. <strong>\u00abNo es una tonter\u00eda\u00bb, <\/strong>reafirma sobre la situaci\u00f3n que est\u00e1 viviendo. \u00abQuiero mandar un beso a Joaqu\u00edn [Prat] y a todos los compa\u00f1eros, que me ha escrito todo el mundo. No puedo contestar a todos\u00bb.<\/p>\n<p data-close=\"closedContent\" class=\"subscribeHideForDisplay\">Suscr\u00edbete para seguir leyendo<\/p>\n","protected":false},"excerpt":{"rendered":"No parece que Lydia Lozano vaya a vivir sus mejores navidades este a\u00f1o. La colaboradora, que caus\u00f3 baja&hellip;\n","protected":false},"author":2,"featured_media":266097,"comment_status":"","ping_status":"","sticky":false,"template":"","format":"standard","meta":{"footnotes":""},"categories":[91],"tags":[65445,65847,41091,2125,146,147,25,24,14101,30591,25511,22167,859,23,692],"class_list":{"0":"post-266096","1":"post","2":"type-post","3":"status-publish","4":"format-standard","5":"has-post-thumbnail","7":"category-entretenimiento","8":"tag-charly","9":"tag-delicada","10":"tag-derrumba","11":"tag-directo","12":"tag-entertainment","13":"tag-entretenimiento","14":"tag-es","15":"tag-espana","16":"tag-lozano","17":"tag-lydia","18":"tag-lydia-lozano","19":"tag-marido","20":"tag-situacion","21":"tag-spain","22":"tag-telecinco"},"share_on_mastodon":{"url":"https:\/\/pubeurope.com\/@es\/115646363454956651","error":""},"_links":{"self":[{"href":"https:\/\/www.europesays.com\/es\/wp-json\/wp\/v2\/posts\/266096","targetHints":{"allow":["GET"]}}],"collection":[{"href":"https:\/\/www.europesays.com\/es\/wp-json\/wp\/v2\/posts"}],"about":[{"href":"https:\/\/www.europesays.com\/es\/wp-json\/wp\/v2\/types\/post"}],"author":[{"embeddable":true,"href":"https:\/\/www.europesays.com\/es\/wp-json\/wp\/v2\/users\/2"}],"replies":[{"embeddable":true,"href":"https:\/\/www.europesays.com\/es\/wp-json\/wp\/v2\/comments?post=266096"}],"version-history":[{"count":0,"href":"https:\/\/www.europesays.com\/es\/wp-json\/wp\/v2\/posts\/266096\/revisions"}],"wp:featuredmedia":[{"embeddable":true,"href":"https:\/\/www.europesays.com\/es\/wp-json\/wp\/v2\/media\/266097"}],"wp:attachment":[{"href":"https:\/\/www.europesays.com\/es\/wp-json\/wp\/v2\/media?parent=266096"}],"wp:term":[{"taxonomy":"category","embeddable":true,"href":"https:\/\/www.europesays.com\/es\/wp-json\/wp\/v2\/categories?post=266096"},{"taxonomy":"post_tag","embeddable":true,"href":"https:\/\/www.europesays.com\/es\/wp-json\/wp\/v2\/tags?post=266096"}],"curies":[{"name":"wp","href":"https:\/\/api.w.org\/{rel}","templated":true}]}}