{"id":266101,"date":"2025-12-01T21:12:12","date_gmt":"2025-12-01T21:12:12","guid":{"rendered":"https:\/\/www.europesays.com\/es\/266101\/"},"modified":"2025-12-01T21:12:12","modified_gmt":"2025-12-01T21:12:12","slug":"zelenski-cierra-en-paris-una-ronda-diplomatica-clave-en-torno-al-plan-de-paz-de-washington","status":"publish","type":"post","link":"https:\/\/www.europesays.com\/es\/266101\/","title":{"rendered":"Zelenski cierra en Par\u00eds una ronda diplom\u00e1tica clave en torno al plan de paz de Washington"},"content":{"rendered":"<p>El presidente ucraniano, Volod\u00edmir Zelenski, se reuni\u00f3 este lunes por la tarde con el presidente franc\u00e9s, Emmanuel Macron, en <strong>un momento en el que se intensifican r\u00e1pidamente los esfuerzos diplom\u00e1ticos<\/strong> en torno a un plan de paz impulsado por Washington.<\/p>\n<p>En Estados Unidos, el secretario de Estado, Marco Rubio, <a href=\"https:\/\/es.euronews.com\/2025\/11\/30\/eeuu-ucrania-plan-paz-rusia-encuentro-putin\" rel=\"nofollow noopener\" target=\"_blank\"><strong>calific\u00f3 de \u00abproductivas\u00bb las conversaciones mantenidas el domingo<\/strong><\/a> con una delegaci\u00f3n ucraniana en Florida, aunque reconoci\u00f3 que queda \u00abm\u00e1s trabajo por hacer\u00bb.<\/p>\n<p>Por su parte, el enviado especial del presidente estadounidense, Donald Trump, Steve Witkoff, <strong>tiene previsto llegar a Mosc\u00fa el martes<\/strong> para reunirse con Vlad\u00edmir Putin.<\/p>\n<p>La \u00faltima ronda de conversaciones llega en un momento dif\u00edcil para Kiev. Las fuerzas rusas <strong>siguen ganando terreno en el este de Ucrania<\/strong>, y Zelenski se enfrenta a tensiones internas tras una importante investigaci\u00f3n por corrupci\u00f3n que provoc\u00f3 la dimisi\u00f3n del jefe de gabinete de Zelenski, <a href=\"https:\/\/es.euronews.com\/2025\/11\/28\/quien-es-andriy-yermak-el-poderoso-jefe-de-gabinete-de-zelenski\" rel=\"nofollow noopener\" target=\"_blank\">Andriy Yermak,<\/a> que hab\u00eda sido el principal negociador de Ucrania con Estados Unidos.<\/p>\n<p>El l\u00edder ucraniano afirm\u00f3 que <strong>la dimensi\u00f3n territorial del plan respaldado<\/strong> por Estados Unidos sigue siendo \u00abla m\u00e1s dif\u00edcil\u00bb. Macron subray\u00f3 que ning\u00fan acuerdo avanzar\u00e1 sin la participaci\u00f3n europea, insistiendo en que el proceso s\u00f3lo puede avanzar con los europeos \u00abalrededor de la mesa\u00bb.<\/p>\n<p><strong>Macron a\u00f1adi\u00f3 que a\u00fan no se ha ultimado ninguna decisi\u00f3n<\/strong>. Aun as\u00ed, los l\u00edderes europeos han desarrollado un enfoque preliminar sobre las garant\u00edas de seguridad, que seguir\u00e1 debati\u00e9ndose en los pr\u00f3ximos d\u00edas con los socios de <a href=\"https:\/\/es.euronews.com\/2025\/09\/04\/la-coalicion-de-voluntarios-ofrece-desminar-ucrania-y-proporcionar-patrullas-aereas-en-la-\" rel=\"nofollow noopener\" target=\"_blank\">la Coalici\u00f3n de Voluntarios<\/a>.<\/p>\n<p>Los periodistas preguntaron a ambos mandatarios sobre <a href=\"https:\/\/es.euronews.com\/2025\/11\/28\/corrupcion-en-ucrania-investigan-al-jefe-de-gabinete-de-zelenski\" rel=\"nofollow noopener\" target=\"_blank\"><strong>el caso de corrupci\u00f3n que implica al c\u00edrculo \u00edntimo de Zelenski<\/strong><\/a>. <\/p>\n<p>\u00abNuestro papel <strong>no es dar lecciones a Ucrania\u00bb<\/strong>, dijo Macron. \u00abLa lucha contra la corrupci\u00f3n est\u00e1 funcionando, ya que hay decisiones que son abiertas\u00bb, continu\u00f3, estableciendo un contraste entre las medidas anticorrupci\u00f3n de Ucrania y la falta de rendici\u00f3n de cuentas en Rusia.<\/p>\n<p>Macron tambi\u00e9n destac\u00f3 que <strong>la presi\u00f3n sobre Mosc\u00fa se est\u00e1 intensificando<\/strong>, se\u00f1alando que la UE ya ha adoptado su decimonoveno paquete de sanciones y est\u00e1 preparando el vig\u00e9simo, al que ahora se une Estados Unidos para apuntar a las compa\u00f1\u00edas petroleras rusas.<\/p>\n<p>Dijo que el alcance de las medidas combinadas <strong>no tiene precedentes<\/strong> y advirti\u00f3 de que la presi\u00f3n seguir\u00e1 aumentando en las pr\u00f3ximas semanas.<\/p>\n<p>M\u00e1s all\u00e1 de Par\u00eds, Macron y Zelenski hablaron \u00absucesivamente\u00bb con el primer ministro brit\u00e1nico, <strong>Keir Starmer,<\/strong> y los l\u00edderes de Alemania, Polonia, Italia, Noruega, Finlandia, Dinamarca y Pa\u00edses Bajos, as\u00ed como con el presidente del Consejo Europeo, Ant\u00f3nio Costa, la presidenta de la Comisi\u00f3n Europea, Ursula von der Leyen, y el secretario general de la OTAN, Mark Rutte.<\/p>\n","protected":false},"excerpt":{"rendered":"El presidente ucraniano, Volod\u00edmir Zelenski, se reuni\u00f3 este lunes por la tarde con el presidente franc\u00e9s, Emmanuel Macron,&hellip;\n","protected":false},"author":2,"featured_media":266102,"comment_status":"","ping_status":"","sticky":false,"template":"","format":"standard","meta":{"footnotes":""},"categories":[42],"tags":[17,18,730,13,14,317,11,61,62,63,64,19,20,22027,9,10,15,16,4759,7354,12,21,22,14181,65,66,67],"class_list":{"0":"post-266101","1":"post","2":"type-post","3":"status-publish","4":"format-standard","5":"has-post-thumbnail","7":"category-internacional","8":"tag-breaking-news","9":"tag-breakingnews","10":"tag-emmanuel-macron","11":"tag-featured-news","12":"tag-featurednews","13":"tag-francia","14":"tag-headlines","15":"tag-internacional","16":"tag-international","17":"tag-international-news","18":"tag-internationalnews","19":"tag-latest-news","20":"tag-latestnews","21":"tag-negociaciones","22":"tag-news","23":"tag-noticias","24":"tag-noticias-destacadas","25":"tag-noticiasdestacadas","26":"tag-paris","27":"tag-rusia-ucrania-invasion","28":"tag-titulares","29":"tag-ultimas-noticias","30":"tag-ultimasnoticias","31":"tag-volodimir-zelenski","32":"tag-world","33":"tag-world-news","34":"tag-worldnews"},"share_on_mastodon":{"url":"https:\/\/pubeurope.com\/@es\/115646375201366290","error":""},"_links":{"self":[{"href":"https:\/\/www.europesays.com\/es\/wp-json\/wp\/v2\/posts\/266101","targetHints":{"allow":["GET"]}}],"collection":[{"href":"https:\/\/www.europesays.com\/es\/wp-json\/wp\/v2\/posts"}],"about":[{"href":"https:\/\/www.europesays.com\/es\/wp-json\/wp\/v2\/types\/post"}],"author":[{"embeddable":true,"href":"https:\/\/www.europesays.com\/es\/wp-json\/wp\/v2\/users\/2"}],"replies":[{"embeddable":true,"href":"https:\/\/www.europesays.com\/es\/wp-json\/wp\/v2\/comments?post=266101"}],"version-history":[{"count":0,"href":"https:\/\/www.europesays.com\/es\/wp-json\/wp\/v2\/posts\/266101\/revisions"}],"wp:featuredmedia":[{"embeddable":true,"href":"https:\/\/www.europesays.com\/es\/wp-json\/wp\/v2\/media\/266102"}],"wp:attachment":[{"href":"https:\/\/www.europesays.com\/es\/wp-json\/wp\/v2\/media?parent=266101"}],"wp:term":[{"taxonomy":"category","embeddable":true,"href":"https:\/\/www.europesays.com\/es\/wp-json\/wp\/v2\/categories?post=266101"},{"taxonomy":"post_tag","embeddable":true,"href":"https:\/\/www.europesays.com\/es\/wp-json\/wp\/v2\/tags?post=266101"}],"curies":[{"name":"wp","href":"https:\/\/api.w.org\/{rel}","templated":true}]}}