{"id":266112,"date":"2025-12-01T21:24:14","date_gmt":"2025-12-01T21:24:14","guid":{"rendered":"https:\/\/www.europesays.com\/es\/266112\/"},"modified":"2025-12-01T21:24:14","modified_gmt":"2025-12-01T21:24:14","slug":"stoichkov-y-eddahchouri-mantienen-al-deportivo-en-lo-mas-alto-las-notas-del-albacete","status":"publish","type":"post","link":"https:\/\/www.europesays.com\/es\/266112\/","title":{"rendered":"Stoichkov y Eddahchouri mantienen al Deportivo en lo m\u00e1s alto: las notas del Albacete"},"content":{"rendered":"<p>Una, dos, tres, cuatro\u2026 y cinco. El <strong>Deportivo<\/strong> sum\u00f3 su <a href=\"https:\/\/www.riazor.org\/deportivo-demuestra-albacete-liderato-casualidad\/\" rel=\"nofollow noopener\" target=\"_blank\">quinta victoria consecutiva<\/a> este domingo al doblegar al <strong>Albacete<\/strong> en su campo con los goles de <strong>Stoichkov y Zakaria Eddahchouri<\/strong>. Un triunfo que permite a los de Antonio Hidalgo seguir l\u00edderes una semana m\u00e1s en LaLiga Hypermotion. <strong>Repasamos, de forma individual, el rendimiento de los blanquiazules y del t\u00e9cnico herculino.<\/strong><\/p>\n<p>Estas son nuestras notas del Albacete \u2013 Deportivo:<\/p>\n<p><strong>Germ\u00e1n Parre\u00f1o: 7,7 (nota lectores: 7,8). <\/strong>Bien colocado para detener un cabezazo en el primer tiempo y hacer otras buenas paradas. Sigue transmitiendo mucha seguridad a sus compa\u00f1eros y no hay opci\u00f3n para el debate.<\/p>\n<p><strong>Miguel Loureiro: 6,3 (nota lectores: 7). <\/strong>Bien en el lateral derecho, donde jug\u00f3 ante la ausencia de Noubi despu\u00e9s de su lesi\u00f3n en Riazor. En la segunda parte toc\u00f3 un bal\u00f3n que casi acaba en su propia porter\u00eda de no ser por Germ\u00e1n.<\/p>\n<p><strong>Arnau Comas: 7 <\/strong><strong>(nota lectores: 6,4). <\/strong>En el Carlos Belmonte dio un paso adelante y se le vio mejor que en sus primeros partidos con el Deportivo. Sigue en una l\u00ednea de mejor\u00eda sin complicarse en exceso en las acciones defensivas.<\/p>\n<p><strong>Dani Barcia: 6 (nota lectores: 5,7). <\/strong>Se queda a una sola amarilla de la suspensi\u00f3n despu\u00e9s de ser amonestado en Albacete. Aprovech\u00f3 su buen pie para ayudar en la salida de bal\u00f3n.<\/p>\n<p><strong>Giacomo Quagliata: 6,7 (nota lectores: 6,9). <\/strong>Menos acierto con el bal\u00f3n en los pies, pero su aportaci\u00f3n sigue siendo indiscutible al ataque deportivista.<\/p>\n<p><strong>Jos\u00e9 \u00c1ngel: 7 (nota lectores: 6,4). <\/strong>Estuvo cerca de cometer un penalti en el segundo tiempo, pero la repetici\u00f3n el VAR demostr\u00f3 lo contrario.<\/p>\n<p><strong>Charlie Pati\u00f1o: 6 (nota lectores: 6,4). <\/strong>Ayud\u00f3 mucho a tener el control del juego en el centro del campo. Buena actuaci\u00f3n del ingl\u00e9s.<\/p>\n<p><strong>David Mella: 6 (nota lectores: 7,1). <\/strong>Sigue demostrando su gran velocidad cada vez que tiene la oportunidad. Inici\u00f3 con una gran carrera la acci\u00f3n del primer gol.<\/p>\n<p><strong>Mario Soriano: 7,3 (nota lectores: 7,7).<\/strong> Dej\u00f3 una gran asistencia para el gol de Stoichkov. Prob\u00f3 con un disparo, pero no logr\u00f3 ver puerta.<\/p>\n<p><strong>Yeremay<\/strong><strong>: 8 (nota lectores: 7,3). <\/strong>Le tuvieron muy vigilado, pero no lo suficiente para evitar la asistencia a Zaka en la segunda parte. Dej\u00f3 nuevos detalles de calidad.<\/p>\n<p><strong>Stoichkov: 7,7 (nota lectores: 7,6).<\/strong> Abri\u00f3 el marcador con una buena definici\u00f3n, pero demostr\u00f3 tambi\u00e9n una gran capacidad asociativa. Demostr\u00f3 as\u00ed que si no hay delanteros tambi\u00e9n est\u00e1 \u00e9l a disposici\u00f3n del entrenador.<\/p>\n<p>Las notas de los suplentes en el Albacete \u2013 Deportivo<\/p>\n<p><b>Diego Villares: 6,3 (nota lectores: 6). <\/b>Su entrada permiti\u00f3 darle solidez al equipo en el tramo final.<\/p>\n<p><strong>Zakaria Eddahchouri: 7 <b>(nota lectores: 7,4).<\/b><\/strong> Anot\u00f3 un gol a la contra y sigue mejorando sus estad\u00edsticas de cara a puerta.<\/p>\n<p><strong>Jos\u00e9 Gragera: 5,3 <b>(nota lectores: 5,4).<\/b><\/strong> Dio descanso a Jos\u00e9 \u00c1ngel con su entrada.<\/p>\n<p><strong>Rub\u00e9n L\u00f3pez: s.c. (nota lectores: s.c.).<\/strong> Pocos minutos para el canterano.<\/p>\n<p><strong>Cristian Herrera: s.c. (nota lectores: s.c.).<\/strong> Sin apenas participaci\u00f3n.<\/p>\n<p>El entrenador<\/p>\n<p><strong>Antonio Hidalgo: 8 (nota lectores: 6,9). <\/strong>El equipo sum\u00f3 tres puntos ante un rival que hab\u00eda ganado sus dos \u00faltimos encuentros como local. Lo hizo con un juego basado en el control y aprovechando con eficacia sus ocasiones a la control. Adem\u00e1s, dio entrada a Charlie Pati\u00f1o para que volviese a sumar minutos.<\/p>\n<p>* Votos de los lectores: 556 en el momento de hacer la noticia.<\/p>\n","protected":false},"excerpt":{"rendered":"Una, dos, tres, cuatro\u2026 y cinco. El Deportivo sum\u00f3 su quinta victoria consecutiva este domingo al doblegar al&hellip;\n","protected":false},"author":2,"featured_media":266113,"comment_status":"","ping_status":"","sticky":false,"template":"","format":"standard","meta":{"footnotes":""},"categories":[268],"tags":[168,25,24,280,282,281,23,167],"class_list":{"0":"post-266112","1":"post","2":"type-post","3":"status-publish","4":"format-standard","5":"has-post-thumbnail","7":"category-futbol","8":"tag-deportes","9":"tag-es","10":"tag-espana","11":"tag-football","12":"tag-futbol","13":"tag-soccer","14":"tag-spain","15":"tag-sports"},"share_on_mastodon":{"url":"https:\/\/pubeurope.com\/@es\/115646422517493783","error":""},"_links":{"self":[{"href":"https:\/\/www.europesays.com\/es\/wp-json\/wp\/v2\/posts\/266112","targetHints":{"allow":["GET"]}}],"collection":[{"href":"https:\/\/www.europesays.com\/es\/wp-json\/wp\/v2\/posts"}],"about":[{"href":"https:\/\/www.europesays.com\/es\/wp-json\/wp\/v2\/types\/post"}],"author":[{"embeddable":true,"href":"https:\/\/www.europesays.com\/es\/wp-json\/wp\/v2\/users\/2"}],"replies":[{"embeddable":true,"href":"https:\/\/www.europesays.com\/es\/wp-json\/wp\/v2\/comments?post=266112"}],"version-history":[{"count":0,"href":"https:\/\/www.europesays.com\/es\/wp-json\/wp\/v2\/posts\/266112\/revisions"}],"wp:featuredmedia":[{"embeddable":true,"href":"https:\/\/www.europesays.com\/es\/wp-json\/wp\/v2\/media\/266113"}],"wp:attachment":[{"href":"https:\/\/www.europesays.com\/es\/wp-json\/wp\/v2\/media?parent=266112"}],"wp:term":[{"taxonomy":"category","embeddable":true,"href":"https:\/\/www.europesays.com\/es\/wp-json\/wp\/v2\/categories?post=266112"},{"taxonomy":"post_tag","embeddable":true,"href":"https:\/\/www.europesays.com\/es\/wp-json\/wp\/v2\/tags?post=266112"}],"curies":[{"name":"wp","href":"https:\/\/api.w.org\/{rel}","templated":true}]}}