{"id":266114,"date":"2025-12-01T21:25:18","date_gmt":"2025-12-01T21:25:18","guid":{"rendered":"https:\/\/www.europesays.com\/es\/266114\/"},"modified":"2025-12-01T21:25:18","modified_gmt":"2025-12-01T21:25:18","slug":"el-mensaje-de-alvaro-munoz-escassi-desde-el-hospital-gracias-por-el-trabajo-y-los-cuidados","status":"publish","type":"post","link":"https:\/\/www.europesays.com\/es\/266114\/","title":{"rendered":"El mensaje de \u00c1lvaro Mu\u00f1oz Escassi desde el hospital: \u00abGracias por el trabajo y los cuidados\u00bb"},"content":{"rendered":"<p><a class=\"v-mdl-ath__fig-a\" href=\"https:\/\/www.elcorreo.com\/autor\/marina-leon-6788.html\" title=\"Marina Le\u00f3n\" rel=\"nofollow noopener\" target=\"_blank\"><br \/>\n<img decoding=\"async\" class=\"v-mdl-ath__img\" src=\"https:\/\/www.europesays.com\/es\/wp-content\/uploads\/2025\/09\/autor-6788-foto-1.jpeg\" alt=\"Marina Le\u00f3n\"\/><br \/>\n<\/a><\/p>\n<p class=\"v-mdl-ath__p v-mdl-ath__p--6\">\nLunes, 1 de diciembre 2025, 17:15<\/p>\n<p class=\"v-p\">Hace un mes, \u00c1lvaro Mu\u00f1oz Escassi publicaba en sus redes sociales algunas felicitaciones de sus seres queridos por su 52 cumplea\u00f1os. Este lunes 1 de diciembre el jinete ha vuelto a aparecer en Instagram por un motivo muy diferente. La expareja de Mar\u00eda Jos\u00e9 Su\u00e1rez ha actualizado su estado de salud despu\u00e9s de someterse a una operaci\u00f3n.<\/p>\n<p><img decoding=\"async\" loading=\"lazy\" src=\"https:\/\/www.europesays.com\/es\/wp-content\/uploads\/2025\/12\/escassi-kb8G-U240415843600HC-650x1152@El Correo.jpg\" class=\"v-a-img\" width=\"650\" height=\"1152\" alt=\"\" data-voc-vtm-id=\"in-text-traffic\"\/><\/p>\n<p><img loading=\"lazy\" decoding=\"async\" src=\"https:\/\/www.europesays.com\/es\/wp-content\/uploads\/2025\/12\/escassi.jpg\" class=\"v-mdl__img-z\" width=\"1920\" height=\"1344\" alt=\"\"\/><\/p>\n<p class=\"v-p\">\u00abMuchas gracias al doctor Jos\u00e9 M. Molina y a todo el equipo por todo el trabajo y los cuidados. Da gusto operarse as\u00ed\u00bb, ha comenzado escribiendo Mu\u00f1oz Escassi. \u00abHa sido solamente una hernia umbilical\u00bb, ha puntualizado junto a una imagen con el cirujano en el hospital madrile\u00f1o San Francisco de As\u00eds.<\/p>\n<p class=\"v-p\">En estos \u00faltimos meses, Escassi ha tenido que pasar por quir\u00f3fano en otra ocasi\u00f3n. Tras regresar a Espa\u00f1a de su estancia en Supervivientes 2025, el sevillano tuvo que ser operado por una lesi\u00f3n de menisco que sufri\u00f3 durante el reality.<\/p>\n<p>Reporta un error<\/p>\n","protected":false},"excerpt":{"rendered":"Lunes, 1 de diciembre 2025, 17:15 Hace un mes, \u00c1lvaro Mu\u00f1oz Escassi publicaba en sus redes sociales algunas&hellip;\n","protected":false},"author":2,"featured_media":266115,"comment_status":"","ping_status":"","sticky":false,"template":"","format":"standard","meta":{"footnotes":""},"categories":[174],"tags":[2607,255,33385,146,147,25,3130,24,256,2837,3345,8079,8360,23,2752],"class_list":{"0":"post-266114","1":"post","2":"type-post","3":"status-publish","4":"format-standard","5":"has-post-thumbnail","7":"category-famosos","8":"tag-alvaro","9":"tag-celebrities","10":"tag-cuidados","11":"tag-entertainment","12":"tag-entretenimiento","13":"tag-es","14":"tag-escassi","15":"tag-espana","16":"tag-famosos","17":"tag-gracias","18":"tag-hospital","19":"tag-mensaje","20":"tag-munoz","21":"tag-spain","22":"tag-trabajo"},"share_on_mastodon":{"url":"https:\/\/pubeurope.com\/@es\/115646427019824525","error":""},"_links":{"self":[{"href":"https:\/\/www.europesays.com\/es\/wp-json\/wp\/v2\/posts\/266114","targetHints":{"allow":["GET"]}}],"collection":[{"href":"https:\/\/www.europesays.com\/es\/wp-json\/wp\/v2\/posts"}],"about":[{"href":"https:\/\/www.europesays.com\/es\/wp-json\/wp\/v2\/types\/post"}],"author":[{"embeddable":true,"href":"https:\/\/www.europesays.com\/es\/wp-json\/wp\/v2\/users\/2"}],"replies":[{"embeddable":true,"href":"https:\/\/www.europesays.com\/es\/wp-json\/wp\/v2\/comments?post=266114"}],"version-history":[{"count":0,"href":"https:\/\/www.europesays.com\/es\/wp-json\/wp\/v2\/posts\/266114\/revisions"}],"wp:featuredmedia":[{"embeddable":true,"href":"https:\/\/www.europesays.com\/es\/wp-json\/wp\/v2\/media\/266115"}],"wp:attachment":[{"href":"https:\/\/www.europesays.com\/es\/wp-json\/wp\/v2\/media?parent=266114"}],"wp:term":[{"taxonomy":"category","embeddable":true,"href":"https:\/\/www.europesays.com\/es\/wp-json\/wp\/v2\/categories?post=266114"},{"taxonomy":"post_tag","embeddable":true,"href":"https:\/\/www.europesays.com\/es\/wp-json\/wp\/v2\/tags?post=266114"}],"curies":[{"name":"wp","href":"https:\/\/api.w.org\/{rel}","templated":true}]}}