{"id":266118,"date":"2025-12-01T21:28:13","date_gmt":"2025-12-01T21:28:13","guid":{"rendered":"https:\/\/www.europesays.com\/es\/266118\/"},"modified":"2025-12-01T21:28:13","modified_gmt":"2025-12-01T21:28:13","slug":"la-revuelta-con-david-broncano-en-directo-hoy-1-de-diciembre","status":"publish","type":"post","link":"https:\/\/www.europesays.com\/es\/266118\/","title":{"rendered":"La Revuelta con David Broncano, en directo hoy 1 de diciembre"},"content":{"rendered":"<p>Nueva semana y nuevo mes, de la mano de <strong>David Broncano<\/strong> y el equipo de La Revuelta. Tras una semana intensa en la que conocimos la realidad de la <strong>Ca\u00f1ada Real de Madrid<\/strong>, con grandes titulares de la actriz <strong>Alba Flores<\/strong> o del escritor <strong>Javier Cercas<\/strong> y el actor <strong>Eduard Fern\u00e1ndez<\/strong>, o la reaparici\u00f3n de <strong>Noah Hig\u00f3n<\/strong>, La Revuelta y Broncano regresan un d\u00eda m\u00e1s hoy d\u00eda 1 de diciembre, a partir de las <strong>21:40, en directo y en abierto por La 1 y RTVE Play<\/strong>.<\/p>\n<p>Adem\u00e1s, te recordamos que, si quieres <strong>acudir como p\u00fablico a la grabaci\u00f3n del programa<\/strong> en el Teatro Pr\u00edncipe de Gran V\u00eda de Madrid, puedes encontrar el formulario para solicitar entradas a trav\u00e9s del siguiente enlace.<\/p>\n<p>La Ca\u00f1ada Real, una ciudad sin sue\u00f1o<\/p>\n<p>La pel\u00edcula Ciudad sin sue\u00f1o, dirigida por Guillermo Galoe y participada por RTVE, est\u00e1 acaparando atenci\u00f3n y premios <a href=\"https:\/\/www.rtve.es\/television\/20251124\/ciudad-sin-sueno-pelicula-canada-real-revuelta-broncano\/16829748.shtml\" target=\"_blank\" rel=\"nofollow noopener\">abordando una de las realidades m\u00e1s duras de nuestro pa\u00eds<\/a>. Casi <strong>5.000 personas llevan seis a\u00f1os viviendo sin electricidad en la Ca\u00f1ada Real<\/strong> de Madrid, el asentamiento ilegal m\u00e1s grande de Europa. <strong>Toni, Sulami y Chule<\/strong>, protagonistas de la cinta, se dedican a la chatarra pero han ejercido como actores no profesionales con el fin de \u201chacernos ver. Somos personas con nuestras vidas y nuestros problemas\u201d. Precisamente para visibilizar y concienciar sobre su situaci\u00f3n lanzaron un mensaje desde La Revuelta <strong>al rey Felipe VI<\/strong>. <\/p>\n<p>Luz Casal, sin complejos y sin filtros<\/p>\n<p>Recientemente nombrada<strong> \u201cmarquesa de Luz y Paz\u201d, Luz Casal se considera \u201cuna mujer de aldea\u201d<\/strong> cuyo \u201cestado natural es el desenfado, y m\u00e1s en este momento de mi vida en el que casi todo me importa\u201d m\u00e1s bien poco. Huye de los grandes eventos y las poses, hay \u201cpocas cosas\u201d que le interesen, salvo la m\u00fasica, la lectura, las exposiciones o las personas extraordinarias y con historias que contar como <a href=\"https:\/\/www.rtve.es\/television\/20251125\/noah-higon-reaparece-revuelta-inspiracion-luz-casal-gente-sobresaliente-conocida\/16831827.shtml\" target=\"_blank\" rel=\"nofollow noopener\">Noah Hig\u00f3n, la joven valenciana que sobrevive con siete enfermedades raras<\/a>. Quiz\u00e1 por eso no tiene reparo en reconocer que <strong>Carla Bruni<\/strong>, con quien ha colaborado en su pr\u00f3ximo disco, <strong>\u201cno tiene una gran voz\u201d<\/strong>.<\/p>\n","protected":false},"excerpt":{"rendered":"Nueva semana y nuevo mes, de la mano de David Broncano y el equipo de La Revuelta. Tras&hellip;\n","protected":false},"author":2,"featured_media":266119,"comment_status":"","ping_status":"","sticky":false,"template":"","format":"standard","meta":{"footnotes":""},"categories":[171],"tags":[146,147,25,24,23,214],"class_list":{"0":"post-266118","1":"post","2":"type-post","3":"status-publish","4":"format-standard","5":"has-post-thumbnail","7":"category-tv","8":"tag-entertainment","9":"tag-entretenimiento","10":"tag-es","11":"tag-espana","12":"tag-spain","13":"tag-tv"},"share_on_mastodon":{"url":"https:\/\/pubeurope.com\/@es\/115646438016632931","error":""},"_links":{"self":[{"href":"https:\/\/www.europesays.com\/es\/wp-json\/wp\/v2\/posts\/266118","targetHints":{"allow":["GET"]}}],"collection":[{"href":"https:\/\/www.europesays.com\/es\/wp-json\/wp\/v2\/posts"}],"about":[{"href":"https:\/\/www.europesays.com\/es\/wp-json\/wp\/v2\/types\/post"}],"author":[{"embeddable":true,"href":"https:\/\/www.europesays.com\/es\/wp-json\/wp\/v2\/users\/2"}],"replies":[{"embeddable":true,"href":"https:\/\/www.europesays.com\/es\/wp-json\/wp\/v2\/comments?post=266118"}],"version-history":[{"count":0,"href":"https:\/\/www.europesays.com\/es\/wp-json\/wp\/v2\/posts\/266118\/revisions"}],"wp:featuredmedia":[{"embeddable":true,"href":"https:\/\/www.europesays.com\/es\/wp-json\/wp\/v2\/media\/266119"}],"wp:attachment":[{"href":"https:\/\/www.europesays.com\/es\/wp-json\/wp\/v2\/media?parent=266118"}],"wp:term":[{"taxonomy":"category","embeddable":true,"href":"https:\/\/www.europesays.com\/es\/wp-json\/wp\/v2\/categories?post=266118"},{"taxonomy":"post_tag","embeddable":true,"href":"https:\/\/www.europesays.com\/es\/wp-json\/wp\/v2\/tags?post=266118"}],"curies":[{"name":"wp","href":"https:\/\/api.w.org\/{rel}","templated":true}]}}