{"id":266122,"date":"2025-12-01T21:32:19","date_gmt":"2025-12-01T21:32:19","guid":{"rendered":"https:\/\/www.europesays.com\/es\/266122\/"},"modified":"2025-12-01T21:32:19","modified_gmt":"2025-12-01T21:32:19","slug":"en-alemania-ya-lo-dan-por-hecho","status":"publish","type":"post","link":"https:\/\/www.europesays.com\/es\/266122\/","title":{"rendered":"en Alemania ya lo dan por hecho"},"content":{"rendered":"<p class=\"ft-text\">Nico <a class=\"ft-link ft-link--decoration\" href=\"https:\/\/www.sport.es\/es\/noticias\/barca\/dortmund-advierte-schlotterbeck-interes-barca-122635825\" rel=\"nofollow noopener\" target=\"_blank\"><strong>Schlotterbeck cumple hoy 26 a\u00f1os y lo hace en medio de un ruido creciente que apunta a que esta ser\u00e1 su \u00faltima temporada en el Borussia Dortmund.<\/strong><\/a><strong> <\/strong>La informaci\u00f3n, publicada por &#8216;Bild&#8217;, asegura que el club alem\u00e1n <strong>lleva meses intentando renovar al central sin \u00e9xito<\/strong> y que, a estas alturas, la continuidad parece pr\u00e1cticamente descartada.<\/p>\n<p class=\"ft-text\">El <strong>BVB le ha hecho llegar una propuesta formal para extender su contrato m\u00e1s all\u00e1 de 2027<\/strong>, aumentando su sueldo de los 2,5M hasta los 8M con variables, pero las conversaciones est\u00e1n completamente estancadas. Feindt, periodista que firma la informaci\u00f3n, de hecho, lo resume con contundencia: <strong>\u00abSchlotterbeck no renovar\u00e1 con el Dortmund\u00bb.<\/strong><\/p>\n<p class=\"ft-text\">El internacional alem\u00e1n, uno de los centrales zurdos m\u00e1s cotizados del mercado, considera que se encuentra en el momento clave de su carrera y quiere jugar en un club que <strong>le garantice competir por t\u00edtulos de forma inmediata<\/strong>.<\/p>\n<p>El BVB no le quiere en el Bayern<\/p>\n<p class=\"ft-text\">Ya en 2022, cuando sali\u00f3 del Friburgo rumbo a Dortmund por 20 millones, el<strong> Bayern intent\u00f3 arrebat\u00e1rselo al BVB en el \u00faltimo instante, pero entonces ya hab\u00eda dado su palabra.<\/strong><\/p>\n<p class=\"ft-text\">Ahora, siempre seg\u00fan &#8216;Bild&#8217; el escenario es distinto: el Bayern quiere renovar a Upamecano, pero no est\u00e1 claro que lo consiga, y si la operaci\u00f3n se rompe, <strong>Schlotterbeck ser\u00eda uno de los candidatos que maneja la direcci\u00f3n deportiva muniquesa <\/strong>para reforzar la defensa.<\/p>\n<p class=\"ft-text\">En el entorno del jugador gustar\u00eda la opci\u00f3n de seguir en Alemania, aunque tambi\u00e9n hay voces que valoran seriamente la opci\u00f3n de dar un salto fuera de la Bundesliga\u2026 y ah\u00ed aparece el Bar\u00e7a. <strong>Deco y Hansi Flick avalan plenamente su perfil<\/strong>, encajando con la b\u00fasqueda de un central zurdo de primer nivel para la pr\u00f3xima temporada.<\/p>\n<p class=\"ft-text\">El alem\u00e1n, que como dec\u00edamos acaba contrato en 2027, est\u00e1 en una situaci\u00f3n contractual muy delicada para el Dortmund: si no renueva, el <strong>club se ver\u00e1 forzado a venderle en 2026 para evitar que salga libre un a\u00f1o despu\u00e9s.<\/strong><\/p>\n<p>Oportunidad de mercado para el Bar\u00e7a<\/p>\n<p class=\"ft-text\">Como ya <a class=\"ft-link ft-link--decoration\" href=\"https:\/\/www.sport.es\/es\/noticias\/barca\/dortmund-blindar-schlotterbeck-interes-barca-122398416\" rel=\"nofollow noopener\" target=\"_blank\">os contamos en SPORT<\/a>, en Dortmund tasan en <strong>unos 45 millones de euros, aunque es probable que el precio baje. <\/strong>El club alem\u00e1n, si finalmente decide vender, <strong>priorizar\u00eda que saliera al extranjero<\/strong> antes que reforzar a un rival directo como el Bayern. Y, seg\u00fan fuentes del entorno del jugador, \u00e9l mismo estar\u00eda dispuesto a apostar por un proyecto fuera de Alemania si llega una propuesta ganadora del Bar\u00e7a o de la Premier League.<\/p>\n<p class=\"ft-text\">A Flick le gustar\u00eda incorporar un perfil especialista en esa zona para completar una defensa m\u00e1s equilibrada y liberar a Cubars\u00ed para actuar en su perfil natural. Adem\u00e1s de Schlotterbeck, el club sigue de cerca a Gon\u00e7alo In\u00e1cio (Sporting de Portugal), aunque el alem\u00e1n <strong>encaja mejor por caracter\u00edsticas, madurez y experiencia internacional<\/strong>. De momento, Flick est\u00e1 probando estos \u00faltimos partidos con Gerard Mart\u00edn como recurso, pero la intenci\u00f3n de <a class=\"ft-link ft-link--decoration\" href=\"https:\/\/www.sport.es\/es\/noticias\/barca\/dilema-barca-fichar-o-fichar-124258439\" rel=\"nofollow noopener\" target=\"_blank\">la direcci\u00f3n deportiva cul\u00e9 es reforzar la posici\u00f3n y no se descarta que, en caso de volver al 1-1, sea este mismo mercado invernal.<\/a><\/p>\n","protected":false},"excerpt":{"rendered":"Nico Schlotterbeck cumple hoy 26 a\u00f1os y lo hace en medio de un ruido creciente que apunta a&hellip;\n","protected":false},"author":2,"featured_media":266123,"comment_status":"","ping_status":"","sticky":false,"template":"","format":"standard","meta":{"footnotes":""},"categories":[93],"tags":[1660,210,65848,168,45434,25,24,65849,23,167],"class_list":{"0":"post-266122","1":"post","2":"type-post","3":"status-publish","4":"format-standard","5":"has-post-thumbnail","7":"category-deportes","8":"tag-alemania","9":"tag-barcelona","10":"tag-bvb","11":"tag-deportes","12":"tag-dortmund","13":"tag-es","14":"tag-espana","15":"tag-schlotterbeck","16":"tag-spain","17":"tag-sports"},"share_on_mastodon":{"url":"https:\/\/pubeurope.com\/@es\/115646453758906826","error":""},"_links":{"self":[{"href":"https:\/\/www.europesays.com\/es\/wp-json\/wp\/v2\/posts\/266122","targetHints":{"allow":["GET"]}}],"collection":[{"href":"https:\/\/www.europesays.com\/es\/wp-json\/wp\/v2\/posts"}],"about":[{"href":"https:\/\/www.europesays.com\/es\/wp-json\/wp\/v2\/types\/post"}],"author":[{"embeddable":true,"href":"https:\/\/www.europesays.com\/es\/wp-json\/wp\/v2\/users\/2"}],"replies":[{"embeddable":true,"href":"https:\/\/www.europesays.com\/es\/wp-json\/wp\/v2\/comments?post=266122"}],"version-history":[{"count":0,"href":"https:\/\/www.europesays.com\/es\/wp-json\/wp\/v2\/posts\/266122\/revisions"}],"wp:featuredmedia":[{"embeddable":true,"href":"https:\/\/www.europesays.com\/es\/wp-json\/wp\/v2\/media\/266123"}],"wp:attachment":[{"href":"https:\/\/www.europesays.com\/es\/wp-json\/wp\/v2\/media?parent=266122"}],"wp:term":[{"taxonomy":"category","embeddable":true,"href":"https:\/\/www.europesays.com\/es\/wp-json\/wp\/v2\/categories?post=266122"},{"taxonomy":"post_tag","embeddable":true,"href":"https:\/\/www.europesays.com\/es\/wp-json\/wp\/v2\/tags?post=266122"}],"curies":[{"name":"wp","href":"https:\/\/api.w.org\/{rel}","templated":true}]}}