{"id":266127,"date":"2025-12-01T21:36:52","date_gmt":"2025-12-01T21:36:52","guid":{"rendered":"https:\/\/www.europesays.com\/es\/266127\/"},"modified":"2025-12-01T21:36:52","modified_gmt":"2025-12-01T21:36:52","slug":"airpods-iphone-macbook-y-mas-hunden-precios","status":"publish","type":"post","link":"https:\/\/www.europesays.com\/es\/266127\/","title":{"rendered":"AirPods, iPhone, MacBook y m\u00e1s hunden precios"},"content":{"rendered":"<p data-gtm-element-container=\"modulo-texto-link\" class=\"paragraph\">Si llevas semanas dudando entre renovar tu iPhone, estrenar unos AirPods o por fin a\u00f1adir un Apple Watch a tu d\u00eda a d\u00eda, este <strong><a href=\"https:\/\/www.lavanguardia.com\/comprar\/black-friday\/20251201\/11320211\/oferta-cyber-monday-macbook-air-13-m4-mkt-nrt.html\" title=\"Si eres de Apple, este es el mejor port\u00e1til que puedes comprar en el Cyber Monday: MacBook Air 13\u201d M4 con 16 GB y 256 GB en oferta\" target=\"_blank\" rel=\"nofollow noopener\">Cyber Monday 2025<\/a><\/strong> te est\u00e1 gui\u00f1ando el ojo como nunca. Apple no suele mojarse con rebajas profundas, pero este a\u00f1o ha dado un giro inesperado: precios recortados en pr\u00e1cticamente todo su ecosistema (iPhone, iPad, MacBook, AirPods, Apple Watch, Apple Pencil, AirTag y m\u00e1s) con descuentos que rara vez se ven tan cerca de las fiestas navide\u00f1as. \u00bfLo vas a desaprovechar?<\/p>\n<p>        Lee tambi\u00e9n<\/p>\n<p>    Carlos Dom\u00ednguez<\/p>\n<p>             <img loading=\"lazy\" decoding=\"async\" data-full-src=\"https:\/\/www.lavanguardia.com\/uploads\/2025\/11\/30\/692c9b90f07c9.jpeg\" alt=\"Hazte ya con las mejores ofertas del Cyber Monday antes de que sea demasiado tarde\" width=\"104\" height=\"108\" src=\"https:\/\/www.europesays.com\/es\/wp-content\/uploads\/2025\/12\/692c9b90f07c9.jpeg\" class=\"lazy\"\/><\/p>\n<p data-gtm-element-container=\"modulo-texto-link\" class=\"paragraph\">No se trata solo de ahorrar unos cuantos euros. Es la ocasi\u00f3n real de dar un salto en comodidad y experiencia. Los AirPods te liberan en videollamadas y te acompa\u00f1an en cualquier plan; un Apple Watch te mantiene activo y conectado sin esfuerzo; un iPad se convierte en tu herramienta de estudio, trabajo o entretenimiento; incluso accesorios como los AirTag o el Apple Pencil, que parecen detalles menores, acaban siendo imprescindibles en el d\u00eda a d\u00eda. \u00a1Consigue tus favoritos!<\/p>\n<p>Dispositivos Apple con buenos descuentos en Cyber Monday:<br \/>\nApple Paquete de 4 AirTag<br \/>35% de descuento<\/p>\n<p>                <img loading=\"lazy\" decoding=\"async\" data-full-src=\"https:\/\/www.lavanguardia.com\/uploads\/2025\/11\/25\/6925c1ae9b32b.jpeg\" alt=\"Apple Paquete de 4 AirTag\" width=\"449\" height=\"337\" src=\"https:\/\/www.europesays.com\/es\/wp-content\/uploads\/2025\/12\/6925c1ae9b32b.jpeg\" class=\"lazy\"\/><\/p>\n<p class=\"caption-title \">Apple Paquete de 4 AirTag<\/p>\n<p>                    Amazon<\/p>\n<p data-gtm-element-container=\"modulo-texto-link\" class=\"paragraph\">Este paquete de 4 AirTag es uno de esos accesorios de Apple que no sabes cu\u00e1nto necesitas\u2026 Hasta que empiezas a usarlos. Son peque\u00f1os, ligeros y tremendamente \u00fatiles para tener localizadas tus llaves, mochila, maleta, bici o cualquier cosa que suelas perder. Los colocas, los enlazas con tu iPhone en segundos y listo: desde la app Buscar puedes ver d\u00f3nde est\u00e1n, recibir avisos si te alejas demasiado o guiarlos con precisi\u00f3n gracias a la funci\u00f3n de b\u00fasqueda exacta. Adem\u00e1s funcionan de forma silenciosa y constante, sin que tengas que hacer nada m\u00e1s.<\/p>\n<p data-gtm-element-container=\"modulo-texto-link\" class=\"paragraph\">En este Cyber Monday 2025 est\u00e1n a un precio que invita a no pens\u00e1rselo: este pack de cuatro sale mucho m\u00e1s rentable que comprarlos por separado, y es una forma perfecta de equiparte de golpe o incluso repartirlos en familia. Al final, son ese tipo de capricho pr\u00e1ctico que aporta tranquilidad, te ahorra disgustos y se integra completamente con el ecosistema Apple.<\/p>\n<p>Apple AirPods 434% de descuento<\/p>\n<p>                <img loading=\"lazy\" decoding=\"async\" data-full-src=\"https:\/\/www.lavanguardia.com\/uploads\/2025\/05\/16\/6826f4b559894.jpeg\" alt=\"Apple AirPods 4\" width=\"449\" height=\"337\" src=\"https:\/\/www.europesays.com\/es\/wp-content\/uploads\/2025\/10\/6826f4b559894.jpeg\" class=\"lazy\"\/><\/p>\n<p class=\"caption-title \">Apple AirPods 4<\/p>\n<p>                    Amazon<\/p>\n<p data-gtm-element-container=\"modulo-texto-link\" class=\"paragraph\">Los Apple AirPods 4 son unos auriculares que te pones una vez y ya no quieres volver a otros. Vienen con el chip H2, que mejora tanto la calidad del sonido como la estabilidad de la conexi\u00f3n, y el Audio Espacial Personalizado crea esa sensaci\u00f3n envolvente que hace que la m\u00fasica, las pelis y hasta las videollamadas suenen m\u00e1s reales. Son resistentes al agua y al sudor, as\u00ed que puedes usarlos para entrenar sin miedo, y el nuevo estuche con USB-C hace que cargarlos sea m\u00e1s r\u00e1pido y m\u00e1s c\u00f3modo.<\/p>\n<p data-gtm-element-container=\"modulo-texto-link\" class=\"paragraph\">Son ligeros, se ajustan muy bien y el cambio entre dispositivos Apple es pr\u00e1cticamente m\u00e1gico.\u00a0A nivel de autonom\u00eda, cumplen sobradamente: hasta 24 horas con el estuche, m\u00e1s que suficiente para un d\u00eda entero de uso combinado. En este Cyber Monday 2025 est\u00e1n rebajados de forma muy jugosa, y eso los convierte en una oportunidad tremenda para quienes quieren dar un salto de calidad en sonido sin entrar en la gama Pro. Son perfectos para el d\u00eda a d\u00eda, para hacer deporte, para trabajar y desconectar.<\/p>\n<p>Apple iPhone 16e de 128 GB<br \/>17% de descuento<\/p>\n<p>                <img loading=\"lazy\" decoding=\"async\" data-full-src=\"https:\/\/www.lavanguardia.com\/uploads\/2025\/07\/17\/6878b774c9dd4.jpeg\" alt=\"Apple iPhone 16e de 128 GB\" width=\"449\" height=\"337\" src=\"https:\/\/www.europesays.com\/es\/wp-content\/uploads\/2025\/12\/6878b774c9dd4.jpeg\" class=\"lazy\"\/><\/p>\n<p class=\"caption-title \">Apple iPhone 16e de 128 GB<\/p>\n<p>                    Amazon<\/p>\n<p data-gtm-element-container=\"modulo-texto-link\" class=\"paragraph\">El iPhone 16e de 128 GB tambi\u00e9n se ha convertido en uno de los protagonistas inesperados de este Cyber Monday. Apple rara vez mueve el precio de sus \u00faltimos modelos, pero este a\u00f1o el 16e ha entrado en la fiesta con una rebaja que lo convierte en una de las compras m\u00e1s inteligentes antes de Navidad.<\/p>\n<p data-gtm-element-container=\"modulo-texto-link\" class=\"paragraph\">Con su dise\u00f1o compacto, el rendimiento fluido del chip m\u00e1s moderno de la gama, su c\u00e1mara que responde de maravilla incluso con poca luz y una autonom\u00eda que aguanta el d\u00eda completo. Es ese tipo de iPhone que encaja tanto en usuarios que vienen de modelos antiguos como en quienes buscan un m\u00f3vil fiable y preparado para durar a\u00f1os.\u00a0Lo interesante es que el 16e ofrece una experiencia completa sin dispararse en precio, as\u00ed que encontrarlo rebajado en el Cyber Monday es un regalo.<\/p>\n<p>Apple Watch Series 107% de descuento<\/p>\n<p>                <img loading=\"lazy\" decoding=\"async\" data-full-src=\"https:\/\/www.lavanguardia.com\/uploads\/2025\/04\/07\/67f3874b89e85.jpeg\" alt=\"Apple Watch Series 10 (2024), GPS, 42 mm\" width=\"449\" height=\"337\" src=\"https:\/\/www.europesays.com\/es\/wp-content\/uploads\/2025\/12\/67f3874b89e85.jpeg\" class=\"lazy\"\/><\/p>\n<p class=\"caption-title \">Apple Watch Series 10 (2024), GPS, 42 mm\u00a0<\/p>\n<p>                    Amazon<\/p>\n<p data-gtm-element-container=\"modulo-texto-link\" class=\"paragraph\">Otro de los grandes reclamos de este Cyber Monday es el Apple Watch Series 10 GPS, especialmente en su versi\u00f3n con caja de aluminio oro rosa de 46 mm y correa deportiva Rosa Rubor en talla M\/L. Un modelo que combina dise\u00f1o elegante con funciones de salud y deporte muy completas: monitor de entrenos, app de ECG, registro avanzado de actividad y la comodidad de una pantalla Retina siempre activa que se ve perfectamente incluso bajo el sol.<\/p>\n<p data-gtm-element-container=\"modulo-texto-link\" class=\"paragraph\">Es uno de esos dispositivos que no solo se lleva como accesorio, sino que se integra en tu rutina y te ayuda a moverte m\u00e1s, descansar mejor y tenerlo todo bajo control sin sacar el m\u00f3vil del bolsillo.\u00a0Lo m\u00e1s llamativo es que un reloj tan reciente y tan demandado haya ca\u00eddo de precio justo ahora, a las puertas de la campa\u00f1a navide\u00f1a. Normalmente, los Apple Watch mantienen su valor durante meses, y ver un descuento notable en un modelo tan atractivo no ocurre todos los d\u00edas.<\/p>\n<p>Apple iPad de 11 pulgadas8% de descuento<\/p>\n<p>                <img loading=\"lazy\" decoding=\"async\" data-full-src=\"https:\/\/www.lavanguardia.com\/uploads\/2025\/07\/10\/686f716368d93.jpeg\" alt=\"Apple iPad de 11 Pulgadas\" width=\"449\" height=\"337\" src=\"https:\/\/www.europesays.com\/es\/wp-content\/uploads\/2025\/10\/686f716368d93.jpeg\" class=\"lazy\"\/><\/p>\n<p class=\"caption-title \">Apple iPad de 11 Pulgadas\u00a0<\/p>\n<p>                    Amazon<\/p>\n<p data-gtm-element-container=\"modulo-texto-link\" class=\"paragraph\">Entre esas oportunidades que est\u00e1n brillando con luz propia este Cyber Monday, destaca el nuevo iPad de 11 pulgadas con chip A16. Un modelo que, pese a su potencia y lo reciente que es, ha ca\u00eddo de precio justo en el momento en que m\u00e1s gente lo estaba buscando para regalar antes de Navidad.\u00a0Hablamos de una tablet que no tiene nada de b\u00e1sica: pantalla Liquid Retina de 11 pulgadas, un panel que se ve espectacular tanto para estudiar como para dibujar o ver series.<\/p>\n<p data-gtm-element-container=\"modulo-texto-link\" class=\"paragraph\">128 GB de almacenamiento, m\u00e1s que suficiente para apps, apuntes, fotos y trabajo diario; Wi-Fi 6 para navegar y descargar a toda velocidad; y un dise\u00f1o ligero que se lleva a cualquier parte sin pensarlo. A eso s\u00famale Touch ID, c\u00e1maras frontal y trasera de 12 megap\u00edxeles, y una autonom\u00eda que realmente aguanta toda la jornada sin sufrir. \u00bfSe puede pedir m\u00e1s?<\/p>\n<p>Apple 2025 MacBook Air de 13 pulgadas22% de descuento<\/p>\n<p>                <img loading=\"lazy\" decoding=\"async\" data-full-src=\"https:\/\/www.lavanguardia.com\/uploads\/2025\/11\/25\/6925c7a71e693.jpeg\" alt=\"Apple 2025 MacBook Air de 13 Pulgadas\" width=\"449\" height=\"337\" src=\"https:\/\/www.europesays.com\/es\/wp-content\/uploads\/2025\/11\/6925c7a71e693.jpeg\" class=\"lazy\"\/><\/p>\n<p class=\"caption-title \">Apple 2025 MacBook Air de 13 Pulgadas<\/p>\n<p>                    Amazon<\/p>\n<p data-gtm-element-container=\"modulo-texto-link\" class=\"paragraph\">Un buen port\u00e1til te acompa\u00f1a siempre a todas partes. El MacBook Air de 13 pulgadas con chip M4 entra justo en esa categor\u00eda. Enciendes la pantalla Liquid Retina de 13,6\u201d y ya sabes que est\u00e1s ante algo especial: colores intensos, brillo perfecto y una ligereza que casi parece magia. El nuevo chip M4 (pensado para sacar partido a Apple Intelligence) mueve apps pesadas, multitarea extrema y procesos creativos sin esfuerzo, como si siempre tuviera potencia de sobra guardada.<\/p>\n<p data-gtm-element-container=\"modulo-texto-link\" class=\"paragraph\">Adem\u00e1s, con 16 GB de memoria unificada, lo normal es que todo vaya r\u00e1pido\u2026 muy r\u00e1pido.\u00a0Y luego est\u00e1 la parte pr\u00e1ctica, esa que hace que el d\u00eda a d\u00eda sea c\u00f3modo sin que te des cuenta. Los 256 GB de SSD cargan todo al instante, el chasis en color Medianoche es una preciosidad que no pasa desapercibida, y el teclado espa\u00f1ol retroiluminado hace que trabajar de noche sea tan f\u00e1cil como de d\u00eda. Silencioso, ligero y con una autonom\u00eda que aguanta horas y horas sin pedir enchufe: este MacBook Air no solo cumple, sino que mejora tu rutina.<\/p>\n<p>Apple Pencil Pro9% de descuento<\/p>\n<p>                <img loading=\"lazy\" decoding=\"async\" data-full-src=\"https:\/\/www.lavanguardia.com\/uploads\/2025\/11\/25\/6925c9b8542e2.jpeg\" alt=\"Apple Pencil Pro\" width=\"449\" height=\"337\" src=\"https:\/\/www.europesays.com\/es\/wp-content\/uploads\/2025\/12\/6925c9b8542e2.jpeg\" class=\"lazy\"\/><\/p>\n<p class=\"caption-title \">Apple Pencil Pro<\/p>\n<p>                    Amazon<\/p>\n<p data-gtm-element-container=\"modulo-texto-link\" class=\"paragraph\">En cuanto al Apple Pencil Pro, transforma por completo la forma en la que usas tu iPad. En cuanto lo coges, notas que no es un stylus cualquiera: la precisi\u00f3n es milim\u00e9trica, responde al instante y detecta tanto la presi\u00f3n como la inclinaci\u00f3n, as\u00ed que escribir se siente natural y dibujar es casi como hacerlo sobre papel\u2026 pero con todas las ventajas del mundo digital.<\/p>\n<p data-gtm-element-container=\"modulo-texto-link\" class=\"paragraph\">Adem\u00e1s, incorpora herramientas avanzadas que te permiten cambiar de pincel, rotar la punta virtual o activar funciones con simples gestos, haciendo que el flujo creativo sea mucho m\u00e1s r\u00e1pido y c\u00f3modo.\u00a0Se adapta igual de bien a estudiantes, profesionales y artistas. Si tomas apuntes, se convierte en un bol\u00edgrafo perfecto; si dise\u00f1as o ilustras, notar\u00e1s la latencia ultrabaja, probablemente la menor de su categor\u00eda, que hace que el trazo siga tu mano sin retrasos.<\/p>\n<p>Apple Magic Mouse24% de descuento<\/p>\n<p>                <img loading=\"lazy\" decoding=\"async\" data-full-src=\"https:\/\/www.lavanguardia.com\/uploads\/2025\/04\/07\/67f38894657e3.jpeg\" alt=\"Apple Magic Mouse\" width=\"449\" height=\"337\" src=\"https:\/\/www.europesays.com\/es\/wp-content\/uploads\/2025\/12\/67f38894657e3.jpeg\" class=\"lazy\"\/><\/p>\n<p class=\"caption-title \">Apple Magic Mouse<\/p>\n<p>                    Amazon<\/p>\n<p data-gtm-element-container=\"modulo-texto-link\" class=\"paragraph\">Aunque parezca minimalista por fuera, el Apple Magic Mouse\u00a0esconde un mont\u00f3n de comodidad y funciones por dentro. Su superficie Multi-Touch permite hacer gestos como deslizar, desplazarte por p\u00e1ginas largas o cambiar entre apps con la misma naturalidad con la que usar\u00edas un trackpad. Es recargable, se conecta por Bluetooth sin cables ni complicaciones, y funciona tanto con el Mac como con el iPad, as\u00ed que puedes pasarlo de un dispositivo a otro sin l\u00edos.<\/p>\n<p data-gtm-element-container=\"modulo-texto-link\" class=\"paragraph\">Su dise\u00f1o en color blanco, limpio y elegante, encaja perfectamente con cualquier setup. Es ligero pero firme, y su forma baja ayuda a que el movimiento sea suave y preciso; perfecto si pasas muchas horas trabajando, editando, navegando o retocando contenido. La conexi\u00f3n USB-C hace la carga m\u00e1s r\u00e1pida y pr\u00e1ctica, y como la bater\u00eda dura semanas, casi te olvidas de que necesita energ\u00eda. En resumen: el Magic Mouse es un compa\u00f1ero genial si quieres un rat\u00f3n bonito, funcional y totalmente integrado en el ecosistema Apple.<\/p>\n<p>Apple Magic Keyboard24% de descuento<\/p>\n<p>                <img loading=\"lazy\" decoding=\"async\" data-full-src=\"https:\/\/www.lavanguardia.com\/uploads\/2025\/02\/07\/67a5d9a1e4a9e.jpeg\" alt=\"Teclado Magic Keyboard de Apple\" width=\"449\" height=\"337\" src=\"https:\/\/www.europesays.com\/es\/wp-content\/uploads\/2025\/12\/67a5d9a1e4a9e.jpeg\" class=\"lazy\"\/><\/p>\n<p class=\"caption-title \">Teclado Magic Keyboard de Apple\u00a0<\/p>\n<p>                    Amazon<\/p>\n<p data-gtm-element-container=\"modulo-texto-link\" class=\"paragraph\">Algunos teclados simplemente cumplen, y luego est\u00e1 el Apple Magic Keyboard, que convierte escribir en una experiencia suave, precisa y casi adictiva. Su dise\u00f1o ultrafino y minimalista encaja de maravilla en cualquier escritorio, y la distribuci\u00f3n espa\u00f1ola hace que todo est\u00e9 donde tus dedos esperan, sin rarezas ni adaptaciones extra\u00f1as. Las teclas tienen ese clic discreto pero firme que hace que escribir sea m\u00e1s r\u00e1pido y c\u00f3modo, tanto para trabajar como para estudiar o escribir.<\/p>\n<p data-gtm-element-container=\"modulo-texto-link\" class=\"paragraph\">Es inal\u00e1mbrico, recargable por USB-C y mantiene una conexi\u00f3n estable con tu Mac sin retrasos. Como pesa poco y es tan delgado, puedes moverlo, guardarlo o llevarlo contigo, y su acabado de aluminio le da ese toque premium que Apple domina tan bien. Si te gusta escribir con comodidad y valoras un accesorio elegante, duradero e impecablemente integrado en macOS, este Magic Keyboard es ese upgrade silencioso que mejora tu d\u00eda a d\u00eda desde el primer minuto.<\/p>\n<p>        Lee tambi\u00e9n<\/p>\n<p>    Carlos Dom\u00ednguez<\/p>\n<p>             <img loading=\"lazy\" decoding=\"async\" data-full-src=\"https:\/\/www.lavanguardia.com\/uploads\/2025\/11\/27\/69289625b12fb.jpeg\" alt=\"Aprovecha los mejores descuentos de Nintendo por el Black Friday 2025\" width=\"334\" height=\"164\" src=\"https:\/\/www.europesays.com\/es\/wp-content\/uploads\/2025\/11\/1764431654_862_69289625b12fb.r_d.565-474.jpeg\" class=\"lazy\"\/><\/p>\n<p>        Lee tambi\u00e9n<\/p>\n<p>    Oriol Ribalta<\/p>\n<p>             <img loading=\"lazy\" decoding=\"async\" data-full-src=\"https:\/\/www.lavanguardia.com\/uploads\/2025\/12\/01\/692d64e63b772.jpeg\" alt=\"AMD Ryzen 5 7600X 4.7 GHz\" width=\"334\" height=\"164\" src=\"https:\/\/www.europesays.com\/es\/wp-content\/uploads\/2025\/12\/692d64e63b772.r_d.431-481.jpeg\" class=\"lazy\"\/><\/p>\n<p>        Lee tambi\u00e9n<\/p>\n<p>    Clara Sabater<\/p>\n<p>             <img loading=\"lazy\" decoding=\"async\" data-full-src=\"https:\/\/www.lavanguardia.com\/uploads\/2025\/12\/01\/692d7f4c5d5b0.png\" alt=\"Portada de art\u00edculo de Cyber Monday con fondo blanco, logo colorido en el centro y productos tecnol\u00f3gicos en oferta alrededor.\" width=\"334\" height=\"164\" src=\"https:\/\/www.europesays.com\/es\/wp-content\/uploads\/2025\/12\/692d7f4c5d5b0.png\" class=\"lazy\"\/><\/p>\n","protected":false},"excerpt":{"rendered":"Si llevas semanas dudando entre renovar tu iPhone, estrenar unos AirPods o por fin a\u00f1adir un Apple Watch&hellip;\n","protected":false},"author":2,"featured_media":266128,"comment_status":"","ping_status":"","sticky":false,"template":"","format":"standard","meta":{"footnotes":""},"categories":[81],"tags":[119,123,124,25,24,117,121,122,23,118,120],"class_list":{"0":"post-266127","1":"post","2":"type-post","3":"status-publish","4":"format-standard","5":"has-post-thumbnail","7":"category-ciencia-y-tecnologia","8":"tag-ciencia","9":"tag-ciencia-y-tecnologia","10":"tag-cienciaytecnologia","11":"tag-es","12":"tag-espana","13":"tag-science","14":"tag-science-and-technology","15":"tag-scienceandtechnology","16":"tag-spain","17":"tag-technology","18":"tag-tecnologia"},"share_on_mastodon":{"url":"https:\/\/pubeurope.com\/@es\/115646474196007266","error":""},"_links":{"self":[{"href":"https:\/\/www.europesays.com\/es\/wp-json\/wp\/v2\/posts\/266127","targetHints":{"allow":["GET"]}}],"collection":[{"href":"https:\/\/www.europesays.com\/es\/wp-json\/wp\/v2\/posts"}],"about":[{"href":"https:\/\/www.europesays.com\/es\/wp-json\/wp\/v2\/types\/post"}],"author":[{"embeddable":true,"href":"https:\/\/www.europesays.com\/es\/wp-json\/wp\/v2\/users\/2"}],"replies":[{"embeddable":true,"href":"https:\/\/www.europesays.com\/es\/wp-json\/wp\/v2\/comments?post=266127"}],"version-history":[{"count":0,"href":"https:\/\/www.europesays.com\/es\/wp-json\/wp\/v2\/posts\/266127\/revisions"}],"wp:featuredmedia":[{"embeddable":true,"href":"https:\/\/www.europesays.com\/es\/wp-json\/wp\/v2\/media\/266128"}],"wp:attachment":[{"href":"https:\/\/www.europesays.com\/es\/wp-json\/wp\/v2\/media?parent=266127"}],"wp:term":[{"taxonomy":"category","embeddable":true,"href":"https:\/\/www.europesays.com\/es\/wp-json\/wp\/v2\/categories?post=266127"},{"taxonomy":"post_tag","embeddable":true,"href":"https:\/\/www.europesays.com\/es\/wp-json\/wp\/v2\/tags?post=266127"}],"curies":[{"name":"wp","href":"https:\/\/api.w.org\/{rel}","templated":true}]}}