{"id":266131,"date":"2025-12-01T21:39:10","date_gmt":"2025-12-01T21:39:10","guid":{"rendered":"https:\/\/www.europesays.com\/es\/266131\/"},"modified":"2025-12-01T21:39:10","modified_gmt":"2025-12-01T21:39:10","slug":"el-papa-llama-a-la-esperanza-ante-una-multitud-de-jovenes-en-libano","status":"publish","type":"post","link":"https:\/\/www.europesays.com\/es\/266131\/","title":{"rendered":"El papa llama a la esperanza ante una multitud de j\u00f3venes en L\u00edbano"},"content":{"rendered":"<p>    <img src=\"https:\/\/www.europesays.com\/es\/wp-content\/uploads\/2025\/12\/2025-12-01T083A533A51Z-90561819.jpg\" width=\"1024\" height=\"682\" alt=\"\" loading=\"eager\" decoding=\"sync\" fetchpriority=\"high\"\/><\/p>\n<p>            afp_tickers        <\/p>\n<p>        Este contenido fue publicado en    <\/p>\n<p>        01 diciembre 2025 &#8211; 21:26\n<\/p>\n<p>El papa Le\u00f3n XIV fue recibido con fervor por miles de j\u00f3venes en L\u00edbano este lunes en un acto en el que llam\u00f3 a \u00abconstruir un futuro de paz y desarrollo\u00bb, pese a la crisis que atraviesa el pa\u00eds.\u00a0<\/p>\n<p>Miles de personas se agolparon en las calles, con banderas del Vaticano, para ver pasar al pont\u00edfice peruano-estadounidense, en un ambiente festivo, con v\u00edtores y arroz en se\u00f1al de celebraci\u00f3n, pese a la lluvia.<\/p>\n<p>En el segundo d\u00eda de su visita, Le\u00f3n XIV se desplaz\u00f3 a Bkerk\u00e9, al norte de Beirut, para un encuentro con la juventud, que congreg\u00f3 a cerca de 15.000 personas, seg\u00fan los organizadores.\u00a0<\/p>\n<p>El pont\u00edfice inst\u00f3 a los presentes a \u00abconstruir un futuro de paz y desarrollo\u00bb, tras escuchar los testimonios de varios j\u00f3venes que relataron las dificultades que enfrentan en un pa\u00eds marcado por la crisis econ\u00f3mica y que se recupera de la \u00faltima guerra con Israel.\u00a0<\/p>\n<p>\u00abUstedes tienen el entusiasmo necesario para cambiar el curso de la historia\u00bb, afirm\u00f3. \u00ab\u00a1J\u00f3venes del L\u00edbano, crezcan fuertes como los cedros y hagan que el mundo florezca con esperanza!\u00bb.<\/p>\n<p>St\u00e9phanie Nasr, de 25 a\u00f1os, afirm\u00f3 estar \u00abmuy emocionada\u00bb por el mensaje del papa.\u00a0<\/p>\n<p>\u00abEs un mensaje de paz, pero tambi\u00e9n un reconocimiento de toda la resiliencia que hemos mostrado y la solidaridad que L\u00edbano y los j\u00f3venes mostrarnos en los \u00faltimos a\u00f1os\u00bb, declar\u00f3 la joven a AFP.\u00a0<\/p>\n<p>\u2013 Un mensaje contra la intolerancia \u2013\u00a0<\/p>\n<p>M\u00e1s temprano, Le\u00f3n XIV\u00a0inst\u00f3 a los l\u00edderes de distintas comunidades religiosas libanesas, reunidos en el centro de Beirut, a combatir la intolerancia y la violencia en este pa\u00eds multiconfesional.<\/p>\n<p>\u00abUstedes est\u00e1n llamados a ser constructores de paz: a enfrentarse a la intolerancia, a superar la violencia y a desterrar la exclusi\u00f3n\u00bb, declar\u00f3 el papa en este pa\u00eds profundamente dividido.<\/p>\n<p>Uno tras otro, los representantes de las doce comunidades cristianas y las cuatro musulmanas se sucedieron para subrayar la importancia de la convivencia en L\u00edbano, que sufri\u00f3 una larga guerra civil (1975-1990).<\/p>\n<p>El papa inici\u00f3 la jornada con una visita al monasterio de Annaya, en las monta\u00f1as del norte de Beirut, que alberga la tumba de Ch\u00e1rbel Makhlouf, un monje maronita canonizado en 1977 y reconocido por unir a cristianos, musulmanes y drusos.<\/p>\n<p>\u00abPara el mundo, pedimos paz. Especialmente la imploramos para L\u00edbano y para todo Oriente Medio\u00bb, dijo desde el interior del monasterio de piedra, iluminado con velas.<\/p>\n<p>La llegada del pont\u00edfice despert\u00f3 un gran entusiasmo en la poblaci\u00f3n libanesa, que vive con el temor de un nuevo conflicto abierto con Israel.<\/p>\n<p>A pesar de la tregua de noviembre de 2024 en su guerra contra el movimiento islamista proiran\u00ed Hezbol\u00e1, Israel ha intensificado sus ataques en L\u00edbano en las \u00faltimas semanas.<\/p>\n<p>Con motivo de la visita de Le\u00f3n XIV, que lleg\u00f3 desde Turqu\u00eda el domingo en el marco de su primer viaje al extranjero como papa, las autoridades decretaron festivos los d\u00edas 1 y 2 de diciembre.<\/p>\n<p>Despu\u00e9s de su paso por el monasterio de Annaya, el pont\u00edfice se dirigi\u00f3 al santuario de Harissa, tambi\u00e9n en el norte de Beirut, donde una gigantesca estatua de Nuestra Se\u00f1ora del L\u00edbano domina el Mediterr\u00e1neo desde una colina escarpada.<\/p>\n<p>All\u00ed pronunci\u00f3 un discurso en franc\u00e9s ante cientos de obispos, sacerdotes y religiosos, en medio de una nube de tel\u00e9fonos y gritos de \u00ab\u00a1Viva il papa!\u00bb.<\/p>\n<p>Le\u00f3n XIV invit\u00f3 a los libaneses a \u00abseguir esperando y trabajando, incluso cuando (\u2026) alrededor retumba el ruido de las armas y las exigencias propias de la vida cotidiana se convierten en un desaf\u00edo\u00bb.<\/p>\n<p>\u00abHemos vivido casi dos a\u00f1os y medio de guerra, pero nunca sin esperanza\u00bb, afirm\u00f3 a AFP el padre Tony Elias, de 43 a\u00f1os, sacerdote maronita del pueblo de Rmeich, muy cerca de la frontera con Israel.<\/p>\n<p>Adem\u00e1s de la guerra entre Israel y Hezbol\u00e1, L\u00edbano ha enfrentado una sucesi\u00f3n de crisis desde 2019, incluido un colapso econ\u00f3mico que agrav\u00f3 la pobreza y una devastadora explosi\u00f3n en 2020 en el puerto de Beirut.<\/p>\n<p>Le\u00f3n XIV pidi\u00f3 el domingo a los libaneses que \u00abse queden\u00bb en su pa\u00eds, donde el derrumbe econ\u00f3mico provoc\u00f3 una emigraci\u00f3n masiva.<\/p>\n<p>Aunque no hay cifras oficiales, el centro de investigaci\u00f3n independiente Al-Doualiya estima que 800.000 libaneses emigraron entre 2012 y 2024. La poblaci\u00f3n actual se estima en 5,8 millones de habitantes, de los cuales m\u00e1s de un mill\u00f3n son refugiados sirios.<\/p>\n<p>bur-cmk\/mas-meb\/avl\/hgs-an\/pb<\/p>\n","protected":false},"excerpt":{"rendered":"afp_tickers Este contenido fue publicado en 01 diciembre 2025 &#8211; 21:26 El papa Le\u00f3n XIV fue recibido con&hellip;\n","protected":false},"author":2,"featured_media":266132,"comment_status":"","ping_status":"","sticky":false,"template":"","format":"standard","meta":{"footnotes":""},"categories":[42],"tags":[17,18,83,13,14,11,61,62,63,86,64,19,20,9,10,15,16,88,12356,5603,12357,90,12,21,22,65,66,67],"class_list":{"0":"post-266131","1":"post","2":"type-post","3":"status-publish","4":"format-standard","5":"has-post-thumbnail","7":"category-internacional","8":"tag-breaking-news","9":"tag-breakingnews","10":"tag-diplomacy","11":"tag-featured-news","12":"tag-featurednews","13":"tag-headlines","14":"tag-internacional","15":"tag-international","16":"tag-international-news","17":"tag-international-relations","18":"tag-internationalnews","19":"tag-latest-news","20":"tag-latestnews","21":"tag-news","22":"tag-noticias","23":"tag-noticias-destacadas","24":"tag-noticiasdestacadas","25":"tag-politics","26":"tag-pope","27":"tag-religion","28":"tag-religious-leader","29":"tag-ticker","30":"tag-titulares","31":"tag-ultimas-noticias","32":"tag-ultimasnoticias","33":"tag-world","34":"tag-world-news","35":"tag-worldnews"},"share_on_mastodon":{"url":"","error":""},"_links":{"self":[{"href":"https:\/\/www.europesays.com\/es\/wp-json\/wp\/v2\/posts\/266131","targetHints":{"allow":["GET"]}}],"collection":[{"href":"https:\/\/www.europesays.com\/es\/wp-json\/wp\/v2\/posts"}],"about":[{"href":"https:\/\/www.europesays.com\/es\/wp-json\/wp\/v2\/types\/post"}],"author":[{"embeddable":true,"href":"https:\/\/www.europesays.com\/es\/wp-json\/wp\/v2\/users\/2"}],"replies":[{"embeddable":true,"href":"https:\/\/www.europesays.com\/es\/wp-json\/wp\/v2\/comments?post=266131"}],"version-history":[{"count":0,"href":"https:\/\/www.europesays.com\/es\/wp-json\/wp\/v2\/posts\/266131\/revisions"}],"wp:featuredmedia":[{"embeddable":true,"href":"https:\/\/www.europesays.com\/es\/wp-json\/wp\/v2\/media\/266132"}],"wp:attachment":[{"href":"https:\/\/www.europesays.com\/es\/wp-json\/wp\/v2\/media?parent=266131"}],"wp:term":[{"taxonomy":"category","embeddable":true,"href":"https:\/\/www.europesays.com\/es\/wp-json\/wp\/v2\/categories?post=266131"},{"taxonomy":"post_tag","embeddable":true,"href":"https:\/\/www.europesays.com\/es\/wp-json\/wp\/v2\/tags?post=266131"}],"curies":[{"name":"wp","href":"https:\/\/api.w.org\/{rel}","templated":true}]}}