{"id":266135,"date":"2025-12-01T21:41:22","date_gmt":"2025-12-01T21:41:22","guid":{"rendered":"https:\/\/www.europesays.com\/es\/266135\/"},"modified":"2025-12-01T21:41:22","modified_gmt":"2025-12-01T21:41:22","slug":"aitana-sera-intervenida-este-martes-de-la-fractura-de-perone","status":"publish","type":"post","link":"https:\/\/www.europesays.com\/es\/266135\/","title":{"rendered":"Aitana ser\u00e1 intervenida este martes de la fractura de peron\u00e9"},"content":{"rendered":"<p>                        Las pruebas realizadas por el Bar\u00e7a confirman la lesi\u00f3n de la centrocampista azulgrana\n<\/p>\n<p><img src=\"https:\/\/www.mundodeportivo.com\/files\/image_449_220\/files\/fp\/uploads\/2025\/11\/22\/6921c59774711.r_d.1501-782.jpeg\" data-full-src=\"https:\/\/www.europesays.com\/es\/wp-content\/uploads\/2025\/12\/6921c59774711.jpeg\" alt=\"Aitana liderar\u00e1 al Bar\u00e7a desde la medular\" width=\"449\" height=\"220\" class=\"nolazy\" decoding=\"async\" fetchpriority=\"high\"\/><\/p>\n<p class=\"caption-title \">Aitana Bonmat\u00ed celebra el gol que marc\u00f3 en el Cl\u00e1sico<\/p>\n<p>Manel Montilla (MD)<\/p>\n<p>\n                        Actualizado a  01\/12\/2025 17:28 CET\n                    <\/p>\n<p data-gtm-element-container=\"modulo-texto-link\" class=\"paragraph\">Las pruebas que el <strong>FC Barcelona<\/strong> ha realizado sobre <strong>Aitana Bonmat\u00ed<\/strong> confirman los malos pron\u00f3sticos. La centrocampista tiene una fractura transindesmal del peron\u00e9 a nivel del tobillo izquierdo. En un comunicado, el club inform\u00f3 que \u00abel tratamiento ser\u00e1 quir\u00fargico y se realizar\u00e1 el martes a cargo del doctor <strong>Antoni Dalmau<\/strong> en el <strong>Hospital de Barcelona<\/strong>, bajo la supervisi\u00f3n del servicio m\u00e9dico del club\u00bb.<\/p>\n<p data-gtm-element-container=\"modulo-texto-link\" class=\"paragraph\">Una vez finalice la intervenci\u00f3n, el <strong>Bar\u00e7a <\/strong>facilitar\u00e1 un nuevo comunicado. La de <strong>Ribes <\/strong>sufri\u00f3 la lesi\u00f3n de manera fortuita en un entrenamiento con la selecci\u00f3n espa\u00f1ola y de inmediato abandon\u00f3 la concentraci\u00f3n rumbo a <strong>Barcelona<\/strong>.<\/p>\n<p>    Lee tambi\u00e9n<\/p>\n<p data-gtm-element-container=\"modulo-texto-link\" class=\"paragraph\">El tiempo de baja estimado se sabr\u00e1 despu\u00e9s de la intervenci\u00f3n, pero todo apunta a que estar\u00e1 algunos meses fuera de los terrenos de juego. <strong>Aitana <\/strong>se suma a una lista de bajas en la que figuran <strong>Kika Nazareth<\/strong>, tambi\u00e9n lesionada durante este par\u00f3n y que estar\u00e1 fuera durante tres semanas, <strong>Patri Guijarro<\/strong>, <strong>Salma Paralluelo<\/strong> y <strong>Esmee Brugts<\/strong>.<\/p>\n<p>\n        Mostrar comentarios\n    <\/p>\n<p>{\u00aballowComment\u00bb:\u00bballowed\u00bb,\u00bbarticleId\u00bb:\u00bbarticle-1002579329&#8243;,\u00bburl\u00bb:\u00bbhttps:\\\/\\\/www.mundodeportivo.com\\\/futbol\\\/fc-barcelona\\\/20251201\\\/1002579329\\\/aitana-sera-intervenida-martes-fractura-perone.html\u00bb,\u00bblivefyre-url\u00bb:\u00bbarticle-1002579329&#8243;}<\/p>\n<p>Cargando siguiente contenido&#8230;\n                <\/p>\n","protected":false},"excerpt":{"rendered":"Las pruebas realizadas por el Bar\u00e7a confirman la lesi\u00f3n de la centrocampista azulgrana Aitana Bonmat\u00ed celebra el gol&hellip;\n","protected":false},"author":2,"featured_media":266136,"comment_status":"","ping_status":"","sticky":false,"template":"","format":"standard","meta":{"footnotes":""},"categories":[5],"tags":[17,18,25,24,13,14,11,19,20,9,10,15,16,23,12,21,22],"class_list":{"0":"post-266135","1":"post","2":"type-post","3":"status-publish","4":"format-standard","5":"has-post-thumbnail","7":"category-titulares","8":"tag-breaking-news","9":"tag-breakingnews","10":"tag-es","11":"tag-espana","12":"tag-featured-news","13":"tag-featurednews","14":"tag-headlines","15":"tag-latest-news","16":"tag-latestnews","17":"tag-news","18":"tag-noticias","19":"tag-noticias-destacadas","20":"tag-noticiasdestacadas","21":"tag-spain","22":"tag-titulares","23":"tag-ultimas-noticias","24":"tag-ultimasnoticias"},"share_on_mastodon":{"url":"https:\/\/pubeurope.com\/@es\/115646489595099908","error":""},"_links":{"self":[{"href":"https:\/\/www.europesays.com\/es\/wp-json\/wp\/v2\/posts\/266135","targetHints":{"allow":["GET"]}}],"collection":[{"href":"https:\/\/www.europesays.com\/es\/wp-json\/wp\/v2\/posts"}],"about":[{"href":"https:\/\/www.europesays.com\/es\/wp-json\/wp\/v2\/types\/post"}],"author":[{"embeddable":true,"href":"https:\/\/www.europesays.com\/es\/wp-json\/wp\/v2\/users\/2"}],"replies":[{"embeddable":true,"href":"https:\/\/www.europesays.com\/es\/wp-json\/wp\/v2\/comments?post=266135"}],"version-history":[{"count":0,"href":"https:\/\/www.europesays.com\/es\/wp-json\/wp\/v2\/posts\/266135\/revisions"}],"wp:featuredmedia":[{"embeddable":true,"href":"https:\/\/www.europesays.com\/es\/wp-json\/wp\/v2\/media\/266136"}],"wp:attachment":[{"href":"https:\/\/www.europesays.com\/es\/wp-json\/wp\/v2\/media?parent=266135"}],"wp:term":[{"taxonomy":"category","embeddable":true,"href":"https:\/\/www.europesays.com\/es\/wp-json\/wp\/v2\/categories?post=266135"},{"taxonomy":"post_tag","embeddable":true,"href":"https:\/\/www.europesays.com\/es\/wp-json\/wp\/v2\/tags?post=266135"}],"curies":[{"name":"wp","href":"https:\/\/api.w.org\/{rel}","templated":true}]}}