{"id":266143,"date":"2025-12-01T21:52:17","date_gmt":"2025-12-01T21:52:17","guid":{"rendered":"https:\/\/www.europesays.com\/es\/266143\/"},"modified":"2025-12-01T21:52:17","modified_gmt":"2025-12-01T21:52:17","slug":"fifa-realiza-un-anuncio-de-ultimo-momento-previo-al-sorteo","status":"publish","type":"post","link":"https:\/\/www.europesays.com\/es\/266143\/","title":{"rendered":"FIFA realiza un anuncio de \u00faltimo momento previo al sorteo"},"content":{"rendered":"<p data-gtm-element-container=\"modulo-texto-link\" class=\"paragraph\">La <strong>FIFA<\/strong> anunci\u00f3 este lunes que dar\u00e1 a conocer el <strong>calendario completo de partidos del Mundial 2026<\/strong> en una transmisi\u00f3n global en directo el <strong>6 de diciembre<\/strong>, desde Washington, en la que tambi\u00e9n revelar\u00e1 las horas y estadios de los <strong>104 encuentros<\/strong> de la <strong>primera Copa del Mundo de la historia con 48 participantes.<\/strong><\/p>\n<p data-gtm-element-container=\"modulo-texto-link\" class=\"paragraph\">Seg\u00fan comunic\u00f3 <strong><a href=\"https:\/\/www.fifa.com\/en\/tournaments\/mens\/worldcup\/canadamexicousa2026\/articles\/updated-match-schedule-live-in-washington-dc-6-december\" rel=\"nofollow noreferrer noopener\" target=\"_blank\">FIFA<\/a><\/strong> hoy, la retransmisi\u00f3n, que tendr\u00e1 lugar a las <strong>12.00 horas del pr\u00f3ximo s\u00e1bado<\/strong>, se celebrar\u00e1 casi 24 horas despu\u00e9s de que se conozcan los 12 grupos in\u00e9ditos de cuatro equipos en el sorteo final del torneo.<\/p>\n<p data-gtm-element-container=\"modulo-texto-link\" class=\"paragraph\">La transmisi\u00f3n se ofrecer\u00e1 en directo por las <strong>plataformas de FIFA, incluyendo FIFA.com y el canal de YouTube de FIFA.<\/strong><\/p>\n<blockquote class=\"twitter-tweet\" data-lang=\"es\"><p>\n<a href=\"https:\/\/twitter.com\/fifamedia\/status\/1995530578116874531\" rel=\"nofollow noopener\" target=\"_blank\">\n<\/p><\/blockquote>\n<p>La Selecci\u00f3n Mexicana y sus posibles rivales en el partido inaugural<\/p>\n<p data-gtm-element-container=\"modulo-texto-link\" class=\"paragraph\">A la espera del <strong>sorteo de la fase de grupos<\/strong> y del anuncio del <strong>calendario completo<\/strong> por parte de la FIFA 24 horas despu\u00e9s, la <strong>Selecci\u00f3n Mexicana<\/strong> ya sabe que ser\u00e1 <strong>cabeza de serie del Grupo A<\/strong>, lo que lo convierte autom\u00e1ticamente en una de las dos selecciones que protagonizar\u00e1n el <strong>partido inaugural del 11 de junio en el Estadio Azteca.<\/strong><\/p>\n<p data-gtm-element-container=\"modulo-texto-link\" class=\"paragraph\">Por otra parte, tambi\u00e9n se sabe que <strong>su primer rival saldr\u00e1 del bombo 3<\/strong> por lo que pueden hacerse distintas especulaciones con su posible oponente para el debut, exceptuando a <strong>Panam\u00e1<\/strong> ya que ambos son de Concacaf y una de las restricciones de la FIFA para el sorteo es que no haya dos pa\u00edses de la misma confederaci\u00f3n en un grupo salvo de UEFA ya que son en total 16 representantes y son 12 las zonas.<\/p>\n<p>                <img loading=\"lazy\" decoding=\"async\" data-full-src=\"https:\/\/www.mundodeportivo.com\/us\/uploads\/2025\/11\/19\/691df66773a18.jpeg\" alt=\"Horizontal\" width=\"449\" height=\"299\" src=\"https:\/\/www.europesays.com\/es\/wp-content\/uploads\/2025\/12\/691df66773a18.jpeg\" class=\"lazy\"\/><\/p>\n<p class=\"caption-title \">La Selecci\u00f3n Mexicana qued\u00f3 en deuda con su afici\u00f3n en las \u00faltimas presentaciones.\u00a0<\/p>\n<p>                    Carlos Ram\u00edrez \/ EFE<\/p>\n<p data-gtm-element-container=\"modulo-texto-link\" class=\"paragraph\">Con estas condiciones, <strong>M\u00e9xico debutar\u00e1 en el Mundial 2026 <\/strong>ante una de estas selecciones:\u00a0<\/p>\n<ul>\n<li>Noruega<\/li>\n<li>Egipto<\/li>\n<li>Argelia<\/li>\n<li>Paraguay<\/li>\n<li>T\u00fanez<\/li>\n<li>Escocia<\/li>\n<li>Costa de Marfil<\/li>\n<li>Qatar<\/li>\n<li>Uzbekist\u00e1n<\/li>\n<li>Arabia Saudita<\/li>\n<li>Sud\u00e1frica<\/li>\n<\/ul>\n<p>        Lee tambi\u00e9n<\/p>\n<p>    Ignacio Poggio<\/p>\n<p>             <img loading=\"lazy\" decoding=\"async\" data-full-src=\"https:\/\/www.mundodeportivo.com\/us\/uploads\/2025\/11\/25\/69260bf3bb6fe.jpeg\" alt=\"Horizontal\" width=\"334\" height=\"164\" src=\"https:\/\/www.europesays.com\/es\/wp-content\/uploads\/2025\/12\/69260bf3bb6fe.r_d.2863-1909.jpeg\" class=\"lazy\"\/><\/p>\n<p>As\u00ed quedaron conformados los bombos para el sorteo del Mundial 2026 seg\u00fan el ranking FIFA<\/p>\n<p data-gtm-element-container=\"modulo-texto-link\" class=\"paragraph\"><strong>Bombo 1<\/strong><\/p>\n<ul>\n<li>Estados Unidos<\/li>\n<li>M\u00e9xico<\/li>\n<li>Canad\u00e1<\/li>\n<li>Argentina<\/li>\n<li>Brasil<\/li>\n<li>Francia<\/li>\n<li>Alemania<\/li>\n<li>Portugal<\/li>\n<li>B\u00e9lgica<\/li>\n<li>Pa\u00edses Bajos<\/li>\n<li>Inglaterra<\/li>\n<\/ul>\n<p data-gtm-element-container=\"modulo-texto-link\" class=\"paragraph\"><strong>Bombo 2<\/strong><\/p>\n<ul>\n<li>Croacia<\/li>\n<li>Marruecos<\/li>\n<li>Colombia<\/li>\n<li>Uruguay<\/li>\n<li>Suiza<\/li>\n<li>Jap\u00f3n<\/li>\n<li>Senegal<\/li>\n<li>Ir\u00e1n<\/li>\n<li>Corea del Sur<\/li>\n<li>Ecuador<\/li>\n<li>Austria<\/li>\n<li>Australia<\/li>\n<\/ul>\n<p>                <img loading=\"lazy\" decoding=\"async\" data-full-src=\"https:\/\/www.mundodeportivo.com\/us\/uploads\/2025\/12\/01\/692ddf354d64c.jpeg\" alt=\"As\u00ed quedaron los bombos para el sorteo de la fase de grupos del Mundial 2026. \/\/FIFA\" width=\"449\" height=\"252\" src=\"https:\/\/www.europesays.com\/es\/wp-content\/uploads\/2025\/12\/692ddf354d64c.jpeg\" class=\"lazy\"\/><\/p>\n<p class=\"caption-title \">As\u00ed quedaron los bombos para el sorteo de la fase de grupos del Mundial 2026. \/\/FIFA<\/p>\n<p data-gtm-element-container=\"modulo-texto-link\" class=\"paragraph\"><strong>Bombo 3<\/strong><\/p>\n<ul>\n<li>Noruega<\/li>\n<li>Panam\u00e1<\/li>\n<li>Egipto<\/li>\n<li>Argelia<\/li>\n<li>Escocia<\/li>\n<li>Paraguay<\/li>\n<li>T\u00fanez<\/li>\n<li>Costa de Marfil<\/li>\n<li>Uzbekist\u00e1n<\/li>\n<li>Qatar<\/li>\n<li>Arabia Saudita<\/li>\n<li>Sud\u00e1frica<\/li>\n<\/ul>\n<p data-gtm-element-container=\"modulo-texto-link\" class=\"paragraph\"><strong>Bombo 4<\/strong><\/p>\n<ul>\n<li>Jordania<\/li>\n<li>Cabo Verde<\/li>\n<li>Ghana<\/li>\n<li>Curazao<\/li>\n<li>Hait\u00ed<\/li>\n<li>Nueva Zelanda<\/li>\n<li>Repesca Europa 1<\/li>\n<li>Repesca Europa 2<\/li>\n<li>Repesca Europa 3<\/li>\n<li>Repesca Europa 4<\/li>\n<li>Repesca Intercontinental 1<\/li>\n<\/ul>\n<ul>\n<li>Repesca Intercontinental 2<\/li>\n<\/ul>\n<p>        Lee tambi\u00e9n<\/p>\n<p>    Ignacio Poggio<\/p>\n<p>             <img loading=\"lazy\" decoding=\"async\" data-full-src=\"https:\/\/www.mundodeportivo.com\/us\/uploads\/2025\/11\/13\/69168b703e006.jpeg\" alt=\"Horizontal\" width=\"334\" height=\"164\" src=\"https:\/\/www.europesays.com\/es\/wp-content\/uploads\/2025\/12\/69168b703e006.r_d.1106-792.jpeg\" class=\"lazy\"\/><\/p>\n<p>\u00bfQu\u00e9 d\u00eda la FIFA har\u00e1 oficial el calendario completo del Mundial 2026?<\/p>\n<p data-gtm-element-container=\"modulo-texto-link\" class=\"paragraph\">El <strong>s\u00e1bado 6 de diciembre a partir de las 12 horas<\/strong> del mediod\u00eda del Este de USA, <strong>FIFA<\/strong> har\u00e1 oficial el <strong>cronograma de partidos completo del Mundial 2026.<\/strong><\/p>\n<p data-gtm-element-container=\"modulo-texto-link\" class=\"paragraph\">El anuncio ser\u00e1 presentado por el presidente de la FIFA, <strong>Gianni Infantino<\/strong>, quien estar\u00e1 acompa\u00f1ado en el escenario por leyendas de la FIFA y por representantes de los 42 equipos clasificados, as\u00ed como aquellos que a\u00fan compiten por un lugar.<\/p>\n<p data-gtm-element-container=\"modulo-texto-link\" class=\"paragraph\">Durante la transmisi\u00f3n, se ofrecer\u00e1n <strong>an\u00e1lisis y reacciones<\/strong> sobre los enfrentamientos, y se compartir\u00e1n historias clave y perspectivas sobre las sedes que recibir\u00e1n al mundo en junio y julio del pr\u00f3ximo a\u00f1o.<\/p>\n<p><script async src=\"https:\/\/platform.twitter.com\/widgets.js\" charset=\"utf-8\"><\/script><\/p>\n","protected":false},"excerpt":{"rendered":"La FIFA anunci\u00f3 este lunes que dar\u00e1 a conocer el calendario completo de partidos del Mundial 2026 en&hellip;\n","protected":false},"author":2,"featured_media":266144,"comment_status":"","ping_status":"","sticky":false,"template":"","format":"standard","meta":{"footnotes":""},"categories":[268],"tags":[168,25,24,280,282,281,23,167],"class_list":{"0":"post-266143","1":"post","2":"type-post","3":"status-publish","4":"format-standard","5":"has-post-thumbnail","7":"category-futbol","8":"tag-deportes","9":"tag-es","10":"tag-espana","11":"tag-football","12":"tag-futbol","13":"tag-soccer","14":"tag-spain","15":"tag-sports"},"share_on_mastodon":{"url":"https:\/\/pubeurope.com\/@es\/115646533041356690","error":""},"_links":{"self":[{"href":"https:\/\/www.europesays.com\/es\/wp-json\/wp\/v2\/posts\/266143","targetHints":{"allow":["GET"]}}],"collection":[{"href":"https:\/\/www.europesays.com\/es\/wp-json\/wp\/v2\/posts"}],"about":[{"href":"https:\/\/www.europesays.com\/es\/wp-json\/wp\/v2\/types\/post"}],"author":[{"embeddable":true,"href":"https:\/\/www.europesays.com\/es\/wp-json\/wp\/v2\/users\/2"}],"replies":[{"embeddable":true,"href":"https:\/\/www.europesays.com\/es\/wp-json\/wp\/v2\/comments?post=266143"}],"version-history":[{"count":0,"href":"https:\/\/www.europesays.com\/es\/wp-json\/wp\/v2\/posts\/266143\/revisions"}],"wp:featuredmedia":[{"embeddable":true,"href":"https:\/\/www.europesays.com\/es\/wp-json\/wp\/v2\/media\/266144"}],"wp:attachment":[{"href":"https:\/\/www.europesays.com\/es\/wp-json\/wp\/v2\/media?parent=266143"}],"wp:term":[{"taxonomy":"category","embeddable":true,"href":"https:\/\/www.europesays.com\/es\/wp-json\/wp\/v2\/categories?post=266143"},{"taxonomy":"post_tag","embeddable":true,"href":"https:\/\/www.europesays.com\/es\/wp-json\/wp\/v2\/tags?post=266143"}],"curies":[{"name":"wp","href":"https:\/\/api.w.org\/{rel}","templated":true}]}}