{"id":266163,"date":"2025-12-01T22:06:21","date_gmt":"2025-12-01T22:06:21","guid":{"rendered":"https:\/\/www.europesays.com\/es\/266163\/"},"modified":"2025-12-01T22:06:21","modified_gmt":"2025-12-01T22:06:21","slug":"tres-detenidos-por-una-agresion-sexual-grupal-a-una-joven-de-18-anos-en-malaga","status":"publish","type":"post","link":"https:\/\/www.europesays.com\/es\/266163\/","title":{"rendered":"Tres detenidos por una agresi\u00f3n sexual grupal a una joven de 18 a\u00f1os en M\u00e1laga"},"content":{"rendered":"<p class=\"article-text\">\n        La Polic\u00eda Nacional ha detenido en M\u00e1laga a tres hombres, de entre 18 y 19 a\u00f1os, por su supuesta responsabilidad en un delito de agresi\u00f3n sexual grupal a una joven de 18 a\u00f1os. La agresi\u00f3n sexual tuvo lugar la madrugada del pasado d\u00eda 3 de octubre, en un descampado utilizado como parking de veh\u00edculos, en las proximidades de una sala de baile en la capital malague\u00f1a.\n    <\/p>\n<p>    <a href=\"https:\/\/www.eldiario.es\/castilla-la-mancha\/social\/trato-machista-obstaculos-encuentran-victimas-violencia-sexual-centros-crisis_1_12791692.html\" data-mrf-recirculation=\"saber-mas\" data-dl-event=\"saber-mas\" rel=\"nofollow noopener\" target=\"_blank\"><\/p>\n<p class=\"know-more__title\">\u00abEl trato fue machista\u00bb: los \u00abobst\u00e1culos\u00bb que encuentran las v\u00edctimas de violencia sexual en los centros de crisis<\/p>\n<p>            <img decoding=\"async\" class=\"lazy\" loading=\"lazy\" data-src=\"https:\/\/static.eldiario.es\/clip\/0070393b-9c23-47e4-863a-6f27fd6096cd_16-9-aspect-ratio_default_0.jpg\" src=\"data:image\/svg+xml,%3Csvg xmlns=\" http:=\"\" viewbox=\"0 0 880 495\" alt=\"&quot;El trato fue machista&quot;: los &quot;obst\u00e1culos&quot; que encuentran las v\u00edctimas de violencia sexual en los centros de crisis\"\/><\/p>\n<p>                        <\/a><\/p>\n<p class=\"article-text\">\n        Seg\u00fan informa la Polic\u00eda en una nota de prensa, la v\u00edctima conoci\u00f3 a uno de sus agresores en una discoteca. En un momento de la noche, la joven sali\u00f3 del establecimiento con el chico que acaba de conocer y, seguidamente, se sumaron a la pareja, ya en la via p\u00fablica, otros dos varones, amigos del anterior.\n    <\/p>\n<p class=\"article-text\">\n        De acuerdo con la investigaci\u00f3n, el grupo condujo a la v\u00edctima a un descampado donde presuntamente la obligaron a mantener relaciones sexuales no consentidas. Tras activarse el protocolo correspondiente ante v\u00edctimas de agresi\u00f3n sexual, la afectada recibi\u00f3 asistencia sanitaria en un hospital y luego present\u00f3 denuncia en comisar\u00eda.\n    <\/p>\n<p>    <a href=\"https:\/\/www.eldiario.es\/andalucia\/andalucia-eleva-13-victimas-violencia-machista-2025-confirmar-casos-malaga_1_12805235.html\" data-mrf-recirculation=\"saber-mas-abajo\" data-dl-event=\"saber-mas-abajo\" rel=\"nofollow noopener\" target=\"_blank\"><\/p>\n<p class=\"know-more__title\">Andaluc\u00eda eleva a 13 las v\u00edctimas de violencia machista en 2025 tras confirmar dos casos en M\u00e1laga\n<\/p>\n<p>            <img decoding=\"async\" class=\"lazy\" loading=\"lazy\" data-src=\"https:\/\/static.eldiario.es\/clip\/00693ec5-a992-4d0f-8fe1-cdf644fcdf7d_16-9-aspect-ratio_default_0.jpg\" src=\"data:image\/svg+xml,%3Csvg xmlns=\" http:=\"\" viewbox=\"0 0 880 495\" alt=\"Andaluc\u00eda eleva a 13 las v\u00edctimas de violencia machista en 2025 tras confirmar dos casos en M\u00e1laga\"\/><\/p>\n<p>                        <\/a><\/p>\n<p class=\"article-text\">\n        La Unidad de Familia y Atenci\u00f3n a la Mujer (UFAM) de la Comisar\u00eda Provincial de M\u00e1laga se hizo cargo de una investigaci\u00f3n que result\u00f3 ser muy compleja. Numerosas diligencias policiales practicadas, con reconstrucci\u00f3n de los hechos, tomas de declaraciones a testigos y reconocimientos fotogr\u00e1ficos, entre otras, permitieron identificar a los responsables, que fueron localizados y detenidos el pasado jueves 27 de noviembre en sus respectivos domicilios. Los investigados fueron puestos a disposici\u00f3n judicial el viernes 28. El caso est\u00e1 en manos del Juzgado de Violencia sobre la Mujer n\u00famero 3 de M\u00e1laga.\n    <\/p>\n<p class=\"article-text\">\n        <a href=\"https:\/\/usuarios.eldiario.es\/hazte_socio\/?utm_source=andalucia&amp;utm_campaign=eell&amp;utm_medium=all&amp;_gl=1*1686cvs*_gcl_au*MTYxMDA0MjMxOS4xNzUzODU2NTg0*_ga*MzI3MDQxMTk0LjE2Njc4MTY1MDY.*_ga_4RZPWREGF3*czE3NTk4MzU1ODckbzcwJGcxJHQxNzU5ODM2MDg2JGo2MCRsMCRoMA..\" target=\"_blank\" data-mrf-recirculation=\"links-noticia\" class=\"link\" rel=\"nofollow noopener\">Desde este enlace<\/a>\u00a0puedes convertirte en nuevo socio\/a de<a href=\"https:\/\/www.eldiario.es\/andalucia\/\" target=\"_blank\" data-mrf-recirculation=\"links-noticia\" class=\"link\" rel=\"nofollow noopener\">\u00a0elDiario.es Andaluc\u00eda<\/a>\u00a0y apoyar\u00e1s econ\u00f3micamente un periodismo independiente y riguroso hecho desde nuestra tierra.\n    <\/p>\n<p class=\"article-text\">\n        Si ya eres socio\/a, puedes hacer una aportaci\u00f3n extra destinada \u00edntegramente a la redacci\u00f3n de Andaluc\u00eda desde el apartado &#8216;Tu cuota&#8217;. Es importante para que podamos seguir contando noticias de Andaluc\u00eda desde Andaluc\u00eda. \u00a1Gracias por tu apoyo!\n    <\/p>\n","protected":false},"excerpt":{"rendered":"La Polic\u00eda Nacional ha detenido en M\u00e1laga a tres hombres, de entre 18 y 19 a\u00f1os, por su&hellip;\n","protected":false},"author":2,"featured_media":266164,"comment_status":"","ping_status":"","sticky":false,"template":"","format":"standard","meta":{"footnotes":""},"categories":[5],"tags":[1705,259,17,18,2760,3854,25,24,13,14,494,11,1667,19,20,3855,9,10,15,16,1925,1171,23,12,21,22],"class_list":{"0":"post-266163","1":"post","2":"type-post","3":"status-publish","4":"format-standard","5":"has-post-thumbnail","7":"category-titulares","8":"tag-analisis","9":"tag-andalucia","10":"tag-breaking-news","11":"tag-breakingnews","12":"tag-cordoba","13":"tag-eldiario-es","14":"tag-es","15":"tag-espana","16":"tag-featured-news","17":"tag-featurednews","18":"tag-granada","19":"tag-headlines","20":"tag-informacion","21":"tag-latest-news","22":"tag-latestnews","23":"tag-malaga","24":"tag-news","25":"tag-noticias","26":"tag-noticias-destacadas","27":"tag-noticiasdestacadas","28":"tag-opinion","29":"tag-sevilla","30":"tag-spain","31":"tag-titulares","32":"tag-ultimas-noticias","33":"tag-ultimasnoticias"},"share_on_mastodon":{"url":"https:\/\/pubeurope.com\/@es\/115646587410818435","error":""},"_links":{"self":[{"href":"https:\/\/www.europesays.com\/es\/wp-json\/wp\/v2\/posts\/266163","targetHints":{"allow":["GET"]}}],"collection":[{"href":"https:\/\/www.europesays.com\/es\/wp-json\/wp\/v2\/posts"}],"about":[{"href":"https:\/\/www.europesays.com\/es\/wp-json\/wp\/v2\/types\/post"}],"author":[{"embeddable":true,"href":"https:\/\/www.europesays.com\/es\/wp-json\/wp\/v2\/users\/2"}],"replies":[{"embeddable":true,"href":"https:\/\/www.europesays.com\/es\/wp-json\/wp\/v2\/comments?post=266163"}],"version-history":[{"count":0,"href":"https:\/\/www.europesays.com\/es\/wp-json\/wp\/v2\/posts\/266163\/revisions"}],"wp:featuredmedia":[{"embeddable":true,"href":"https:\/\/www.europesays.com\/es\/wp-json\/wp\/v2\/media\/266164"}],"wp:attachment":[{"href":"https:\/\/www.europesays.com\/es\/wp-json\/wp\/v2\/media?parent=266163"}],"wp:term":[{"taxonomy":"category","embeddable":true,"href":"https:\/\/www.europesays.com\/es\/wp-json\/wp\/v2\/categories?post=266163"},{"taxonomy":"post_tag","embeddable":true,"href":"https:\/\/www.europesays.com\/es\/wp-json\/wp\/v2\/tags?post=266163"}],"curies":[{"name":"wp","href":"https:\/\/api.w.org\/{rel}","templated":true}]}}