{"id":266169,"date":"2025-12-01T22:14:17","date_gmt":"2025-12-01T22:14:17","guid":{"rendered":"https:\/\/www.europesays.com\/es\/266169\/"},"modified":"2025-12-01T22:14:17","modified_gmt":"2025-12-01T22:14:17","slug":"ya-ha-llenado-cinco-autobuses","status":"publish","type":"post","link":"https:\/\/www.europesays.com\/es\/266169\/","title":{"rendered":"ya ha llenado cinco autobuses"},"content":{"rendered":"<p class=\"paragraph\">La afici\u00f3n del Casademont Zaragoza ha vuelto a reponder con grandeza. El club aragon\u00e9s\u00a0<b>organiz\u00f3 un viaje a Valencia, para el pr\u00f3ximo 14 de diciembre, domingo, <\/b>para que sus seguidores respalden a los dos primeros equipos de la entidad en sus respectivos encuentros del campeonato liguero. Y ya se han llenado cinco autobus\u00e9s, en lo que sera un desplazamiento hist\u00f3rico.\u00a0<\/p>\n<p class=\"paragraph\">El Casademont femenino, <b>instalado en la zona alta de la tabla<\/b> en la Liga Femenina, y clasificado ya para la segunda fase de la Euroliga, se enfrentar\u00e1 ese d\u00eda al Valencia Basket, en el Roig Arena, en el partido correspondiante a la und\u00e9cima jornada del torneo dom\u00e9stico. El choque comenzar\u00e1 las\u00a011.00.\u00a0<\/p>\n<p class=\"paragraph\">El conjunto de Carlos Cantero,<b> tercer clasificado, <\/b>ha sumado el triunfo en siete de los ocho partidos que ha disputado en el campeonato nacional. El mismo balance presentan el Valencia, que es segundo; el Spar Girona, actual l\u00edder; y el IDK Euskotren, que es cuarto.\u00a0\u00a0<\/p>\n<p>Ante el l\u00edder<\/p>\n<p class=\"paragraph\">Por la tarde, el Casademont masculino <b>jugar\u00e1 a las 18.00, tambi\u00e9n en el Roig Arena,<\/b> contra uno de las plantillas m\u00e1s potentes de la Liga Endesa. Ser\u00e1 en el encuentro de la d\u00e9cima jornada.\u00a0<\/p>\n<p class=\"paragraph\">Ek Valencia Basket<b> lidera actualmente el torneo dom\u00e9stico, <\/b>con siete victorias y una derrota en ocho jornadas. Mientras, el equipo aragon\u00e9s es antepen\u00faltimo, tras haber obtenido dos triunfos.\u00a0<\/p>\n<p class=\"paragraph\">La iniciativa del Casademont Zaragoza presenta grandes atractivos. <b>El precio es de 80 euros, <\/b>y el pack inclute el desplazamiento a Valencia -ida y vuelta- y tambi\u00e9n la entrada para presenciar en directo los dos encuentros. Ya hay cinco autobuses llenos, y el club ya ha puesto a la venta las entradas del sexto.\u00a0<\/p>\n<p class=\"paragraph\">La salida tendr\u00e1 lugar el 14 de diciembre,<b> a las 7.00, desde el pabell\u00f3n Pr\u00edncipe Felipe, <\/b>mientras que el regreso est\u00e1 fijado a las 20.30, desde el Roig Arena, una vez finalizado el choque del Casademont masculino.\u00a0<\/p>\n<p class=\"paragraph\">Ser\u00e1 un desplazamiento hist\u00f3rico de la afici\u00f3n aragonesa para encuentros ligueros. De hecho, adem\u00e1s de los cinco autobuses ya completos, el Casademont tiene <b>otro autocar lleno para el club de patrocinadores,<\/b> y ha vendido m\u00e1s de un centenar de entradas individuales para seguidores que viajar\u00e1n por su cuenta.\u00a0<\/p>\n","protected":false},"excerpt":{"rendered":"La afici\u00f3n del Casademont Zaragoza ha vuelto a reponder con grandeza. El club aragon\u00e9s\u00a0organiz\u00f3 un viaje a Valencia,&hellip;\n","protected":false},"author":2,"featured_media":266170,"comment_status":"","ping_status":"","sticky":false,"template":"","format":"standard","meta":{"footnotes":""},"categories":[269],"tags":[4029,299,298,2511,168,25,24,1903,10550,23,167,235],"class_list":{"0":"post-266169","1":"post","2":"type-post","3":"status-publish","4":"format-standard","5":"has-post-thumbnail","7":"category-baloncesto","8":"tag-autobuses","9":"tag-baloncesto","10":"tag-basketball","11":"tag-casademont","12":"tag-deportes","13":"tag-es","14":"tag-espana","15":"tag-historico","16":"tag-realizara","17":"tag-spain","18":"tag-sports","19":"tag-valencia"},"share_on_mastodon":{"url":"https:\/\/pubeurope.com\/@es\/115646618940966564","error":""},"_links":{"self":[{"href":"https:\/\/www.europesays.com\/es\/wp-json\/wp\/v2\/posts\/266169","targetHints":{"allow":["GET"]}}],"collection":[{"href":"https:\/\/www.europesays.com\/es\/wp-json\/wp\/v2\/posts"}],"about":[{"href":"https:\/\/www.europesays.com\/es\/wp-json\/wp\/v2\/types\/post"}],"author":[{"embeddable":true,"href":"https:\/\/www.europesays.com\/es\/wp-json\/wp\/v2\/users\/2"}],"replies":[{"embeddable":true,"href":"https:\/\/www.europesays.com\/es\/wp-json\/wp\/v2\/comments?post=266169"}],"version-history":[{"count":0,"href":"https:\/\/www.europesays.com\/es\/wp-json\/wp\/v2\/posts\/266169\/revisions"}],"wp:featuredmedia":[{"embeddable":true,"href":"https:\/\/www.europesays.com\/es\/wp-json\/wp\/v2\/media\/266170"}],"wp:attachment":[{"href":"https:\/\/www.europesays.com\/es\/wp-json\/wp\/v2\/media?parent=266169"}],"wp:term":[{"taxonomy":"category","embeddable":true,"href":"https:\/\/www.europesays.com\/es\/wp-json\/wp\/v2\/categories?post=266169"},{"taxonomy":"post_tag","embeddable":true,"href":"https:\/\/www.europesays.com\/es\/wp-json\/wp\/v2\/tags?post=266169"}],"curies":[{"name":"wp","href":"https:\/\/api.w.org\/{rel}","templated":true}]}}