{"id":266171,"date":"2025-12-01T22:15:09","date_gmt":"2025-12-01T22:15:09","guid":{"rendered":"https:\/\/www.europesays.com\/es\/266171\/"},"modified":"2025-12-01T22:15:09","modified_gmt":"2025-12-01T22:15:09","slug":"hongla-se-queda-fuera-de-la-lista-de-camerun-para-la-copa-de-africa","status":"publish","type":"post","link":"https:\/\/www.europesays.com\/es\/266171\/","title":{"rendered":"Hongla se queda fuera de la lista de Camer\u00fan para la Copa de \u00c1frica"},"content":{"rendered":"<p>Martin Hongla se ha quedado fuera de la lista de Camer\u00fan para la Copa de \u00c1frica. La federaci\u00f3n de su pa\u00eds desvel\u00f3 este mismo lunes  &#8230; el grupo de convocados, con 28 futbolistas en total, entre ellos jugadores en el campeonato espa\u00f1ol como Boyomo, Etta Eyong o Soko, pero no el mediocentro del Granada, baja en el \u00faltimo partido de los rojiblancos por unas molestias en la rodilla. <\/p>\n<p class=\"v-p\">Hongla hab\u00eda ido a todas las citaciones de Camer\u00fan hasta la fecha. De hecho, a pesar de llevar muchas semanas sin actuar con los rojiblancos, s\u00ed tuvo minutos en la segunda parte del enfrentamiento entre su pa\u00eds y Rep\u00fablica Democr\u00e1tica del Congo, en semifinales de la repesca por una plaza en el pr\u00f3ximo Mundial de EE UU. Sin embargo, Camer\u00fan perdi\u00f3 y se qued\u00f3 sin sitio en la competici\u00f3n. Para la Copa Africana de Naciones s\u00ed estaba ya clasificada, pero la sorpresa lleg\u00f3 cuando David Pagou le deja fuera de un listado difundido con mucha antelaci\u00f3n. <\/p>\n<p class=\"v-p\">La \u00faltima vez que particip\u00f3 en una cita del Granada fue el pasado 28 de septiembre, en la segunda mitad de un partido que concluy\u00f3 con victoria nazar\u00ed por 0-1. Desde entonces, apariciones en el banquillo y poco m\u00e1s. En las citas m\u00e1s recientes, ni siquiera calent\u00f3. Con el C\u00f3rdoba fue suplente y unos d\u00edas despu\u00e9s se supo que ten\u00eda un problema en la rodllla. <\/p>\n<p class=\"v-p\">El caso de Hongla es una patata caliente en la entidad. Tiene un salario &#8216;top&#8217; y en la entidad le han pretendido vender desde el verano, sin \u00e9xito. La negativa del propio futbolista trunc\u00f3 su salida al Aris de Sal\u00f3nica en el periodo estival y luego al Rubin Kaz\u00e1n, ya con el mercado espa\u00f1ol cerrado, pero no el ruso. En Granada le quiere sacar en el pr\u00f3ximo mercado invernal, pero sin &#8216;escaparate&#8217; competitivo la situaci\u00f3n se complica mucho m\u00e1s. El club necesita liberar margen econ\u00f3mico, pero no es nada sencillo. <\/p>\n","protected":false},"excerpt":{"rendered":"Martin Hongla se ha quedado fuera de la lista de Camer\u00fan para la Copa de \u00c1frica. La federaci\u00f3n&hellip;\n","protected":false},"author":2,"featured_media":266172,"comment_status":"","ping_status":"","sticky":false,"template":"","format":"standard","meta":{"footnotes":""},"categories":[268],"tags":[5404,30728,2493,168,25,24,280,282,12957,12182,3041,281,23,167],"class_list":{"0":"post-266171","1":"post","2":"type-post","3":"status-publish","4":"format-standard","5":"has-post-thumbnail","7":"category-futbol","8":"tag-africa","9":"tag-camerun","10":"tag-copa","11":"tag-deportes","12":"tag-es","13":"tag-espana","14":"tag-football","15":"tag-futbol","16":"tag-hongla","17":"tag-lista","18":"tag-queda","19":"tag-soccer","20":"tag-spain","21":"tag-sports"},"share_on_mastodon":{"url":"https:\/\/pubeurope.com\/@es\/115646623067648473","error":""},"_links":{"self":[{"href":"https:\/\/www.europesays.com\/es\/wp-json\/wp\/v2\/posts\/266171","targetHints":{"allow":["GET"]}}],"collection":[{"href":"https:\/\/www.europesays.com\/es\/wp-json\/wp\/v2\/posts"}],"about":[{"href":"https:\/\/www.europesays.com\/es\/wp-json\/wp\/v2\/types\/post"}],"author":[{"embeddable":true,"href":"https:\/\/www.europesays.com\/es\/wp-json\/wp\/v2\/users\/2"}],"replies":[{"embeddable":true,"href":"https:\/\/www.europesays.com\/es\/wp-json\/wp\/v2\/comments?post=266171"}],"version-history":[{"count":0,"href":"https:\/\/www.europesays.com\/es\/wp-json\/wp\/v2\/posts\/266171\/revisions"}],"wp:featuredmedia":[{"embeddable":true,"href":"https:\/\/www.europesays.com\/es\/wp-json\/wp\/v2\/media\/266172"}],"wp:attachment":[{"href":"https:\/\/www.europesays.com\/es\/wp-json\/wp\/v2\/media?parent=266171"}],"wp:term":[{"taxonomy":"category","embeddable":true,"href":"https:\/\/www.europesays.com\/es\/wp-json\/wp\/v2\/categories?post=266171"},{"taxonomy":"post_tag","embeddable":true,"href":"https:\/\/www.europesays.com\/es\/wp-json\/wp\/v2\/tags?post=266171"}],"curies":[{"name":"wp","href":"https:\/\/api.w.org\/{rel}","templated":true}]}}