{"id":266180,"date":"2025-12-01T22:22:09","date_gmt":"2025-12-01T22:22:09","guid":{"rendered":"https:\/\/www.europesays.com\/es\/266180\/"},"modified":"2025-12-01T22:22:09","modified_gmt":"2025-12-01T22:22:09","slug":"rayo-y-valencia-empatan-en-vallecas-un-partido-muy-disputado-futbol-deportes","status":"publish","type":"post","link":"https:\/\/www.europesays.com\/es\/266180\/","title":{"rendered":"Rayo y Valencia empatan en Vallecas un partido muy disputado | F\u00fatbol | Deportes"},"content":{"rendered":"<p class=\"\">Rayo y Valencia empataron un encuentro que ambos necesitaban ganar. <a href=\"https:\/\/elpais.com\/deportes\/futbol\/2025-11-09\/vallecas-y-el-rayo-evaporan-al-real-madrid.html\" target=\"_self\" rel=\"nofollow noopener\" title=\"https:\/\/elpais.com\/deportes\/futbol\/2025-11-09\/vallecas-y-el-rayo-evaporan-al-real-madrid.html\">El Rayo, para situarse <\/a>una zona de tranquilidad, y el Valencia, para alejarse de los puestos de descenso. Los dos equipos empezaron proponiendo en ataque mediante balones largos, aunque la primera gran ocasi\u00f3n la tuvieron los locales. En el minuto cinco, tras un buen robo de Gumbau, Fran P\u00e9rez dispar\u00f3 desde fuera del \u00e1rea y Aguirrezabala tuvo que emplearse a fondo para mandar el bal\u00f3n a c\u00f3rner. Veinte minutos despu\u00e9s, y con el mismo protagonista, el Rayo volvi\u00f3 a perdonar: Fran P\u00e9rez pesc\u00f3 un bal\u00f3n dentro del \u00e1rea tras un disparo de De Frutos, y, cuando parec\u00eda que el bal\u00f3n entraba, Copete lo acab\u00f3 sacando de cabeza en la l\u00ednea de gol.<\/p>\n<p>                                                                                                                                                                                                                                                                                <img decoding=\"async\" title=\"Rayo\" loading=\"lazy\" src=\"https:\/\/static.prisa.com\/aside\/resizer\/resize\/img\/sports\/football\/teams\/2.png?width=160&amp;height=160\"  width=\"80\" height=\"80\" data-error-image=\"https:\/\/static.prisa.com\/aside\/resizer\/resize\/img\/sports\/football\/teams\/default.png?width=160&amp;height=160\"\/><\/p>\n<p>\n            1<\/p>\n<p>                                                                                                                                                                                                                                                                                                                                                                                                                                                                                                                                                                                                                                                                                                                                                                                                                                                                                                                                                                                                                                                                                                                                                                                                                                                                                                                                                                                                                                                                                                                                                                                                                                                                                                                                                                                                                                                                                                                                                                                                                                                                                                                                                                                                                                                                                                                                                                                                                                                                                                                                                                                                                                                                                                                                                                                                                                                                                                                                                                                                                                                                                                                                                                                                                                                    Augusto Batalla, Nobel Mendy (Luiz Felipe, min. 82), Florian Lejeune, Andrei Ratiu, Pep Chavarr\u00eda, Gerard Gumbau, \u00c1lvaro Garc\u00eda (Sergio Camello, min. 91), \u00d3scar Valent\u00edn, Fran P\u00e9rez (Pacha Espino, min. 68), Unai L\u00f3pez (Alem\u00e3o, min. 68) y Jorge de Frutos (Iv\u00e1n Balliu, min. 82)<\/p>\n<p>\n            1<\/p>\n<p>                                                                                                                                                                                                                                                                                <img decoding=\"async\" title=\"Valencia\" loading=\"lazy\" src=\"https:\/\/static.prisa.com\/aside\/resizer\/resize\/img\/sports\/football\/teams\/17.png?width=160&amp;height=160\"  width=\"80\" height=\"80\" data-error-image=\"https:\/\/static.prisa.com\/aside\/resizer\/resize\/img\/sports\/football\/teams\/default.png?width=160&amp;height=160\"\/><\/p>\n<p>                                                                                                                                                                                                                                                                                                                                                                                                                                                                                                                                                                                                                                                                                                                                                                                                                                                                                                                                                                                                                                                                                                                                                                                                                                                                                                                                                                                                                                                                                                                                                                                                                                                                                                                                                                                                                                                                                                                                                                                                                                                                                                                                                                                                                                                                                                                                                                                                                                                                                                                                                                                                                                                                                                                                                                                                                                                                                                                                                                                                                                                                                                                                                                                                                                                    Julen Agirrezabala, Jos\u00e9 Gay\u00e0, C\u00e9sar T\u00e1rrega, Thierry Correia, Copete, Pepelu (Baptiste Santamar\u00eda, min. 91), Diego L\u00f3pez (Dani Raba, min. 91), Andr\u00e9 Almeida, Javi Guerra (Arnaut Danjuma, min. 56), Luis Rioja (Filip Ugrinic, min. 73) y Hugo Duro (Lucas Beltr\u00e1n, min. 73)<\/p>\n<p>\n            <b>Goles<\/b><br \/>\n                                                                                                        1-0 min. 36: Nobel Mendy.                                                                                 1-1 min. 63: Diego L\u00f3pez                     <\/p>\n<p>\n            <b>Arbitro<\/b> Javier Alberola Rojas<\/p>\n<p>Tarjetas amarillas<br \/>\n                                            Thierry Correia (min. 70),                                             Alem\u00e3o (min. 95)\n                <\/p>\n<p class=\"\">Y, <a href=\"https:\/\/elpais.com\/deportes\/futbol\/2025-11-06\/el-rayo-tira-de-epica-y-remonta-en-el-descuento-ante-el-lech-poznan.html\" target=\"_self\" rel=\"nofollow noopener\" title=\"https:\/\/elpais.com\/deportes\/futbol\/2025-11-06\/el-rayo-tira-de-epica-y-remonta-en-el-descuento-ante-el-lech-poznan.html\">cuando m\u00e1s apretaba el Rayo<\/a>, lleg\u00f3 el primer gol del partido. Gumbau, tras un c\u00f3rner sacado en corto, envi\u00f3 un gran centro al primer palo que Mendy aprovech\u00f3 para adelantar a su equipo de cabeza. Pero el Valencia no se iba a rendir tan f\u00e1cil: en la \u00faltima jugada antes del descanso, Rioja centr\u00f3 un bal\u00f3n que Batalla no atin\u00f3 a despejar y Diego L\u00f3pez dispar\u00f3 casi a placer, pero su tiro lo sac\u00f3 \u00c1lvaro Garc\u00eda bajo los palos. <\/p>\n<p class=\"\">Ya en la segunda parte, el Valencia propuso m\u00e1s, atacando a los locales por la banda izquierda con Gay\u00e1 y Rioja como sus mayores amenazas. En ese contexto lleg\u00f3 el gol del equipo che: el Rayo no acert\u00f3 a despejar un centro lateral, y Diego L\u00f3pez, tras recibir el bal\u00f3n muerto dentro del \u00e1rea, hizo el empate tras desviar su disparo Mendy y confundir a Batalla. Despu\u00e9s del gol visitante, el Rayo retom\u00f3 el control del partido mientras los de Corber\u00e1n volv\u00edan a replegarse y buscar las contras, aunque ninguno de los dos equipos consigui\u00f3 generar demasiado peligro. La m\u00e1s clara <a href=\"https:\/\/elpais.com\/deportes\/futbol\/2025-11-27\/el-rayo-vallecano-naufraga-en-bratislava.html\" target=\"_self\" rel=\"nofollow noopener\" title=\"https:\/\/elpais.com\/deportes\/futbol\/2025-11-27\/el-rayo-vallecano-naufraga-en-bratislava.html\">fue del incansable Ratiu<\/a>, quien, tras una carrera desde su campo, se sac\u00f3 un latigazo de la chistera que impact\u00f3 en el lateral de la red para la desesperaci\u00f3n de Vallecas. El Valencia tambi\u00e9n tuvo su oportunidad para llevarse los tres puntos. Tras una recuperaci\u00f3n en la salida de bal\u00f3n de los locales, Danjuma, que recibi\u00f3 el esf\u00e9rico en la frontal del \u00e1rea, dispar\u00f3 muy forzado y el bal\u00f3n se fue rozando el palo derecho de Batalla. Al final, empate en Vallecas, que no deja satisfecho a ninguno de los dos equipos.<\/p>\n","protected":false},"excerpt":{"rendered":"Rayo y Valencia empataron un encuentro que ambos necesitaban ganar. El Rayo, para situarse una zona de tranquilidad,&hellip;\n","protected":false},"author":2,"featured_media":266181,"comment_status":"","ping_status":"","sticky":false,"template":"","format":"standard","meta":{"footnotes":""},"categories":[93],"tags":[1540,168,1539,25,24,282,1538,1210,14382,23,167,5419],"class_list":{"0":"post-266180","1":"post","2":"type-post","3":"status-publish","4":"format-standard","5":"has-post-thumbnail","7":"category-deportes","8":"tag-competiciones","9":"tag-deportes","10":"tag-entrenadores","11":"tag-es","12":"tag-espana","13":"tag-futbol","14":"tag-futbolistas","15":"tag-laliga-ea-sports","16":"tag-rayo-vallecano","17":"tag-spain","18":"tag-sports","19":"tag-valencia-cf"},"share_on_mastodon":{"url":"https:\/\/pubeurope.com\/@es\/115646651209083832","error":""},"_links":{"self":[{"href":"https:\/\/www.europesays.com\/es\/wp-json\/wp\/v2\/posts\/266180","targetHints":{"allow":["GET"]}}],"collection":[{"href":"https:\/\/www.europesays.com\/es\/wp-json\/wp\/v2\/posts"}],"about":[{"href":"https:\/\/www.europesays.com\/es\/wp-json\/wp\/v2\/types\/post"}],"author":[{"embeddable":true,"href":"https:\/\/www.europesays.com\/es\/wp-json\/wp\/v2\/users\/2"}],"replies":[{"embeddable":true,"href":"https:\/\/www.europesays.com\/es\/wp-json\/wp\/v2\/comments?post=266180"}],"version-history":[{"count":0,"href":"https:\/\/www.europesays.com\/es\/wp-json\/wp\/v2\/posts\/266180\/revisions"}],"wp:featuredmedia":[{"embeddable":true,"href":"https:\/\/www.europesays.com\/es\/wp-json\/wp\/v2\/media\/266181"}],"wp:attachment":[{"href":"https:\/\/www.europesays.com\/es\/wp-json\/wp\/v2\/media?parent=266180"}],"wp:term":[{"taxonomy":"category","embeddable":true,"href":"https:\/\/www.europesays.com\/es\/wp-json\/wp\/v2\/categories?post=266180"},{"taxonomy":"post_tag","embeddable":true,"href":"https:\/\/www.europesays.com\/es\/wp-json\/wp\/v2\/tags?post=266180"}],"curies":[{"name":"wp","href":"https:\/\/api.w.org\/{rel}","templated":true}]}}