{"id":266187,"date":"2025-12-01T22:27:12","date_gmt":"2025-12-01T22:27:12","guid":{"rendered":"https:\/\/www.europesays.com\/es\/266187\/"},"modified":"2025-12-01T22:27:12","modified_gmt":"2025-12-01T22:27:12","slug":"el-chavismo-busca-aliados-contra-los-ataques-de-estados-unidos-en-alta-mar-internacional","status":"publish","type":"post","link":"https:\/\/www.europesays.com\/es\/266187\/","title":{"rendered":"El chavismo busca aliados contra los ataques de Estados Unidos en alta mar | Internacional"},"content":{"rendered":"<p class=\"\">En medio de un enorme despliegue militar, Estados Unidos sigue incrementando sus medidas de presi\u00f3n sobre Nicol\u00e1s Maduro. El Gobierno de Venezuela \u2014que permanece en m\u00e1xima alerta\u2014 <a href=\"https:\/\/elpais.com\/america\/2025-11-30\/maduro-acusa-a-washington-de-querer-apropiarse-del-petroleo-venezolano-con-su-uso-de-fuerza-militar-letal.html\" target=\"_self\" rel=\"nofollow noopener\" title=\"https:\/\/elpais.com\/america\/2025-11-30\/maduro-acusa-a-washington-de-querer-apropiarse-del-petroleo-venezolano-con-su-uso-de-fuerza-militar-letal.html\">busca argumentos legales y aliados pol\u00edticos<\/a> dentro y fuera del pa\u00eds para contener la arremetida. Este domingo, ha anunciado que abrir\u00e1 investigaciones sobre las \u201cejecuciones extrajudiciales\u201d en el marco del ataque a supuestas narcolanchas que est\u00e1 ejecutando Washington en el Caribe. El presidente de la Asamblea Nacional, Jorge Rodr\u00edguez, inform\u00f3 de una reuni\u00f3n sostenida este domingo con familiares de personas asesinadas durante los ataques.<\/p>\n<p class=\"\">El principal operador pol\u00edtico del chavismo no precis\u00f3 a qu\u00e9 ataques correspond\u00edan las denuncias ni qui\u00e9nes eran los asesinados. Mostr\u00f3 una fotograf\u00eda en la que aparecen seis personas de espaldas durante el encuentro con los diputados y asegur\u00f3 que resguardaba sus identidades porque han recibido amenazas \u201cpor sectores y personas que tienen un m\u00e1ximo inter\u00e9s en que ellas no digan la verdad\u201d.<\/p>\n<p class=\"\">Tres meses despu\u00e9s de que comenzaran los sucesivos ataques militares, tanto en el Caribe como en el Pac\u00edfico colombiano, se espera que este lunes el Parlamento venezolano celebre una sesi\u00f3n extraordinaria para conformar una comisi\u00f3n de investigaci\u00f3n que apoye al Ministerio P\u00fablico. \u201cA trav\u00e9s de los mecanismos que tiene la Asamblea Nacional, vamos a activar la acci\u00f3n de la Fiscal\u00eda General de la Rep\u00fablica\u201d, dijo Rodr\u00edguez en un mensaje en sus redes sociales. \u201cEstos groseros ataques vulneran la carta de Naciones Unidas, los derechos humanos y, adem\u00e1s, atentan contra las leyes relacionadas con la navegaci\u00f3n y las leyes del mar\u201d, a\u00f1adi\u00f3.<\/p>\n<p><img decoding=\"auto\" class=\"_re lazyload a_m-h\" height=\"277\"  width=\"414\"  src=\"https:\/\/www.europesays.com\/es\/wp-content\/uploads\/2025\/12\/GLUQPKYYUZPC3KDG7L2RE4XBNY.jpg\" loading=\"lazy\"\/>Un helic\u00f3ptero de los Marinos estadounidenses en el Mar Caribe, el 17 de noviembre.US Marines (via REUTERS)<\/p>\n<p class=\"\">La semana pasada, el fiscal general del r\u00e9gimen chavista, Tarek William Saab, declar\u00f3 que en estas embarcaciones no hab\u00eda drogas, como han afirmado las autoridades de los Estados Unidos, sino \u201cpeces y bolsas\u201d. Saab agreg\u00f3 que \u201cel uso de la fuerza letal contra un buque civil en aguas internacionales est\u00e1 generalmente prohibido\u201d, a menos que sea \u201cen defensa propia\u201d o \u201cest\u00e9 autorizado\u201d por una resoluci\u00f3n del Consejo de Seguridad de Naciones Unidas. \u201cNada de eso ha ocurrido. Han quemado en una hoguera todos los libros de derecho\u201d, sentenci\u00f3.<\/p>\n<p class=\"\">El 2 de septiembre, Estados Unidos difundi\u00f3 im\u00e1genes de una embarcaci\u00f3n desapareciendo tras un estallido. As\u00ed comenzaba sobre el terreno la ofensiva militar, en la que se cuentan ya m\u00e1s de 20 lanchas destruidas y m\u00e1s 80 tripulantes asesinados. Para justificar estas maniobras, Trump se ha escudado en su lucha contra los carteles de drogas y, en particular, contra los que operan desde Venezuela, con la mira puesta sobre el Gobierno de Maduro.<\/p>\n<p class=\"\">La opacidad total sobre las personas que iban en esa primera lancha destruida \u2014que Washington asegura que pertenec\u00eda al Tren de Aragua\u2014 y el detalle de la carga que transportaba ha sido la constante en los dem\u00e1s ataques. De este caso se supo que la embarcaci\u00f3n, con 11 tripulantes, hab\u00eda salido de San Juan de Unare, en el extremo oriente de Venezuela, un antiguo pueblo pesquero empobrecido que se ha convertido en un enclave para bandas dedicadas al tr\u00e1fico de drogas y la trata de mujeres.<\/p>\n<p class=\"\">En noviembre, una investigaci\u00f3n de la Associated Press revel\u00f3 las identidades de algunas de las personas asesinadas en estos ataques, residentes en distintos pueblos costeros del oriente del pa\u00eds. Entre los muertos, seg\u00fan la AP, estaba un pescador que se vio en la necesidad de buscar nuevos ingresos participando en el env\u00edo de un alijo y otro que ten\u00eda antecedentes por delitos menores. Tambi\u00e9n hab\u00eda un excadete militar y un conductor de autob\u00fas. La mayor\u00eda hac\u00eda el viaje con las drogas por primera o segunda vez para ganarse unos 500 d\u00f3lares, seg\u00fan relataron familiares a la agencia. No eran las cabezas de un cartel. <\/p>\n<p class=\"\">Medios estadounidenses han revelado en la \u00faltima semana que en una de las operaciones ejecutadas en septiembre quedaron sobrevivientes y que se atac\u00f3 de nuevo porque ten\u00edan la orden de no dejar tripulantes con vida. Las dos c\u00e1maras del Congreso estadounidense, el Senado y la de Representes, <a href=\"https:\/\/elpais.com\/internacional\/2025-11-30\/congresistas-de-estados-unidos-piden-investigar-el-bombardeo-de-una-narcolancha-por-sospechas-de-crimenes-de-guerra.html\" target=\"_self\" rel=\"nofollow noopener\" title=\"https:\/\/elpais.com\/internacional\/2025-11-30\/congresistas-de-estados-unidos-piden-investigar-el-bombardeo-de-una-narcolancha-por-sospechas-de-crimenes-de-guerra.html\">han advertido que pedir\u00e1n explicaciones <\/a>por la pol\u00e9mica operaci\u00f3n militar.<\/p>\n<p><img decoding=\"auto\" class=\"_re lazyload a_m-h\" height=\"268\"  width=\"414\"  src=\"https:\/\/www.europesays.com\/es\/wp-content\/uploads\/2025\/12\/PGGPM7ZVPJLIRCXLKW2LFOIQ2A.jpg\" loading=\"lazy\"\/>Nicol\u00e1s Maduro en Caracas, el 25 de noviembre.Leonardo Fernandez Viloria (REUTERS)<\/p>\n<p class=\"\">El Gobierno de Nicol\u00e1s Maduro nunca ha confirmado que las lanchas atacadas hayan salido de Venezuela, como ha asegurado Estados Unidos en varios casos. Hasta ahora, los altos mandos revolucionarios han denunciado las muertes de estas personas en alta mar, pero de manera ocasional, sin demasiada continuidad ni intensidad. Ahora, el chavismo busca aliados pol\u00edticos para hacer frente a la presi\u00f3n estadounidense con la denuncia de las ejecuciones extrajudiciales.<\/p>\n<p class=\"\">El presidente de Colombia, Gustavo Petro, ha respaldado algunos de los planteamientos de Maduro y de la dirigencia chavista sobre las personas asesinadas en operativos antinarc\u00f3ticos en el Caribe y el Pac\u00edfico. El mandatario colombiano los ha calificado, as\u00ed como la ONU, como \u201cejecuciones extrajudiciales\u201d. Petro tambi\u00e9n cuestion\u00f3 el anuncio hecho por Trump en torno al cierre del espacio a\u00e9reo en Venezuela. \u201cQuiero saber \u00bfbajo qu\u00e9 norma de derecho internacional <a href=\"https:\/\/elpais.com\/america-colombia\/2025-11-30\/petro-carga-contra-trump-por-las-amenazas-a-venezuela-con-que-derecho-un-presidente-extranjero-puede-cerrar-el-espacio-aereo-de-otro-pais.html\" target=\"_self\" rel=\"nofollow noopener\" title=\"https:\/\/elpais.com\/america-colombia\/2025-11-30\/petro-carga-contra-trump-por-las-amenazas-a-venezuela-con-que-derecho-un-presidente-extranjero-puede-cerrar-el-espacio-aereo-de-otro-pais.html\">un presidente de un pa\u00eds le puede cerrar el espacio a\u00e9reo a otra naci\u00f3n?\u201d.<\/a> Venezuela ha denunciado ante la Organizaci\u00f3n de Aviaci\u00f3n Civil (OACI) la \u201cviolaci\u00f3n de su soberan\u00eda\u201d tras el mensaje del republicano.<\/p>\n<p class=\"\">La batalla tambi\u00e9n se libra en otras instancias. Rodr\u00edguez adelant\u00f3 que un grupo de parlamentarios ha propuesto que Venezuela se retire de la Corte Penal Internacional. \u201cEsta Corte Penal Internacional no sirve para nada. Venezuela deber\u00eda salirse de esa instancia porque se trag\u00f3 la lengua en el caso de las ejecuciones extrajudiciales en el Mar Caribe\u201d. El chavismo batalla desde hace un par de a\u00f1os contra la CPI, que mantiene abierta una investigaci\u00f3n contra Venezuela por cr\u00edmenes de lesa humanidad desde 2014, incluyendo persecuci\u00f3n pol\u00edtica contra opositores, detenciones arbitrarias, torturas y ejecuciones extrajudiciales. <\/p>\n<p class=\"\">Venezuela tambi\u00e9n envi\u00f3 este fin de semana <a href=\"https:\/\/elpais.com\/america\/2025-11-30\/maduro-acusa-a-washington-de-querer-apropiarse-del-petroleo-venezolano-con-su-uso-de-fuerza-militar-letal.html\" target=\"_self\" rel=\"nofollow noopener\" title=\"https:\/\/elpais.com\/america\/2025-11-30\/maduro-acusa-a-washington-de-querer-apropiarse-del-petroleo-venezolano-con-su-uso-de-fuerza-militar-letal.html\">una carta a la Organizaci\u00f3n de Pa\u00edses Exportadores de Petr\u00f3leo<\/a> y pa\u00edses miembros (OPEP y OPEP+), en la que denuncia que Washington busca quedarse con sus recursos petroleros mediante el uso de su \u201cfuerza letal militar\u201d.<\/p>\n","protected":false},"excerpt":{"rendered":"En medio de un enorme despliegue militar, Estados Unidos sigue incrementando sus medidas de presi\u00f3n sobre Nicol\u00e1s Maduro.&hellip;\n","protected":false},"author":2,"featured_media":266188,"comment_status":"","ping_status":"","sticky":false,"template":"","format":"standard","meta":{"footnotes":""},"categories":[42],"tags":[889,17,18,1196,47619,352,629,13,14,11,61,62,63,64,19,20,9,1194,10,15,16,12,21,22,1192,65,66,67],"class_list":{"0":"post-266187","1":"post","2":"type-post","3":"status-publish","4":"format-standard","5":"has-post-thumbnail","7":"category-internacional","8":"tag-america","9":"tag-breaking-news","10":"tag-breakingnews","11":"tag-chavismo","12":"tag-conflictos-diplomaticos","13":"tag-donald-trump","14":"tag-estados-unidos","15":"tag-featured-news","16":"tag-featurednews","17":"tag-headlines","18":"tag-internacional","19":"tag-international","20":"tag-international-news","21":"tag-internationalnews","22":"tag-latest-news","23":"tag-latestnews","24":"tag-news","25":"tag-nicolas-maduro","26":"tag-noticias","27":"tag-noticias-destacadas","28":"tag-noticiasdestacadas","29":"tag-titulares","30":"tag-ultimas-noticias","31":"tag-ultimasnoticias","32":"tag-venezuela","33":"tag-world","34":"tag-world-news","35":"tag-worldnews"},"share_on_mastodon":{"url":"https:\/\/pubeurope.com\/@es\/115646670471799393","error":""},"_links":{"self":[{"href":"https:\/\/www.europesays.com\/es\/wp-json\/wp\/v2\/posts\/266187","targetHints":{"allow":["GET"]}}],"collection":[{"href":"https:\/\/www.europesays.com\/es\/wp-json\/wp\/v2\/posts"}],"about":[{"href":"https:\/\/www.europesays.com\/es\/wp-json\/wp\/v2\/types\/post"}],"author":[{"embeddable":true,"href":"https:\/\/www.europesays.com\/es\/wp-json\/wp\/v2\/users\/2"}],"replies":[{"embeddable":true,"href":"https:\/\/www.europesays.com\/es\/wp-json\/wp\/v2\/comments?post=266187"}],"version-history":[{"count":0,"href":"https:\/\/www.europesays.com\/es\/wp-json\/wp\/v2\/posts\/266187\/revisions"}],"wp:featuredmedia":[{"embeddable":true,"href":"https:\/\/www.europesays.com\/es\/wp-json\/wp\/v2\/media\/266188"}],"wp:attachment":[{"href":"https:\/\/www.europesays.com\/es\/wp-json\/wp\/v2\/media?parent=266187"}],"wp:term":[{"taxonomy":"category","embeddable":true,"href":"https:\/\/www.europesays.com\/es\/wp-json\/wp\/v2\/categories?post=266187"},{"taxonomy":"post_tag","embeddable":true,"href":"https:\/\/www.europesays.com\/es\/wp-json\/wp\/v2\/tags?post=266187"}],"curies":[{"name":"wp","href":"https:\/\/api.w.org\/{rel}","templated":true}]}}