{"id":266189,"date":"2025-12-01T22:28:14","date_gmt":"2025-12-01T22:28:14","guid":{"rendered":"https:\/\/www.europesays.com\/es\/266189\/"},"modified":"2025-12-01T22:28:14","modified_gmt":"2025-12-01T22:28:14","slug":"cabezuelo-ya-gano-en-el-atrio-de-la-basilica","status":"publish","type":"post","link":"https:\/\/www.europesays.com\/es\/266189\/","title":{"rendered":"Cabezuelo ya gan\u00f3 en el atrio de la bas\u00edlica"},"content":{"rendered":"<p style=\"\">La calle San Luis volvi\u00f3 a ser anoche el Cardo M\u00e1ximo macareno porque se convirti\u00f3 en un hervidero para todos los hermanos que hac\u00edan tiempo en los bares antes de conocer los resultados de las elecciones en la cofrad\u00eda de la Madrugada. M\u00e1s de 5. &#8230; 000 miembros se acercaron a la bas\u00edlica a votar a la pr\u00f3xima junta de gobierno y <strong>en los &#8216;cuarteles generales&#8217; de las candidaturas, se comentaba c\u00f3mo hab\u00eda ido el d\u00eda despu\u00e9s de la victoria b\u00e9tica en el S\u00e1nchez Pizju\u00e1n y las colas que se hab\u00edan visto junto al Arco y la muralla<\/strong>. <\/p>\n<p class=\"voc-p\" style=\"\">Por el entorno del Pumarejo y la mencionada calle San Luis, se pod\u00eda ver a los candidatos y al entorno de Pedro Garc\u00eda Rivero; entre San Gil y el Arco, mucha gente relacionada con Cabezuelo, y en la Resolana, a las personas que hab\u00edan acompa\u00f1ado Jos\u00e9 Luis Notario en este proceso al que estaban convocados m\u00e1s de 14.000 hermanos. <\/p>\n<p class=\"voc-p\" style=\"\">Entre &#8216;cortada&#8217; y &#8216;cortada&#8217;,<strong> se hablaba de que era \u00abuna votaci\u00f3n hist\u00f3rica\u00bb<\/strong>, se recordaba las elecciones anteriores en las que hab\u00eda ganado Jos\u00e9 Antonio Fern\u00e1ndez Cabrero sobre Santiago \u00c1lvarez Ortega y hasta alg\u00fan hermano recordaba <strong>cuando hace 20 a\u00f1os, Juan Ruiz C\u00e1rdenas se presentaba en solitario y necesitaba un cierto qu\u00f3rum para un segundo mandato con la &#8216;vara de las capillas&#8217;.<\/strong> Ese tiempo qued\u00f3 atr\u00e1s porque cuando se daban las cifras de aquella votaci\u00f3n, se se\u00f1alaba que \u00abno ten\u00eda ni punto de comparaci\u00f3n con \u00e9stas: en aquella ocasi\u00f3n, se vot\u00f3 en el sal\u00f3n de la casa hermandad y acudieron 1.069 personas\u00bb. <\/p>\n<p class=\"voc-p\" style=\"\">Pasaban las 21:30, las 22:00 y los hermanos cada vez se acercaban m\u00e1s a la reja de la bas\u00edlica porque hab\u00eda comentarios que llegaban desde el interior de que el recuento estaba finalizando y se llegaba al momento de contar el voto por correo. El fr\u00edo apretaba en la explanada del templo y los abrigos y las bufandas se multiplicaban, aparec\u00edan caras conocidas como la de Antonio Santiago y parte de su equipo en el exterior del templo. <\/p>\n<p>\n\u00abNo aplaudir ni dar gritos dentro de la bas\u00edlica\u00bb\n<\/p>\n<p class=\"voc-p\" style=\"\"><strong>Entre los hermanos, se apuntaba que \u00abno se aplaudiera ni se diera ning\u00fan grito cuando se proclamara el nuevo hermano mayor\u00bb para no repetir escenas de elecciones pasadas no adecuadas dentro de una iglesia<\/strong>. A las 22:30 horas, un centenar de personas se agolpaba a las puertas mientras que los miembros de las candidaturas acced\u00edan al interior de la bas\u00edlica para conocer los resultados despu\u00e9s de que Fernando Fern\u00e1ndez Cabezuelo, Pedro Garc\u00eda Rivero y Jos\u00e9 Luis Notario ya supieran qu\u00e9 hab\u00edan dictaminado los hermanos. <\/p>\n<p class=\"voc-p\" style=\"\">Un &#8216;soplo&#8217; desde el interior hizo que se comenzara a decir que Cabezuelo hab\u00eda ganado aunque no se conocieran con exactitud los n\u00fameros de votos. <strong>Era una calma tensa porque no se abr\u00edan las puertas ni tampoco la reja al mismo tiempo que llegaban datos desde dentro de la bas\u00edlica donde ya se aclaraba que Fernando Fern\u00e1ndez Cabezuelo iba a ser el pr\u00f3ximo hermano mayor<\/strong> y que la divisi\u00f3n de los votos entre las candidaturas de Pedro Garc\u00eda Rivero y Jos\u00e9 Luis Notario hab\u00eda posibilitado que el que fuera consiliario durante la \u00e9poca de Manolo Garc\u00eda, iba a ser el pr\u00f3ximo m\u00e1ximo responsable de la Macarena. <\/p>\n<p><img decoding=\"async\" loading=\"lazy\" src=\"https:\/\/www.europesays.com\/es\/wp-content\/uploads\/2025\/12\/macarena-juan-flores2-U24112286518KNi-760x427@diario_abc.jpg\" class=\"voc-img\" width=\"760\" height=\"427\" alt=\"El Se\u00f1or de la Sentencia presidiendo la bas\u00edlica mientras que los hermanos escuchaban los resultados de las elecciones\" data-voc-vtm-id=\"in-text-traffic\"\/><\/p>\n<p>El Se\u00f1or de la Sentencia presidiendo la bas\u00edlica mientras que los hermanos escuchaban los resultados de las elecciones<\/p>\n<p>juan flores<\/p>\n<p class=\"voc-p\" style=\"\">Finalmente, se abrieron las puertas de la bas\u00edlica y <strong>al fondo de la misma, se ve\u00eda presidiendo al Se\u00f1or de la Sentencia en una estampa in\u00e9dita<\/strong> y al rector, hermano mayor actual, secretario y los tres candidatos en el presbiterio con caras serias ante la tensi\u00f3n del momento. En pocos minutos, la nave central se llen\u00f3 y se llam\u00f3 al silencio por parte de los asistentes. <\/p>\n<p class=\"voc-p\" style=\"\"><strong>El rector, Jos\u00e9 Mar\u00eda Losada, ley\u00f3 la proclamaci\u00f3n no sin antes tener un feo gesto con compa\u00f1eros fot\u00f3grafos y de la televisi\u00f3n que tuvieron que salir del templo sin poder trabajar correctamente<\/strong>. Los miembros de la comunicaci\u00f3n de la cofrad\u00eda tuvieron que pedir disculpas por esta decisi\u00f3n tan desacertada. <\/p>\n<p>\nEl &#8216;silencio sepulcral&#8217; durante la proclamaci\u00f3n y los vivas\n<\/p>\n<p class=\"voc-p\" style=\"\">Losada ley\u00f3 los datos en medio de un silencio casi sepulcral y pidi\u00f3 que se respetaran las formas cuando se proclamara el ganador. Tras el rezo por los hermanos difuntos, <strong>s\u00ed comenzaron a darse los vivas y el primero de ellos fue para la Virgen del Rosario en boca del mencionado Antonio Santiago<\/strong>. Luego, hubo m\u00e1s para el Se\u00f1or de la Sentencia y sobre todo, para la Virgen de la Esperanza. <\/p>\n<p class=\"voc-p\" style=\"\">Los abrazos se sucedieron sobre Fernando Fern\u00e1ndez Cabezuelo justo delante del presbiterio mientras que por la puerta chica del lateral del altar mayor sal\u00edan el sacerdote, Jos\u00e9 Antonio Fern\u00e1ndez Cabrero y el secretario, Francisco Castilla, camino de la casa hermandad. Los otros dos candidatos: Pedro Garc\u00eda y Jos\u00e9 Luis Notario saludaban a los hermanos y marchaban de nuevo al encuentros con sus equipos. <\/p>\n<p class=\"voc-p\" style=\"\">\u00abAhora, a trabajar duro\u00bb era uno de los comentarios m\u00e1s repetidos para los miembros de la pr\u00f3xima junta de gobierno donde hay hermanos veteranos como Miguel Gonz\u00e1lez de la Bandera como cofrades m\u00e1s j\u00f3venes como Javier de Tarno. En pocos d\u00edas, se comenzar\u00e1n a conocer las novedades del equipo de Cabezuelo que tiene como primer reto la vuelta al culto de la Virgen de la Esperanza Macarena, la conmemoraci\u00f3n del centenario y el deseo de que se celebre en la parroquia de San Gil y los posibles cambios en los cargos de confianza de la corporaci\u00f3n. <\/p>\n","protected":false},"excerpt":{"rendered":"La calle San Luis volvi\u00f3 a ser anoche el Cardo M\u00e1ximo macareno porque se convirti\u00f3 en un hervidero&hellip;\n","protected":false},"author":2,"featured_media":266190,"comment_status":"","ping_status":"","sticky":false,"template":"","format":"standard","meta":{"footnotes":""},"categories":[8],"tags":[65861,38527,17,18,64674,59175,14825,25,24,13,14,5557,11,19,20,60,9,193,10,15,16,23,12,21,22],"class_list":{"0":"post-266189","1":"post","2":"type-post","3":"status-publish","4":"format-standard","5":"has-post-thumbnail","7":"category-espana","8":"tag-atrio","9":"tag-basilica","10":"tag-breaking-news","11":"tag-breakingnews","12":"tag-cabezuelo","13":"tag-contracronica","14":"tag-electoral","15":"tag-es","16":"tag-espana","17":"tag-featured-news","18":"tag-featurednews","19":"tag-gano","20":"tag-headlines","21":"tag-latest-news","22":"tag-latestnews","23":"tag-macarena","24":"tag-news","25":"tag-noche","26":"tag-noticias","27":"tag-noticias-destacadas","28":"tag-noticiasdestacadas","29":"tag-spain","30":"tag-titulares","31":"tag-ultimas-noticias","32":"tag-ultimasnoticias"},"share_on_mastodon":{"url":"https:\/\/pubeurope.com\/@es\/115646674257121232","error":""},"_links":{"self":[{"href":"https:\/\/www.europesays.com\/es\/wp-json\/wp\/v2\/posts\/266189","targetHints":{"allow":["GET"]}}],"collection":[{"href":"https:\/\/www.europesays.com\/es\/wp-json\/wp\/v2\/posts"}],"about":[{"href":"https:\/\/www.europesays.com\/es\/wp-json\/wp\/v2\/types\/post"}],"author":[{"embeddable":true,"href":"https:\/\/www.europesays.com\/es\/wp-json\/wp\/v2\/users\/2"}],"replies":[{"embeddable":true,"href":"https:\/\/www.europesays.com\/es\/wp-json\/wp\/v2\/comments?post=266189"}],"version-history":[{"count":0,"href":"https:\/\/www.europesays.com\/es\/wp-json\/wp\/v2\/posts\/266189\/revisions"}],"wp:featuredmedia":[{"embeddable":true,"href":"https:\/\/www.europesays.com\/es\/wp-json\/wp\/v2\/media\/266190"}],"wp:attachment":[{"href":"https:\/\/www.europesays.com\/es\/wp-json\/wp\/v2\/media?parent=266189"}],"wp:term":[{"taxonomy":"category","embeddable":true,"href":"https:\/\/www.europesays.com\/es\/wp-json\/wp\/v2\/categories?post=266189"},{"taxonomy":"post_tag","embeddable":true,"href":"https:\/\/www.europesays.com\/es\/wp-json\/wp\/v2\/tags?post=266189"}],"curies":[{"name":"wp","href":"https:\/\/api.w.org\/{rel}","templated":true}]}}