{"id":266195,"date":"2025-12-01T22:35:12","date_gmt":"2025-12-01T22:35:12","guid":{"rendered":"https:\/\/www.europesays.com\/es\/266195\/"},"modified":"2025-12-01T22:35:12","modified_gmt":"2025-12-01T22:35:12","slug":"la-casera-vuelve-a-rodar-52-anos-despues","status":"publish","type":"post","link":"https:\/\/www.europesays.com\/es\/266195\/","title":{"rendered":"La Casera vuelve a rodar 52 a\u00f1os despu\u00e9s"},"content":{"rendered":"<p><a class=\"v-mdl-ath__fig-a\" href=\"https:\/\/www.elnortedecastilla.es\/autor\/laura-negro-1809.html\" title=\"Laura Negro\" rel=\"nofollow noopener\" target=\"_blank\"><br \/>\n<img decoding=\"async\" class=\"v-mdl-ath__img\" src=\"https:\/\/www.europesays.com\/es\/wp-content\/uploads\/2025\/12\/autor-1809-foto-6.jpeg\" alt=\"Laura Negro\"\/><br \/>\n<\/a><\/p>\n<p class=\"v-mdl-ath__p v-mdl-ath__p--6\">\nLunes, 1 de diciembre 2025, 19:16<\/p>\n<p class=\"v-p\">M\u00e1s de medio siglo despu\u00e9s de que el m\u00edtico maillot rojo y blanco de La Casera desapareciera del pelot\u00f3n profesional, el hist\u00f3rico nombre vuelve a las carreteras\u2026 esta vez sobre las bicicletas de una nueva generaci\u00f3n. La Cist\u00e9rniga present\u00f3 este domingo, en su teatro municipal La Nave, su renovada Escuela Ciclista, que este a\u00f1o adopta el nombre y el patrocinio principal de la legendaria marca de gaseosas.<\/p>\n<p class=\"v-p\">El invitado especial del emotivo acto de presentaci\u00f3n fue <a href=\"https:\/\/www.elnortedecastilla.es\/valladolid\/nuevo-carril-bici-camino-viejo-simancas-luce-20250904150611-ga.html\" title=\"www.elnortedecastilla.es\" data-voc-vtm-id=\"in-text-traffic\" data-mrf-link=\"www.elnortedecastilla.es\" rel=\"nofollow noopener\" target=\"_blank\">Tom\u00e1s Nistal, uno de los corredores del emblem\u00e1tico equipo La Casera en la d\u00e9cada de los 70.<\/a> A sus espaldas, kil\u00f3metros de historia sobre dos ruedas. Una de sus haza\u00f1as m\u00e1s importantes fue participar en los Juegos Ol\u00edmpicos de M\u00fanich de 1972. Frente al que fue el mejor ciclista vallisoletano de su \u00e9poca, una docena de j\u00f3venes ciclistas que apenas superan los diez a\u00f1os le escuchaban con admiraci\u00f3n. \u00abVer a estos ni\u00f1os con el nombre de La Casera en el pecho es como viajar atr\u00e1s en el tiempo\u00bb, confes\u00f3 Nistal. \u00abYo estuve siete a\u00f1os en el equipo y corr\u00edamos con ilusi\u00f3n, pero ellos la multiplican. Por eso me da tanta alegr\u00eda apadrinarles y ayudar que hagan deporte. Ahora la juventud tiene demasiados est\u00edmulos, sobre todo tecnol\u00f3gicos. Para nosotros, en nuestra \u00e9poca, un simple bal\u00f3n o una bicicleta era sin\u00f3nimo de libertad. Que estos chavales est\u00e9n tan centrados en el ciclismo, es una maravilla\u00bb, a\u00f1adi\u00f3. <\/p>\n<p>Una cantera que quiere hacerse ver<\/p>\n<p class=\"v-p\">El proyecto, dirigido deportivamente por Diego Rodr\u00edguez, aspira a tener presencia durante toda la temporada en pruebas de monta\u00f1a y carretera en Castilla y Le\u00f3n, adem\u00e1s de competir en algunas citas del calendario madrile\u00f1o. La plantilla est\u00e1 formada por Amaro Fern\u00e1ndez, Gonzalo S\u00e1nchez, Daniel Sanz, David San Jos\u00e9, Gabriel Llanos, Jorge Rodr\u00edguez, \u00d3scar Ruiz, Carlos C\u00e1ceres, Adri\u00e1n de la Hora, Juan Mar\u00edn, Daniel Rodr\u00edguez y Samuel de Lucas. Para todos ellos, <a href=\"https:\/\/www.elnortedecastilla.es\/deportes\/ciclismo\/hombre-gano-merckx-esprint-20231103213447-nt.html\" title=\"www.elnortedecastilla.es\" data-voc-vtm-id=\"in-text-traffic\" data-mrf-link=\"www.elnortedecastilla.es\" rel=\"nofollow noopener\" target=\"_blank\">el apadrinamiento de Nistal fue un momento que no olvidar\u00e1n<\/a>. El excorredor no solo revivi\u00f3 an\u00e9cdotas de sus a\u00f1os profesionales, sino que tambi\u00e9n les dio sabios consejos. \u00abAlgunas veces se gana y otras se pierde. El deporte va de eso. De disfrutar, aprender y respetar al compa\u00f1ero, al rival y al director deportivo. Pero lo m\u00e1s importante de todo son las notas escolares. Sin buenas notas, no hay bici\u00bb, les dijo.<\/p>\n<p><img decoding=\"async\" loading=\"lazy\" src=\"https:\/\/www.europesays.com\/es\/wp-content\/uploads\/2025\/12\/lacasera2-kasF-U2404163282769tD-650x455@El Norte.jpg\" class=\"v-a-img\" width=\"650\" height=\"455\" alt=\"Los miembros del equipo con su cuerpo t\u00e9cnico y su padrino Tom\u00e1s Nistal\" data-voc-vtm-id=\"in-text-traffic\"\/><\/p>\n<p>Los miembros del equipo con su cuerpo t\u00e9cnico y su padrino Tom\u00e1s Nistal<\/p>\n<p>El Norte<\/p>\n<p><img loading=\"lazy\" decoding=\"async\" src=\"https:\/\/www.europesays.com\/es\/wp-content\/uploads\/2025\/12\/lacasera2-kasF-U240416328276IDE-1920x1344@El Norte.jpg\" class=\"v-mdl__img-z\" width=\"1920\" height=\"1344\" alt=\"\"\/><\/p>\n<p class=\"v-p\">A la presentaci\u00f3n asistieron otros nombres clave del ciclismo espa\u00f1ol como Jos\u00e9 Luis L\u00f3pez Cerr\u00f3n, expresidente de la Federaci\u00f3n Espa\u00f1ola de Ciclismo y exmiembro del comit\u00e9 ejecutivo de la Uni\u00f3n Ciclista Internacional (UCI); el exciclista Jos\u00e9 Luis Santamar\u00eda; el ol\u00edmpico en Se\u00fal Eduardo Manrique, as\u00ed como varios miembros de la familia Pujol. Todos ellos animaron a los peque\u00f1os corredores, lo mismo que el concejal de Deportes de La Cist\u00e9rniga, Luis Mar\u00eda Gonz\u00e1lez, que destac\u00f3 la importancia de que el municipio apueste por un deporte lleno de valores.<\/p>\n<p class=\"v-p\">El acto sirvi\u00f3 adem\u00e1s para recordar los 25 a\u00f1os de vida de la Escuela Ciclista de La Cist\u00e9rniga. Su fundador, Jos\u00e9 Ignacio P\u00e9rez Oland\u00eda, subi\u00f3 al escenario acompa\u00f1ado por el actual presidente, Francisco Jos\u00e9 P\u00e9rez, para agradecer el compromiso del Ayuntamiento y de todos los patrocinadores. La Escuela mantiene abierto el plazo de inscripci\u00f3n para ni\u00f1os y ni\u00f1as de 6 a 14 a\u00f1os, con el objetivo de seguir creciendo y alimentando la cantera local. <\/p>\n<p>Reporta un error<\/p>\n","protected":false},"excerpt":{"rendered":"Lunes, 1 de diciembre 2025, 19:16 M\u00e1s de medio siglo despu\u00e9s de que el m\u00edtico maillot rojo y&hellip;\n","protected":false},"author":2,"featured_media":266196,"comment_status":"","ping_status":"","sticky":false,"template":"","format":"standard","meta":{"footnotes":""},"categories":[273],"tags":[988,65863,313,312,168,987,25,24,2830,23,167,739],"class_list":{"0":"post-266195","1":"post","2":"type-post","3":"status-publish","4":"format-standard","5":"has-post-thumbnail","7":"category-ciclismo","8":"tag-anos","9":"tag-casera","10":"tag-ciclismo","11":"tag-cycling","12":"tag-deportes","13":"tag-despues","14":"tag-es","15":"tag-espana","16":"tag-rodar","17":"tag-spain","18":"tag-sports","19":"tag-vuelve"},"share_on_mastodon":{"url":"https:\/\/pubeurope.com\/@es\/115646701741314742","error":""},"_links":{"self":[{"href":"https:\/\/www.europesays.com\/es\/wp-json\/wp\/v2\/posts\/266195","targetHints":{"allow":["GET"]}}],"collection":[{"href":"https:\/\/www.europesays.com\/es\/wp-json\/wp\/v2\/posts"}],"about":[{"href":"https:\/\/www.europesays.com\/es\/wp-json\/wp\/v2\/types\/post"}],"author":[{"embeddable":true,"href":"https:\/\/www.europesays.com\/es\/wp-json\/wp\/v2\/users\/2"}],"replies":[{"embeddable":true,"href":"https:\/\/www.europesays.com\/es\/wp-json\/wp\/v2\/comments?post=266195"}],"version-history":[{"count":0,"href":"https:\/\/www.europesays.com\/es\/wp-json\/wp\/v2\/posts\/266195\/revisions"}],"wp:featuredmedia":[{"embeddable":true,"href":"https:\/\/www.europesays.com\/es\/wp-json\/wp\/v2\/media\/266196"}],"wp:attachment":[{"href":"https:\/\/www.europesays.com\/es\/wp-json\/wp\/v2\/media?parent=266195"}],"wp:term":[{"taxonomy":"category","embeddable":true,"href":"https:\/\/www.europesays.com\/es\/wp-json\/wp\/v2\/categories?post=266195"},{"taxonomy":"post_tag","embeddable":true,"href":"https:\/\/www.europesays.com\/es\/wp-json\/wp\/v2\/tags?post=266195"}],"curies":[{"name":"wp","href":"https:\/\/api.w.org\/{rel}","templated":true}]}}