{"id":266207,"date":"2025-12-01T22:43:10","date_gmt":"2025-12-01T22:43:10","guid":{"rendered":"https:\/\/www.europesays.com\/es\/266207\/"},"modified":"2025-12-01T22:43:10","modified_gmt":"2025-12-01T22:43:10","slug":"avalanch-publican-un-comunicado-sobre-ramon-lage","status":"publish","type":"post","link":"https:\/\/www.europesays.com\/es\/266207\/","title":{"rendered":"AVALANCH publican un comunicado sobre Ramon Lage"},"content":{"rendered":"<p>\u00a0<\/p>\n<p>\u00a0<\/p>\n<p><strong>AVALANCH publican un comunicado sobre Ramon Lage<\/strong><br \/>\n<img fetchpriority=\"high\" decoding=\"async\" src=\"https:\/\/www.europesays.com\/es\/wp-content\/uploads\/2025\/12\/30aniversario_1_500x267.jpg\" alt=\"avalanch\" width=\"500\" height=\"267\"\/><\/p>\n<p>Es este:<\/p>\n<p><strong>COMUNICADO AVALANCH<\/strong><\/p>\n<p>Querida comunidad de Avalanch,<\/p>\n<p>Queremos compartir con todos vosotros una actualizaci\u00f3n importante. Nuestro compa\u00f1ero Ram\u00f3n, quien ha estado formando parte de la banda en esta gira del 30 aniversario, lamentablemente no podr\u00e1 seguir con nosotros en las pr\u00f3ximas fechas debido a un problema de salud. Le enviamos un abrazo caluroso de parte de Avalanch y de todos sus fans, dese\u00e1ndole una pronta recuperaci\u00f3n.<\/p>\n<p>A partir de ahora, el resto de la gira continuar\u00e1 con la formaci\u00f3n habitual de Avalanch, sin la presencia de Ram\u00f3n. Agradecemos much\u00edsimo su aportaci\u00f3n y vuestro apoyo constante. Estamos deseando veros en los pr\u00f3ximos conciertos para seguir celebrando juntos el resto de la gira 30th Aniversario.<\/p>\n<p>\u00a1Un abrazo fuerte!<\/p>\n<p style=\"text-align: center;\">Ndr.: El comunicado lleva en poder de esta redacci\u00f3n desde hace varios d\u00edas, a la espera que se hiciera oficial. Dado que la propia banda lo ha hecho p\u00fablico, lo hemos publicado.\u00a0<\/p>\n<p>\u00a0<\/p>\n<p>\u00a0<\/p>\n","protected":false},"excerpt":{"rendered":"\u00a0 \u00a0 AVALANCH publican un comunicado sobre Ramon Lage Es este: COMUNICADO AVALANCH Querida comunidad de Avalanch, Queremos&hellip;\n","protected":false},"author":2,"featured_media":266208,"comment_status":"","ping_status":"","sticky":false,"template":"","format":"standard","meta":{"footnotes":""},"categories":[170],"tags":[34326,146,147,25,24,184,185,23],"class_list":{"0":"post-266207","1":"post","2":"type-post","3":"status-publish","4":"format-standard","5":"has-post-thumbnail","7":"category-musica","8":"tag-avalanch","9":"tag-entertainment","10":"tag-entretenimiento","11":"tag-es","12":"tag-espana","13":"tag-music","14":"tag-musica","15":"tag-spain"},"share_on_mastodon":{"url":"https:\/\/pubeurope.com\/@es\/115646733689794572","error":""},"_links":{"self":[{"href":"https:\/\/www.europesays.com\/es\/wp-json\/wp\/v2\/posts\/266207","targetHints":{"allow":["GET"]}}],"collection":[{"href":"https:\/\/www.europesays.com\/es\/wp-json\/wp\/v2\/posts"}],"about":[{"href":"https:\/\/www.europesays.com\/es\/wp-json\/wp\/v2\/types\/post"}],"author":[{"embeddable":true,"href":"https:\/\/www.europesays.com\/es\/wp-json\/wp\/v2\/users\/2"}],"replies":[{"embeddable":true,"href":"https:\/\/www.europesays.com\/es\/wp-json\/wp\/v2\/comments?post=266207"}],"version-history":[{"count":0,"href":"https:\/\/www.europesays.com\/es\/wp-json\/wp\/v2\/posts\/266207\/revisions"}],"wp:featuredmedia":[{"embeddable":true,"href":"https:\/\/www.europesays.com\/es\/wp-json\/wp\/v2\/media\/266208"}],"wp:attachment":[{"href":"https:\/\/www.europesays.com\/es\/wp-json\/wp\/v2\/media?parent=266207"}],"wp:term":[{"taxonomy":"category","embeddable":true,"href":"https:\/\/www.europesays.com\/es\/wp-json\/wp\/v2\/categories?post=266207"},{"taxonomy":"post_tag","embeddable":true,"href":"https:\/\/www.europesays.com\/es\/wp-json\/wp\/v2\/tags?post=266207"}],"curies":[{"name":"wp","href":"https:\/\/api.w.org\/{rel}","templated":true}]}}