{"id":266212,"date":"2025-12-01T22:47:15","date_gmt":"2025-12-01T22:47:15","guid":{"rendered":"https:\/\/www.europesays.com\/es\/266212\/"},"modified":"2025-12-01T22:47:15","modified_gmt":"2025-12-01T22:47:15","slug":"evanescence-anuncian-dos-fechas-en-espana-junto-a-poppy-y-nova-twins","status":"publish","type":"post","link":"https:\/\/www.europesays.com\/es\/266212\/","title":{"rendered":"Evanescence anuncian dos fechas en Espa\u00f1a junto a Poppy y Nova Twins"},"content":{"rendered":"<p><strong><a href=\"https:\/\/www.rockzonemag.com\/tag\/evanescence\/\" rel=\"nofollow noopener\" target=\"_blank\">Evanescence<\/a> volver\u00e1n a Espa\u00f1a en 2026 con dos conciertos en nuestro pa\u00eds acompa\u00f1ados por <a href=\"https:\/\/www.rockzonemag.com\/tag\/poppy\/\" rel=\"nofollow noopener\" target=\"_blank\">Poppy<\/a> y <a href=\"https:\/\/www.rockzonemag.com\/tag\/nova-twins\/\" rel=\"nofollow noopener\" target=\"_blank\">Nova Twins<\/a> como artistas invitadas.<\/strong><\/p>\n<p><a href=\"https:\/\/www.ticketmaster.es\/artist\/linkin-park-entradas\/10021?int_cmp_name=LINKIN-PARK&amp;int_cmp_id=ES-Home-501&amp;int_cmp_creative=Home-main-4.0&amp;tm_link=tm_ccp_Home_main_LINKIN-PARK\" target=\"_blank\" rel=\"nofollow noopener\"><img decoding=\"async\" src=\"https:\/\/www.europesays.com\/es\/wp-content\/uploads\/2025\/07\/Banner-Linkin-Park-2-Rock-Zone-1060x200-1.png\"\/><\/a><\/p>\n<p>Las fechas confirmadas son el 1 de octubre de 2026 en Barcelona (Olympic Arena Badalona) y el 2 de octubre en Madrid (Palacio Vistalegre). Las entradas saldr\u00e1n a la venta este viernes 5 de diciembre a las 10 h. a trav\u00e9s de <a href=\"https:\/\/doctormusic.com\" rel=\"nofollow noopener\" target=\"_blank\">doctormusic.com<\/a>.<\/p>\n<p>Estos conciertos forman parte del extenso tour que Evanescence llevar\u00e1 a cabo por Norteam\u00e9rica, Reino Unido y Europa durante 2026, tras un a\u00f1o especialmente intenso para la banda tanto a nivel creativo como en directo. Antes de aterrizar en Europa, girar\u00e1n por Estados Unidos y Canad\u00e1 junto a Spiritbox y Nova Twins, para luego viajar al Reino Unido con Poppy y K.Flay, y finalmente recorrer el continente acompa\u00f1ados de Poppy y Nova Twins.<\/p>\n<p>\u201cEste a\u00f1o ha sido tan inspirador en muchos sentidos: hemos creado mucha m\u00fasica nueva, hemos tocado en conciertos so\u00f1ados y hemos trabajado con artistas que nos dan vida\u00bb, ha declarado la vocalista <strong>Amy Lee<\/strong>. \u00abEstamos llevando toda esa energ\u00eda para construir un 2026 \u00e9pico para nuestros fans. Colaborar con K.Flay, Poppy y Courtney LaPlante me hizo querer crear un mundo donde pudi\u00e9ramos compartir escenario, \u00a1y estoy encantada de que vaya a suceder! No puedo esperar para mostrar lo que hemos estado preparando, y no puedo esperar para esta incre\u00edble gira\u201d.<\/p>\n<p><img fetchpriority=\"high\" decoding=\"async\" class=\" wp-image-48071 aligncenter\" src=\"https:\/\/www.europesays.com\/es\/wp-content\/uploads\/2025\/12\/Evanescence-poster-gira-2026.jpeg\" alt=\"\" width=\"469\" height=\"469\"  \/><\/p>\n","protected":false},"excerpt":{"rendered":"Evanescence volver\u00e1n a Espa\u00f1a en 2026 con dos conciertos en nuestro pa\u00eds acompa\u00f1ados por Poppy y Nova Twins&hellip;\n","protected":false},"author":2,"featured_media":266213,"comment_status":"","ping_status":"","sticky":false,"template":"","format":"standard","meta":{"footnotes":""},"categories":[91],"tags":[65867,146,147,25,24,65868,18382,17220,65869,23],"class_list":{"0":"post-266212","1":"post","2":"type-post","3":"status-publish","4":"format-standard","5":"has-post-thumbnail","7":"category-entretenimiento","8":"tag-doctor-music","9":"tag-entertainment","10":"tag-entretenimiento","11":"tag-es","12":"tag-espana","13":"tag-evanescence","14":"tag-metal-alternativo","15":"tag-nova-twins","16":"tag-poppy","17":"tag-spain"},"share_on_mastodon":{"url":"https:\/\/pubeurope.com\/@es\/115646749336965359","error":""},"_links":{"self":[{"href":"https:\/\/www.europesays.com\/es\/wp-json\/wp\/v2\/posts\/266212","targetHints":{"allow":["GET"]}}],"collection":[{"href":"https:\/\/www.europesays.com\/es\/wp-json\/wp\/v2\/posts"}],"about":[{"href":"https:\/\/www.europesays.com\/es\/wp-json\/wp\/v2\/types\/post"}],"author":[{"embeddable":true,"href":"https:\/\/www.europesays.com\/es\/wp-json\/wp\/v2\/users\/2"}],"replies":[{"embeddable":true,"href":"https:\/\/www.europesays.com\/es\/wp-json\/wp\/v2\/comments?post=266212"}],"version-history":[{"count":0,"href":"https:\/\/www.europesays.com\/es\/wp-json\/wp\/v2\/posts\/266212\/revisions"}],"wp:featuredmedia":[{"embeddable":true,"href":"https:\/\/www.europesays.com\/es\/wp-json\/wp\/v2\/media\/266213"}],"wp:attachment":[{"href":"https:\/\/www.europesays.com\/es\/wp-json\/wp\/v2\/media?parent=266212"}],"wp:term":[{"taxonomy":"category","embeddable":true,"href":"https:\/\/www.europesays.com\/es\/wp-json\/wp\/v2\/categories?post=266212"},{"taxonomy":"post_tag","embeddable":true,"href":"https:\/\/www.europesays.com\/es\/wp-json\/wp\/v2\/tags?post=266212"}],"curies":[{"name":"wp","href":"https:\/\/api.w.org\/{rel}","templated":true}]}}