{"id":266214,"date":"2025-12-01T22:48:11","date_gmt":"2025-12-01T22:48:11","guid":{"rendered":"https:\/\/www.europesays.com\/es\/266214\/"},"modified":"2025-12-01T22:48:11","modified_gmt":"2025-12-01T22:48:11","slug":"el-boicot-a-la-ram-se-hace-viral-entre-jugadores-aunque-los-expertos-avisan-no-va-a-funcionar","status":"publish","type":"post","link":"https:\/\/www.europesays.com\/es\/266214\/","title":{"rendered":"El \u00abboicot a la RAM\u00bb se hace viral entre jugadores\u2026 aunque los expertos avisan: no va a funcionar"},"content":{"rendered":"<p class=\"c-paragraph\">A d\u00eda de hoy se vive una crisis muy particular relativa a las memorias RAM, algo que est\u00e1 provocando que suban de precio numerosos dispositivos electr\u00f3nicos.<\/p>\n<p class=\"c-paragraph\">De hecho, en los \u00faltimos d\u00edas ha cobrado fuerza en redes sociales la idea de organizar una especie de \u201cboicot a la RAM\u201d para presionar a los fabricantes y conseguir precios m\u00e1s bajos.<\/p>\n<p class=\"c-paragraph\">La propuesta surgi\u00f3 de <a href=\"https:\/\/www.reddit.com\/r\/pcmasterrace\/comments\/1p8mgoc\/the_ram_shortage_is_deliberate_refusing_to_pay\/\" rel=\"nofollow noreferrer noopener\" target=\"_blank\">un hilo viral en Reddit<\/a>, donde algunos usuarios argumentan que dejar de comprar m\u00f3dulos de memoria permitir\u00eda a los gamers \u201cahorrar una fortuna\u201d.<\/p>\n<p class=\"c-paragraph\">En todo caso, <b>parece que la situaci\u00f3n actual del mercado de RAM demuestra que esta estrategia tendr\u00eda un impacto pr\u00e1cticamente nulo<\/b>.<\/p>\n<p class=\"c-paragraph\">La subida de precios de la <a href=\"https:\/\/computerhoy.20minutos.es\/dispositivos\/raspberry-pi-5-1gb-ya-esta-aqui-pero-preparate-para-pagar-mas-que-nunca-todos-los-modelos_6905224_0.html\" title=\"Raspberry Pi 5 de 1GB ya est\u00e1 aqu\u00ed, pero prep\u00e1rate para pagar m\u00e1s que nunca en todos los modelos\" rel=\"nofollow noopener\" target=\"_blank\">memoria RAM<\/a> ha generado preocupaci\u00f3n entre los usuarios de ordenadores. Aunque muchos apuntan directamente al auge de la <a href=\"https:\/\/computerhoy.20minutos.es\/tecnologia\/es-oficial-ya-no-es-posible-distinguir-una-imagen-real-una-hecha-con-ia-asi-sin-mas-era-evidencia-fotografica-llego-su-fin_6904855_0.html\" title=\"Es oficial, ya no es posible distinguir una imagen real de una hecha con IA: &quot;Y as\u00ed, sin m\u00e1s, la era de la evidencia fotogr\u00e1fica lleg\u00f3 a su fin&quot;\" rel=\"nofollow noopener\" target=\"_blank\">inteligencia artificial<\/a> como responsable, la realidad es m\u00e1s compleja.<\/p>\n<p class=\"c-paragraph\">Durante los a\u00f1os de pandemia, la demanda de RAM en el sector de consumo cay\u00f3 de forma abrupta, obligando a los fabricantes a reducir su producci\u00f3n y a reasignar recursos. La adopci\u00f3n m\u00e1s lenta de DDR5 tambi\u00e9n influy\u00f3, lo que redujo la demanda de m\u00f3dulos de memoria convencionales.<\/p>\n<p class=\"c-paragraph\">Como consecuencia, cuando la inteligencia artificial dispar\u00f3 la necesidad de memoria en centros de datos y proveedores de computaci\u00f3n en la nube, <b>la industria no estaba preparada para responder con suficiente capacidad<\/b>. De hecho, la mayor parte de la demanda de RAM procede del sector de la inteligencia artificial, que consume pr\u00e1cticamente todo el volumen disponible.<\/p>\n<p class=\"c-paragraph\">As\u00ed que, en este contexto, si los jugadores dejaran de comprar RAM, el impacto ser\u00eda m\u00ednimo, <b>dado que los fabricantes priorizan a los clientes que aseguran mayores m\u00e1rgenes, que son los gigantes de inteligencia artificial, dejando en segundo plano el mercado dom\u00e9stico<\/b>.<\/p>\n<p class=\"c-paragraph\">Ante esta situaci\u00f3n, la recomendaci\u00f3n de los expertos <b>es evitar decisiones impulsivas<\/b>. Quienes ya dispongan de 8 o 16 GB de RAM pueden mantener su equipo unos meses m\u00e1s para no pagar sobreprecios.<\/p>\n<p class=\"c-paragraph\">Para quienes est\u00e9n montando un PC completo, las ofertas actuales siguen siendo la mejor oportunidad a corto plazo. Incluso adquirir un equipo preensamblado puede resultar m\u00e1s rentable, ya que muchos a\u00fan no reflejan las subidas actuales de memoria.<\/p>\n<p class=\"c-paragraph\">Teniendo en cuenta que los expertos apuntan a que las tensiones en el suministro de memoria podr\u00edan prolongarse hasta 2027, es mejor quedarse con la memoria RAM que se tenga actualmente en los equipos.<\/p>\n","protected":false},"excerpt":{"rendered":"A d\u00eda de hoy se vive una crisis muy particular relativa a las memorias RAM, algo que est\u00e1&hellip;\n","protected":false},"author":2,"featured_media":266215,"comment_status":"","ping_status":"","sticky":false,"template":"","format":"standard","meta":{"footnotes":""},"categories":[81],"tags":[35163,119,123,124,25,24,21440,64214,117,121,122,7745,23,118,120,4619],"class_list":{"0":"post-266214","1":"post","2":"type-post","3":"status-publish","4":"format-standard","5":"has-post-thumbnail","7":"category-ciencia-y-tecnologia","8":"tag-boicot","9":"tag-ciencia","10":"tag-ciencia-y-tecnologia","11":"tag-cienciaytecnologia","12":"tag-es","13":"tag-espana","14":"tag-hace","15":"tag-ram","16":"tag-science","17":"tag-science-and-technology","18":"tag-scienceandtechnology","19":"tag-se","20":"tag-spain","21":"tag-technology","22":"tag-tecnologia","23":"tag-viral"},"share_on_mastodon":{"url":"https:\/\/pubeurope.com\/@es\/115646752706681684","error":""},"_links":{"self":[{"href":"https:\/\/www.europesays.com\/es\/wp-json\/wp\/v2\/posts\/266214","targetHints":{"allow":["GET"]}}],"collection":[{"href":"https:\/\/www.europesays.com\/es\/wp-json\/wp\/v2\/posts"}],"about":[{"href":"https:\/\/www.europesays.com\/es\/wp-json\/wp\/v2\/types\/post"}],"author":[{"embeddable":true,"href":"https:\/\/www.europesays.com\/es\/wp-json\/wp\/v2\/users\/2"}],"replies":[{"embeddable":true,"href":"https:\/\/www.europesays.com\/es\/wp-json\/wp\/v2\/comments?post=266214"}],"version-history":[{"count":0,"href":"https:\/\/www.europesays.com\/es\/wp-json\/wp\/v2\/posts\/266214\/revisions"}],"wp:featuredmedia":[{"embeddable":true,"href":"https:\/\/www.europesays.com\/es\/wp-json\/wp\/v2\/media\/266215"}],"wp:attachment":[{"href":"https:\/\/www.europesays.com\/es\/wp-json\/wp\/v2\/media?parent=266214"}],"wp:term":[{"taxonomy":"category","embeddable":true,"href":"https:\/\/www.europesays.com\/es\/wp-json\/wp\/v2\/categories?post=266214"},{"taxonomy":"post_tag","embeddable":true,"href":"https:\/\/www.europesays.com\/es\/wp-json\/wp\/v2\/tags?post=266214"}],"curies":[{"name":"wp","href":"https:\/\/api.w.org\/{rel}","templated":true}]}}