{"id":266223,"date":"2025-12-01T22:56:11","date_gmt":"2025-12-01T22:56:11","guid":{"rendered":"https:\/\/www.europesays.com\/es\/266223\/"},"modified":"2025-12-01T22:56:11","modified_gmt":"2025-12-01T22:56:11","slug":"el-desconcierto-del-equipo-norteamericano-en-bethpage-black","status":"publish","type":"post","link":"https:\/\/www.europesays.com\/es\/266223\/","title":{"rendered":"El desconcierto del equipo norteamericano en Bethpage Black"},"content":{"rendered":"<p>            <a href=\"https:\/\/ten-golf.com\/wp-content\/uploads\/2025\/09\/RC.09.23.25.ST_.ST2B2068-1.webp\" data-caption=\"Justin Thomas \u00a9Scott Taetsch\/PGA of America\" rel=\"nofollow noopener\" target=\"_blank\"><img decoding=\"async\" loading=\"lazy\" width=\"666\" height=\"444\" class=\"entry-thumb td-modal-image\" src=\"https:\/\/www.europesays.com\/es\/wp-content\/uploads\/2025\/12\/RC.09.23.25.ST_.ST2B2068-1-666x444.webp.webp\"   alt=\"Justin Thomas, en las rondas de pr\u00e1cticas \u00a9 Scott Taetsch\/PGA of America\" title=\"Justin Thomas, en las rondas de pr\u00e1cticas \u00a9 Scott Taetsch\/PGA of America\"\/><\/a>Justin Thomas \u00a9Scott Taetsch\/PGA of America<\/p>\n<p data-start=\"251\" data-end=\"554\">La resaca de la <strong>Ryder Cup<\/strong> sigue viva dos meses despu\u00e9s del 15-13 con el que <strong>Europa<\/strong> dobleg\u00f3 a <strong>Estados Unidos<\/strong> en <strong>Bethpage Black<\/strong>. Keegan Bradley confes\u00f3 que si volviera atr\u00e1s le gustar\u00eda cambiar detalles del set up del campo, pero hubo un detalle que no quiso contar\u2026 y lo ha hecho uno de sus jugadores.<\/p>\n<p data-start=\"556\" data-end=\"1003\">Justin Thomas ha revelado en el p\u00f3dcast No Laying Up que el equipo estadounidense qued\u00f3 absolutamente \u201cdesconcertado\u201d con las condiciones de los greens en el hist\u00f3rico recorrido de Nueva York. Seg\u00fan ha explicado, Keegan Bradley pidi\u00f3 expresamente que los greens rodaran en torno a 13 en el stimpmeter, una cifra est\u00e1ndar en el PGA Tour y ligeramente m\u00e1s alta de lo que suele encontrar el DP World Tour. Aunque la mayor\u00eda de jugadores del equipo europeo est\u00e1n acostumbrados a jugar en el PGA Tour, no todos. La realidad fue muy distinta.<\/p>\n<p data-start=\"1036\" data-end=\"1454\">Thomas ha recalcado que los greens estaban \u201cmucho m\u00e1s lentos de lo esperado\u201d y que la sensaci\u00f3n de incomodidad se extendi\u00f3 r\u00e1pidamente por el vestuario americano. Mientras, Europa abr\u00eda una brecha casi definitiva en las dos primeras jornadas: \u00abNo s\u00e9 por qu\u00e9 no estaban como Keegan hab\u00eda pedido. \u00c9l fue muy claro con la velocidad que quer\u00eda, lo suficientemente r\u00e1pida. Los vimos discutir diciendo que estaban a 13 en el stimp,\u00a0pero todos ve\u00edamos c\u00f3mo los putts se quedaban cortos en televisi\u00f3n. Jugamos al golf todas las semanas: sabemos cu\u00e1ndo un green est\u00e1 lento\u201d, lament\u00f3.<\/p>\n<p data-start=\"1456\" data-end=\"1669\">El desconcierto lleg\u00f3 hasta el punto de generar discusiones con los greenkeepers de Bethpage Black durante el propio torneo. \u201cFue algo extra\u00f1o, porque no es lo que esperas en una Ryder Cup en casa\u201d, a\u00f1adi\u00f3 Thomas.<\/p>\n<p data-start=\"1671\" data-end=\"1994\">Pese a todo, el jugador de Kentucky quiso dejar claro que no busca excusas: Europa fue mejor. Sin embargo, s\u00ed admiti\u00f3 que perder esa posible ventaja desde el inicio les result\u00f3 frustrante: \u201cEs una de esas peque\u00f1as armas que sueles tener a favor y esta vez no la tuvimos\u201d.<\/p>\n<p data-start=\"1996\" data-end=\"2289\">En lo deportivo, Thomas cerr\u00f3 su participaci\u00f3n con dos puntos de cuatro posibles \u2014victoria en fourball junto a Cam Young y triunfo individual ante Tommy Fleetwood\u2014 antes de someterse semanas despu\u00e9s a una microdiscectom\u00eda. La misma operaci\u00f3n que Tiger Woods ha afrontado en varias ocasiones.<\/p>\n<p data-start=\"2291\" data-end=\"2562\">En su paso por el podcast, tambi\u00e9n ha querido contar sobre su estado f\u00edsico: conf\u00eda en caminar con normalidad, pero a\u00fan no puede entrenar. \u201cProbablemente me pierda un par de torneos en 2026. Lo raro es no poder hacer nada, no porque no pueda f\u00edsicamente, sino porque no debo\u201d, explic\u00f3.<\/p>\n<p data-start=\"2564\" data-end=\"2762\">El eco de Bethpage sigue resonando. Y, por lo que cuenta Thomas, una parte de la historia de esta Ryder Cup se escribi\u00f3 mucho antes de que se pegara el primer golpe\u2026 sobre el c\u00e9sped mismo del green.<\/p>\n","protected":false},"excerpt":{"rendered":"Justin Thomas \u00a9Scott Taetsch\/PGA of America La resaca de la Ryder Cup sigue viva dos meses despu\u00e9s del&hellip;\n","protected":false},"author":2,"featured_media":266224,"comment_status":"","ping_status":"","sticky":false,"template":"","format":"standard","meta":{"footnotes":""},"categories":[275],"tags":[39987,168,25,24,329,42978,27753,336,339,340,1909,1910,2624,23,167],"class_list":{"0":"post-266223","1":"post","2":"type-post","3":"status-publish","4":"format-standard","5":"has-post-thumbnail","7":"category-golf","8":"tag-bethpage-black","9":"tag-deportes","10":"tag-es","11":"tag-espana","12":"tag-golf","13":"tag-justin-thomas","14":"tag-keegan-bradley","15":"tag-notificacion","16":"tag-portada-america","17":"tag-portada-global","18":"tag-portada-top","19":"tag-portada-top-america","20":"tag-ryder-cup","21":"tag-spain","22":"tag-sports"},"share_on_mastodon":{"url":"https:\/\/pubeurope.com\/@es\/115646784573398939","error":""},"_links":{"self":[{"href":"https:\/\/www.europesays.com\/es\/wp-json\/wp\/v2\/posts\/266223","targetHints":{"allow":["GET"]}}],"collection":[{"href":"https:\/\/www.europesays.com\/es\/wp-json\/wp\/v2\/posts"}],"about":[{"href":"https:\/\/www.europesays.com\/es\/wp-json\/wp\/v2\/types\/post"}],"author":[{"embeddable":true,"href":"https:\/\/www.europesays.com\/es\/wp-json\/wp\/v2\/users\/2"}],"replies":[{"embeddable":true,"href":"https:\/\/www.europesays.com\/es\/wp-json\/wp\/v2\/comments?post=266223"}],"version-history":[{"count":0,"href":"https:\/\/www.europesays.com\/es\/wp-json\/wp\/v2\/posts\/266223\/revisions"}],"wp:featuredmedia":[{"embeddable":true,"href":"https:\/\/www.europesays.com\/es\/wp-json\/wp\/v2\/media\/266224"}],"wp:attachment":[{"href":"https:\/\/www.europesays.com\/es\/wp-json\/wp\/v2\/media?parent=266223"}],"wp:term":[{"taxonomy":"category","embeddable":true,"href":"https:\/\/www.europesays.com\/es\/wp-json\/wp\/v2\/categories?post=266223"},{"taxonomy":"post_tag","embeddable":true,"href":"https:\/\/www.europesays.com\/es\/wp-json\/wp\/v2\/tags?post=266223"}],"curies":[{"name":"wp","href":"https:\/\/api.w.org\/{rel}","templated":true}]}}