{"id":266225,"date":"2025-12-01T22:57:10","date_gmt":"2025-12-01T22:57:10","guid":{"rendered":"https:\/\/www.europesays.com\/es\/266225\/"},"modified":"2025-12-01T22:57:10","modified_gmt":"2025-12-01T22:57:10","slug":"la-ultima-actualizacion-del-ranking-atp-en-2025-siete-argentinos-entre-los-100-mejores-del-mundo","status":"publish","type":"post","link":"https:\/\/www.europesays.com\/es\/266225\/","title":{"rendered":"La \u00faltima actualizaci\u00f3n del ranking ATP en 2025: siete argentinos entre los 100 mejores del mundo"},"content":{"rendered":"<p><img alt=\"Francisco Cer\u00fandolo y Francisco Comesa\u00f1a\" class=\"global-image\" decoding=\"async\" fetchpriority=\"high\" height=\"1080\" loading=\"eager\" src=\"https:\/\/www.europesays.com\/es\/wp-content\/uploads\/2025\/12\/YF6EDB5G6VB2HDBGT6ZHGP3RDI.jpg\" width=\"1920\"\/>Francisco Cer\u00fandolo y Francisco Comesa\u00f1a sonr\u00eden durante una pr\u00e1ctica del equipo argentino de Copa Davis<\/p>\n<p class=\"paragraph\">La<b> temporada 2025<\/b> del tenis mundial lleg\u00f3 a su fin y la \u00faltima actuaci\u00f3n del<b> ranking ATP <\/b>reflej\u00f3 el buen momento de los jugadores argentinos: siete terminaron el a\u00f1o entre los 100 primeros.<\/p>\n<p class=\"paragraph\">El mejor ubicado fue <b>Francisco Cer\u00fandolo<\/b>, que cerr\u00f3 el a\u00f1o en el puesto 21\u00b0. M\u00e1s atr\u00e1s se ubicaron <b>Sebasti\u00e1n B\u00e1ez<\/b> (45\u00b0), <b>Camilo Ugo Carabelli<\/b> (49\u00b0), <b>Tom\u00e1s Etcheverry<\/b> (59\u00b0), <b>Francisco Comesa\u00f1a<\/b> (67\u00b0), <b>Mariano Navone<\/b> (72\u00b0) y <b>Juan Manuel Cer\u00fandolo<\/b> (85\u00b0).<\/p>\n<p class=\"paragraph\">Hace 12 meses, Argentina culminaba el 2024 con ocho jugadores en el top 100. Incluso hasta hace algunas semanas ten\u00eda esa cantidad, aunque <b>Thiago Tirante<\/b> (106) sali\u00f3 recientemente del listado.<b> Rom\u00e1n Andr\u00e9s Burruchaga<\/b> (105), mientras tanto, intentar\u00e1 aprovechar la gira de polvo de ladrillo en los primeros meses del a\u00f1o que viene para meterse por primera vez entre los 100 mejores jugadores.<\/p>\n<p class=\"paragraph\">En las primeras 23 temporadas desde comienzos de siglo, el n\u00famero de tenistas argentinos <b>nunca baj\u00f3 de cinco <\/b>en el top 100.<\/p>\n<p class=\"paragraph\">Hubo esa cantidad de jugadores nacionales en el top 100 en <b>2014, 2015, 2019 y 2020<\/b>. Fueron <b>seis en 2003, 2011, 2013, 2018 y 2023<\/b>. Y <b>siete en 2010, 2012, 2017, 2021 y 2022.<\/b><\/p>\n<p class=\"paragraph\">Fueron<b> ocho en 2024 y<\/b> <b>nueve en 2001, 2002, 2004, 2008, 2009 y 2016<\/b>. El pico ocurri\u00f3 en <b>2005, 2006 y 2007<\/b>, cuando hubo <b>10 tenistas entre los 100 primeros<\/b> en el cierre de cada temporada.<\/p>\n<p><img alt=\"Sebasti\u00e1n B\u00e1ez en el torneo\" class=\"global-image\" decoding=\"async\" fetchpriority=\"low\" height=\"1080\" loading=\"lazy\" src=\"https:\/\/www.europesays.com\/es\/wp-content\/uploads\/2025\/12\/HMK2ZUJO4NCQFFPVP4IAJQW6OA.jpg\" width=\"1920\"\/>Sebasti\u00e1n B\u00e1ez en el torneo de Bucarest este a\u00f1o<\/p>\n<p class=\"paragraph\">El cierre de 2025 dej\u00f3 a <b>10 sudamericanos<\/b> dentro del top 100, con Argentina como el pa\u00eds m\u00e1s representado de la regi\u00f3n. En esa lista se agregan el brasile\u00f1o Joao Fonseca (24), de 19 a\u00f1os y una de los tenistas con m\u00e1s proyecci\u00f3n, y dos chilenos: Cristian Gar\u00edn (80\u00b0) y Alejandro Tabilo (81\u00b0).<\/p>\n<p class=\"paragraph\">La cima del ranking ratific\u00f3 un escenario claro durante el a\u00f1o: <b>Carlos Alcaraz<\/b> (1) y <b>Jannik Sinner<\/b> (2) se adue\u00f1aron del circuito y terminaron el a\u00f1o en lo m\u00e1s alto del ranking ATP. <\/p>\n<p class=\"paragraph\">El espa\u00f1ol y el italiano se repartieron los t\u00edtulos m\u00e1s importantes y dejaron en claro que hoy est\u00e1n muy por encima del resto. Su nivel arrollador marc\u00f3 un quiebre en el circuito masculino y los posicion\u00f3 como las grandes figuras del momento.<\/p>\n<p class=\"paragraph\">Un dato que lo dice todo: tanto Alcaraz (12.050) como Sinner (11.500) suman m\u00e1s del doble del puntaje acumulado por el tercer jugador del escalaf\u00f3n mundial, el alem\u00e1n Alexander Zverev (5160).<\/p>\n<ul data-icon=\"\u2b24\" class=\"list\">\n<li data-icon=\"\u2b24\"><b>Francisco Cer\u00fandolo: 21\u00b0<\/b><\/li>\n<li data-icon=\"\u2b24\"><b>Sebasti\u00e1n B\u00e1ez: 45\u00b0<\/b><\/li>\n<li data-icon=\"\u2b24\"><b>Camilo Ugo Carabelli: 49\u00b0<\/b><\/li>\n<li data-icon=\"\u2b24\"><b>Tom\u00e1s Etcheverry: 59\u00b0<\/b><\/li>\n<li data-icon=\"\u2b24\"><b>Francisco Comesa\u00f1a: 67\u00b0<\/b><\/li>\n<li data-icon=\"\u2b24\"><b>Mariano Navone: 72\u00b0<\/b><\/li>\n<li data-icon=\"\u2b24\"><b>Juan Manuel Cer\u00fandolo: 85\u00b0<\/b><\/li>\n<\/ul>\n<p><img alt=\"Camilo Ugo Carabelli en Cincinnati\" class=\"global-image\" decoding=\"async\" fetchpriority=\"low\" height=\"4329\" loading=\"lazy\" src=\"https:\/\/www.europesays.com\/es\/wp-content\/uploads\/2025\/12\/PMV7J7EVGRH6RBDUU4IJD2RDQQ.JPG\" width=\"6494\"\/>Camilo Ugo Carabelli en Cincinnati este a\u00f1o (Cr\u00e9dito: Reuters)<\/p>\n<p class=\"paragraph\"><b>Top 10:<\/b> Italia y EE.UU. (2)<\/p>\n<p class=\"paragraph\"><b>Top 20: <\/b>EE.UU. y Rusia (3). Italia, Espa\u00f1a y Rep\u00fablica Checa (2)<\/p>\n<p class=\"paragraph\"><b>Top 30: <\/b>Italia y EE.UU. (4), Rusia (3), Espa\u00f1a, Canad\u00e1, Gran Breta\u00f1a y Rep\u00fablica Checa (2)<\/p>\n<p class=\"paragraph\"><b>Top 50: <\/b>EE.UU. (9), Italia y Francia (5), Espa\u00f1a, Rusia, Canad\u00e1, Rep\u00fablica Checa y Argentina (3)<\/p>\n<p class=\"paragraph\"><b>Top 100:<\/b> EE.UU. (15), Francia (14), Italia (9) y Argentina (7)<\/p>\n<ol data-icon=\"\u2b24\" class=\"list\">\n<li data-icon=\"\u2b24\"><b>Carlos Alcaraz (Espa\u00f1a)<\/b><\/li>\n<li data-icon=\"\u2b24\"><b>Jannik Sinner (Italia)<\/b><\/li>\n<li data-icon=\"\u2b24\"><b>Alexander Zverev (Alemania)<\/b><\/li>\n<li data-icon=\"\u2b24\"><b>Novak Djokovic (Serbia)<\/b><\/li>\n<li data-icon=\"\u2b24\"><b>F\u00e9lix Auger-Aliassime (Canad\u00e1)<\/b><\/li>\n<li data-icon=\"\u2b24\"><b>Taylor Fritz (Estados Unidos)<\/b><\/li>\n<li data-icon=\"\u2b24\"><b>Alex de Minaur (Australia)<\/b><\/li>\n<li data-icon=\"\u2b24\"><b>Lorenzo Musetti (Italia)<\/b><\/li>\n<li data-icon=\"\u2b24\"><b>Ben Shelton (Estados Unidos)<\/b><\/li>\n<li data-icon=\"\u2b24\"><b>Jack Draper (Reino Unido)<\/b><\/li>\n<\/ol>\n","protected":false},"excerpt":{"rendered":"Francisco Cer\u00fandolo y Francisco Comesa\u00f1a sonr\u00eden durante una pr\u00e1ctica del equipo argentino de Copa Davis La temporada 2025&hellip;\n","protected":false},"author":2,"featured_media":266226,"comment_status":"","ping_status":"","sticky":false,"template":"","format":"standard","meta":{"footnotes":""},"categories":[274],"tags":[2134,168,25,24,3119,23,3020,167,327,326,5512],"class_list":{"0":"post-266225","1":"post","2":"type-post","3":"status-publish","4":"format-standard","5":"has-post-thumbnail","7":"category-tenis","8":"tag-cincinnati","9":"tag-deportes","10":"tag-es","11":"tag-espana","12":"tag-north-america","13":"tag-spain","14":"tag-sport","15":"tag-sports","16":"tag-tenis","17":"tag-tennis","18":"tag-tensid"},"share_on_mastodon":{"url":"https:\/\/pubeurope.com\/@es\/115646788645991695","error":""},"_links":{"self":[{"href":"https:\/\/www.europesays.com\/es\/wp-json\/wp\/v2\/posts\/266225","targetHints":{"allow":["GET"]}}],"collection":[{"href":"https:\/\/www.europesays.com\/es\/wp-json\/wp\/v2\/posts"}],"about":[{"href":"https:\/\/www.europesays.com\/es\/wp-json\/wp\/v2\/types\/post"}],"author":[{"embeddable":true,"href":"https:\/\/www.europesays.com\/es\/wp-json\/wp\/v2\/users\/2"}],"replies":[{"embeddable":true,"href":"https:\/\/www.europesays.com\/es\/wp-json\/wp\/v2\/comments?post=266225"}],"version-history":[{"count":0,"href":"https:\/\/www.europesays.com\/es\/wp-json\/wp\/v2\/posts\/266225\/revisions"}],"wp:featuredmedia":[{"embeddable":true,"href":"https:\/\/www.europesays.com\/es\/wp-json\/wp\/v2\/media\/266226"}],"wp:attachment":[{"href":"https:\/\/www.europesays.com\/es\/wp-json\/wp\/v2\/media?parent=266225"}],"wp:term":[{"taxonomy":"category","embeddable":true,"href":"https:\/\/www.europesays.com\/es\/wp-json\/wp\/v2\/categories?post=266225"},{"taxonomy":"post_tag","embeddable":true,"href":"https:\/\/www.europesays.com\/es\/wp-json\/wp\/v2\/tags?post=266225"}],"curies":[{"name":"wp","href":"https:\/\/api.w.org\/{rel}","templated":true}]}}