{"id":266229,"date":"2025-12-01T23:00:15","date_gmt":"2025-12-01T23:00:15","guid":{"rendered":"https:\/\/www.europesays.com\/es\/266229\/"},"modified":"2025-12-01T23:00:15","modified_gmt":"2025-12-01T23:00:15","slug":"el-contrato-entre-lance-amir-paul-y-el-caceres-es-renovable-mes-a-mes","status":"publish","type":"post","link":"https:\/\/www.europesays.com\/es\/266229\/","title":{"rendered":"El contrato entre Lance-Amir Paul y el C\u00e1ceres es renovable mes a mes"},"content":{"rendered":"<p class=\"ft-text ft-helper-closenews\"><strong>Lance-Amir Paul ya entrena con sus nuevos compa\u00f1eros del C\u00e1ceres Patrimonio de la Humanidad,<\/strong> aunque el club todav\u00eda no ha anunciado oficialmente su fichaje, que<a class=\"ft-link ft-link--decoration\" href=\"https:\/\/www.elperiodicoextremadura.com\/deportes\/2025\/11\/30\/caceres-ultima-llegada-base-jamaicano-124281847.html\" target=\"_blank\" rel=\"nofollow noopener\"> fue adelantado el domingo por este diario<\/a>. En una evidente ingenuidad en estos tiempos, se pretend\u00eda hacerlo p\u00fablico <strong>lo m\u00e1s tarde posible para pillar de sorpresa al C\u00edrculo Gij\u00f3n <\/strong>-precisamente el anterior equipo del jugador- el pr\u00f3ximo s\u00e1bado. Era algo casi imposible de lograr y ahora en lo que toca centrarse es en integrar al base jamaicano lo mejor posible para que aporte desde el primer d\u00eda.<\/p>\n<p class=\"ft-text\">Entre los detalles que van trascendiendo de la operaci\u00f3n hay uno que destaca poderosamente: <strong>Paul ha firmado un contrato que puede ser rescindido al final de cada mes y que solo ser\u00e1 fijo a partir del 28 de febrero.<\/strong> A esas alturas espera ser ya imprescindible en el Multiusos, donde se asegura que ha llegado con una ilusi\u00f3n.<\/p>\n<p class=\"ft-text\">En el equipo y en la propia afici\u00f3n tambi\u00e9n hay una gran expectativa de que su presencia pueda suponer un refuerzo en las \u00e1reas donde se est\u00e1n arrastrando problemas. Particularmente, <strong>en la generaci\u00f3n de ventajas tras bote, donde no hay ning\u00fan especialista en la plantilla. <\/strong>Todo hace indicar que se trata de un jugador mucho m\u00e1s penetrador que tirador, como indica el hecho de que la pasada campa\u00f1a lanzase el doble de intentos de dos que de tres. Eso es algo poco habitual para un exterior en el baloncesto actual.<\/p>\n<p class=\"ft-text\">Tambi\u00e9n se le asignar\u00e1 la responsabilidad de subir el bal\u00f3n, compartiendo ya posici\u00f3n con<a class=\"ft-link ft-link--decoration\" href=\"https:\/\/www.elperiodicoextremadura.com\/deportes\/2025\/07\/03\/albert-lafuente-retorna-caceres-patrimonio-albert-lafuente-caceres-baloncesto-segunda-feb-regreso-119336196.html\" target=\"_blank\" rel=\"nofollow noopener\"> Albert Lafuente <\/a>y Nico Marina, aunque el primero de ellos podr\u00eda asomarse al rol de escolta, como ha hecho eventualmente en esta campa\u00f1a ya.<\/p>\n<p>No un salvador<\/p>\n<p class=\"ft-text\">Pese a todo esto, <strong>en el C\u00e1ceres ponen de relieve que no se trata de un superh\u00e9roe que vaya a cambiar por completo la faz del equipo de un d\u00eda para otro.<\/strong> Las reservas son evidentes con el formato de contrato que se ha pactado y que, por lo que se asegura, Paul ha aceptado de buen grado, convencido de que triunfar\u00e1, como hizo la temporada pasada en Gij\u00f3n, aunque una categor\u00eda por debajo, en la Tercera FEB. A la vista de que no hay nacionales experimentados dispuestos a venir, se ha optado por alguien que al menos s\u00ed conoce la competici\u00f3n espa\u00f1ola.<\/p>\n<p class=\"ft-text\">Como se ha publicado, podr\u00eda no ser la \u00faltima incorporaci\u00f3n antes de que termine el a\u00f1o. Las redes en el mercado siguen echadas para conseguir a un interior que sea polivalente, una misi\u00f3n complicada para la que tambi\u00e9n <strong>se busca buscarle nuevo destino al tambi\u00e9n jamaicano DJ Foreman.<\/strong> Por ahora no hay remedio que seguir contando con \u00e9l, pese a que se reconoce que no ha terminado de encajar en un papel que no ha tenido en buena parte de sus experiencias como profesional: la de componente de la \u2018segunda unidad\u2019 sin muchos balones. n<\/p>\n<p data-close=\"closedContent\" class=\"subscribeHideForDisplay\">Suscr\u00edbete para seguir leyendo<\/p>\n","protected":false},"excerpt":{"rendered":"Lance-Amir Paul ya entrena con sus nuevos compa\u00f1eros del C\u00e1ceres Patrimonio de la Humanidad, aunque el club todav\u00eda&hellip;\n","protected":false},"author":2,"featured_media":266230,"comment_status":"","ping_status":"","sticky":false,"template":"","format":"standard","meta":{"footnotes":""},"categories":[269],"tags":[27997,299,298,3975,3976,106,168,25,24,30608,9359,3977,23,167],"class_list":{"0":"post-266229","1":"post","2":"type-post","3":"status-publish","4":"format-standard","5":"has-post-thumbnail","7":"category-baloncesto","8":"tag-amir","9":"tag-baloncesto","10":"tag-basketball","11":"tag-caceres","12":"tag-caceres-basket","13":"tag-contrato","14":"tag-deportes","15":"tag-es","16":"tag-espana","17":"tag-lance","18":"tag-paul","19":"tag-segunda-feb","20":"tag-spain","21":"tag-sports"},"share_on_mastodon":{"url":"","error":""},"_links":{"self":[{"href":"https:\/\/www.europesays.com\/es\/wp-json\/wp\/v2\/posts\/266229","targetHints":{"allow":["GET"]}}],"collection":[{"href":"https:\/\/www.europesays.com\/es\/wp-json\/wp\/v2\/posts"}],"about":[{"href":"https:\/\/www.europesays.com\/es\/wp-json\/wp\/v2\/types\/post"}],"author":[{"embeddable":true,"href":"https:\/\/www.europesays.com\/es\/wp-json\/wp\/v2\/users\/2"}],"replies":[{"embeddable":true,"href":"https:\/\/www.europesays.com\/es\/wp-json\/wp\/v2\/comments?post=266229"}],"version-history":[{"count":0,"href":"https:\/\/www.europesays.com\/es\/wp-json\/wp\/v2\/posts\/266229\/revisions"}],"wp:featuredmedia":[{"embeddable":true,"href":"https:\/\/www.europesays.com\/es\/wp-json\/wp\/v2\/media\/266230"}],"wp:attachment":[{"href":"https:\/\/www.europesays.com\/es\/wp-json\/wp\/v2\/media?parent=266229"}],"wp:term":[{"taxonomy":"category","embeddable":true,"href":"https:\/\/www.europesays.com\/es\/wp-json\/wp\/v2\/categories?post=266229"},{"taxonomy":"post_tag","embeddable":true,"href":"https:\/\/www.europesays.com\/es\/wp-json\/wp\/v2\/tags?post=266229"}],"curies":[{"name":"wp","href":"https:\/\/api.w.org\/{rel}","templated":true}]}}