{"id":266246,"date":"2025-12-01T23:11:17","date_gmt":"2025-12-01T23:11:17","guid":{"rendered":"https:\/\/www.europesays.com\/es\/266246\/"},"modified":"2025-12-01T23:11:17","modified_gmt":"2025-12-01T23:11:17","slug":"en-lugar-de-mostrar-arrogancia","status":"publish","type":"post","link":"https:\/\/www.europesays.com\/es\/266246\/","title":{"rendered":"\u00abEn lugar de mostrar arrogancia&#8230;\u00bb"},"content":{"rendered":"<p class=\"paragraph\">desde que fuera detectado a principios del mes de julio, el<b><a href=\"https:\/\/www.eldebate.com\/ciencia\/20251126\/ultima-anomalia-3iatlas-vuelve-generar-incertidumbre-supongamos-nave-nodriza_358708.html\" title=\"La \u00faltima anomal\u00eda de 3I\/ATLAS que vuelve a generar incertidumbre: \u00abSupongamos que es una nave nodriza...\u00bb\" rel=\"nofollow noopener\" target=\"_blank\"> cometa 3I\/ATLAS<\/a><\/b> ha contado con un gran admirador. El reconocido astrof\u00edsico de Harvard, <b><a href=\"https:\/\/www.eldebate.com\/ciencia\/20251030\/ultimo-comunicado-avi-loeb-sobre-3iatlas-nave-espacial-momento-optimo_349919.html\" title=\"El \u00faltimo comunicado de Avi Loeb sobre 3I\/ATLAS: \u00abPara una nave espacial es el momento \u00f3ptimo\u00bb\" rel=\"nofollow noopener\" target=\"_blank\">Avi Loeb<\/a><\/b>, ha protagonizado un estudio sin precedentes del <b>tercer objeto interestelar <\/b>que atraviesa nuestro sistema solar. A pesar de la ausencia de peligro procedente de este cometa \u2013que se acercar\u00e1 a <b>270 millones de kil\u00f3metros <\/b>de la Tierra el pr\u00f3ximo<b> 19 de diciembre<\/b>\u2013, el astrof\u00edsico ha se\u00f1alado a lo largo de estas semanas distintas anomal\u00edas que podr\u00edan indicar que 3I\/ATLAS podr\u00eda ser una <b>nave nodriza de otra civilizaci\u00f3n<\/b>.<\/p>\n<p class=\"paragraph\">\u00abComo ejercicio principalmente pedag\u00f3gico, en este art\u00edculo presentamos un an\u00e1lisis adicional de la astrodin\u00e1mica de 3I\/ATLAS y planteamos la hip\u00f3tesis de que este objeto podr\u00eda ser tecnol\u00f3gico y posiblemente hostil. La baja inclinaci\u00f3n retr\u00f3grada de su plano orbital respecto a la ecl\u00edptica ofrece diversas ventajas a una Inteligencia Extraterrestre (IET), ya que le permite acceder a nuestro planeta con relativa impunidad\u00bb, relat\u00f3 Loeb en una de sus primeras publicaciones.<\/p>\n<p class=\"paragraph\">Este pensamiento se ha ido manteniendo con el paso de las semanas. De hecho, uno de los aspectos m\u00e1s criticados por el experto ha sido el silencio mantenido por la <b><a href=\"https:\/\/www.eldebate.com\/ciencia\/20251107\/director-nasa-responde-teorias-sobre-3iatlas-afirma-no-coincide-hemos-visto_352980.html\" title=\"El director de la NASA responde a las teor\u00edas sobre 3I\/ATLAS: \u00abLo que se afirma no coincide con lo que hemos visto\u00bb\" rel=\"nofollow noopener\" target=\"_blank\">NASA<\/a><\/b>. El cierre temporal de la agencia llev\u00f3 a Loeb a declarar que estaba \u00ab<b>ocultando informaci\u00f3n<\/b>\u00bb sobre 3I\/ATLAS: \u00abAlgunos te\u00f3ricos de la conspiraci\u00f3n sugirieron que podr\u00eda estar relacionada con evidencia de inteligencia extraterrestre en las im\u00e1genes de HiRISE. Al ser consultado al respecto, suger\u00ed que la demora probablemente no sea se\u00f1al de inteligencia extraterrestre, sino m\u00e1s bien de estupidez humana\u00bb.<\/p>\n<p class=\"c-detail__media__subtitle composite_image\">\n<p>        Una tenue imagen del cometa 3I\/ATLAS observada por la misi\u00f3n SOHO de la ESA\/NASA entre el 15 y el 26 de octubre de 2025. El cometa aparece como un ligero brillo en el centro de la imagen.Observatorio Lowell\/Qicheng Zhang<\/p>\n<p class=\"paragraph\">Ahora, con la<b> reapertura de la NASA<\/b>, la visi\u00f3n de Loeb no ha cambiado. En relaci\u00f3n a la <b>conferencia de prensa<\/b> que la agencia dio el pasado <b>19 de noviembre <\/b>para explicar las novedades sobre el cometa, al astrof\u00edsico no pareci\u00f3 sorprenderle en exceso dichas explicaciones.<\/p>\n<p class=\"paragraph\">\u00abNo hubo grandes novedades. La NASA repiti\u00f3 el mantra oficial de que 3I\/ATLAS es un cometa natural y que no pudieron procesar los datos hasta hace poco debido al cierre del gobierno. Los representantes de la NASA deber\u00edan haber enfatizado lo que no entendemos sobre 3I\/ATLAS en lugar de insistir en que se trata de un cometa familiar de un nuevo entorno de nacimiento\u00bb, se\u00f1al\u00f3 en<a href=\"https:\/\/avi-loeb.medium.com\/there-is-nothing-more-deceptive-than-an-obvious-fact-nasas-press-conference-on-3i-atlas-9b44e632771f\" target=\"_blank\" rel=\" nofollow noopener\"> una de sus \u00faltimas publicaciones<\/a>.<\/p>\n<p class=\"paragraph\">De hecho, Loeb argumenta que la agencia no tuvo en cuenta la gran <b>lista de anomal\u00edas <\/b>registradas por el cometa en los \u00faltimos meses.<\/p>\n<p class=\"paragraph\">\u00abLos cient\u00edficos imaginativos dominan la humildad de aprender algo nuevo de las anomal\u00edas en lugar de mostrar la arrogancia de la experiencia. En la conferencia de prensa, no se mencion\u00f3 los 12 enigmas asociados con 3I\/ATLAS\u00bb, detall\u00f3.<\/p>\n<p class=\"paragraph\">Ante esta situaci\u00f3n, en las pr\u00f3ximas semanas telescopios terrestres de mayor tama\u00f1o, as\u00ed como los <b>telescopios Hubble y Webb<\/b>, podr\u00e1n caracterizar los chorros de 3I\/ATLAS midiendo su composici\u00f3n, velocidad y tasa de carga de masa, arrojando nuevos detalles sobre la peculiar naturaleza de este objeto interestelar.<\/p>\n","protected":false},"excerpt":{"rendered":"desde que fuera detectado a principios del mes de julio, el cometa 3I\/ATLAS ha contado con un gran&hellip;\n","protected":false},"author":2,"featured_media":266247,"comment_status":"","ping_status":"","sticky":false,"template":"","format":"standard","meta":{"footnotes":""},"categories":[81],"tags":[119,123,124,25,24,117,121,122,23,118,120],"class_list":{"0":"post-266246","1":"post","2":"type-post","3":"status-publish","4":"format-standard","5":"has-post-thumbnail","7":"category-ciencia-y-tecnologia","8":"tag-ciencia","9":"tag-ciencia-y-tecnologia","10":"tag-cienciaytecnologia","11":"tag-es","12":"tag-espana","13":"tag-science","14":"tag-science-and-technology","15":"tag-scienceandtechnology","16":"tag-spain","17":"tag-technology","18":"tag-tecnologia"},"share_on_mastodon":{"url":"https:\/\/pubeurope.com\/@es\/115646843153752567","error":""},"_links":{"self":[{"href":"https:\/\/www.europesays.com\/es\/wp-json\/wp\/v2\/posts\/266246","targetHints":{"allow":["GET"]}}],"collection":[{"href":"https:\/\/www.europesays.com\/es\/wp-json\/wp\/v2\/posts"}],"about":[{"href":"https:\/\/www.europesays.com\/es\/wp-json\/wp\/v2\/types\/post"}],"author":[{"embeddable":true,"href":"https:\/\/www.europesays.com\/es\/wp-json\/wp\/v2\/users\/2"}],"replies":[{"embeddable":true,"href":"https:\/\/www.europesays.com\/es\/wp-json\/wp\/v2\/comments?post=266246"}],"version-history":[{"count":0,"href":"https:\/\/www.europesays.com\/es\/wp-json\/wp\/v2\/posts\/266246\/revisions"}],"wp:featuredmedia":[{"embeddable":true,"href":"https:\/\/www.europesays.com\/es\/wp-json\/wp\/v2\/media\/266247"}],"wp:attachment":[{"href":"https:\/\/www.europesays.com\/es\/wp-json\/wp\/v2\/media?parent=266246"}],"wp:term":[{"taxonomy":"category","embeddable":true,"href":"https:\/\/www.europesays.com\/es\/wp-json\/wp\/v2\/categories?post=266246"},{"taxonomy":"post_tag","embeddable":true,"href":"https:\/\/www.europesays.com\/es\/wp-json\/wp\/v2\/tags?post=266246"}],"curies":[{"name":"wp","href":"https:\/\/api.w.org\/{rel}","templated":true}]}}