{"id":266260,"date":"2025-12-01T23:22:12","date_gmt":"2025-12-01T23:22:12","guid":{"rendered":"https:\/\/www.europesays.com\/es\/266260\/"},"modified":"2025-12-01T23:22:12","modified_gmt":"2025-12-01T23:22:12","slug":"david-valero-miro-atras-con-nostalgia-pero-era-el-momento-de-dar-un-paso-al-lado-ciclismo","status":"publish","type":"post","link":"https:\/\/www.europesays.com\/es\/266260\/","title":{"rendered":"David Valero: &quot;Miro atr\u00e1s con nostalgia, pero era el momento de dar un paso al lado&quot; &#8211; Ciclismo"},"content":{"rendered":"<ol>\n<li><a href=\"https:\/\/news.google.com\/rss\/articles\/CBMib0FVX3lxTE5pYXRBX25zZVNMSW5yNXZqMFF6MW1hQVBMdnBuVkpTdE4zNE1GWEFoLUNkb1I5Qm1GVDJ6TWlBWTRCa0phYURwRzUtMlF0NU5FOFVVT1B4TWwwMkM3MWhjU0hPSEpBM2llblBXYWhBYw?oc=5\" target=\"_blank\" rel=\"nofollow noopener\">David Valero: \u00abMiro atr\u00e1s con nostalgia, pero era el momento de dar un paso al lado\u00bb<\/a>&nbsp;&nbsp;Ciclismo<\/li>\n<li><a href=\"https:\/\/news.google.com\/rss\/articles\/CBMimgFBVV95cUxQSFI2a2ZIcHZKbXNwUWJUM0w2N1RsNGN6ODhHT3F3cHVXQ3JRUEs5SmdpM0ZLR0hjQm5jWHN5azc1YUFTMGFjVW9xWFhHeWJyQ1J3UW5PNWkyXzNDQ1c1QTROVXRYa25acFhyX1hrU09VTDlkenUzZzVkU3NDWFltRFNaWHdLWTVVc19ZSk9GVlhwUGdIUTJ1UlBn?oc=5\" target=\"_blank\" rel=\"nofollow noopener\">David Valero y el BH de Coloma separan sus caminos<\/a>&nbsp;&nbsp;NueveCuatroUno<\/li>\n<li><a href=\"https:\/\/news.google.com\/rss\/articles\/CBMi4wFBVV95cUxNZFBERDB5WUczYVB3TXREQ3lneTBpNXhKVFZIMnBKbXY5VXhlaWpiMU81bnBxZFY3djR0bmc0TV9HSjM4a3d0OUstRUZ6V1VkZkhIMmZWaTlJRmtRSXBWbWstV01qUERoZHdPTTJmbHFFMjVwQXZfSFlGRjBJN3pBQ2ZiZ1l5V0NtSTFEYWdYRE95ZFBKUWk4ekpMWE9UTEhXZFFrNEM0X3JoOU1PMGhwU00wZUxMNFNXS2Q3OThJazlIQkRwVE1WMmstR3ljTmhVT19RejNBcjZvOVZLcHRhNi1hWdIB8AFBVV95cUxPakl0YVhmbm5RTUJlMUY4SHZGelh1bWtfVGRwX1BxT3pkSHp0WE85R0JLWi1QQ3gtUVA1eEhSanR0WkRmbG9ZMHdiankzWktONnVNN1duRXFHdFJmcVVZSk5lTXBnRlIwdGF2Y0FkYnZ6Z2pTQXhudkE2U05XOEFRYVZWVEE5OFE3RzluMllSYURCYWwzcFhDbmpnZm1tM2dnd3ZNSWxsbExZZm5LSGhIX1Jfa3B0ZzBIc0V5dWhZWFdzQ1JScjE0Q3NmQk5Vb3hIME1kYlFLaUJXMDdqSGpoTlZxc2VabC1KbUxPcFp3ZTE?oc=5\" target=\"_blank\" rel=\"nofollow noopener\">David Valero se despide de BH y del BH Coloma Team: \u00abcon ellos he vivido algunos de los momentos m\u00e1s importantes de mi carrera\u00bb<\/a>&nbsp;&nbsp;Mundo Deportivo<\/li>\n<li><a href=\"https:\/\/news.google.com\/rss\/articles\/CBMiygFBVV95cUxOOXN1MC1kUlYwc1hjd0pMMFpTeWhwM05NdzFxaGJzQ3p3YlVWVFkwaUw2QldFOS1ZOE5OMDJybm5uMy0zMG0wRXZCNlotdGxreDFwbFE4RlI2QlUyWG1LQ01DMUg3Q0FfOC1JVmdTOWdERkwtSEdQTE9qUHppMllmUGVya21sajB2SER2UjF4RmJwa0JGM0N5ODBsOVdncWhzS2RRWXkwaGtyMWVqOEFybnc3T080TzkxelV6SXRySDBUX1lzb2hMZkJ3?oc=5\" target=\"_blank\" rel=\"nofollow noopener\">El bronce ol\u00edmpico David Valero recibi\u00f3 un homenaje en la XXIV Marcha de La Nuc\u00eda<\/a>&nbsp;&nbsp;AQU\u00cd Medios de Comunicaci\u00f3n<\/li>\n<li><a href=\"https:\/\/news.google.com\/rss\/articles\/CBMingFBVV95cUxNU1ZJM1pQOWlYeldCSTgyY1BhS1JqUEd3QzI5MDNpa0h4Ri0xa19xT0p6bTVVSXR6Smh6TGVyY2xlQnljQU8zN2F0NTEyaExRakJvRERXUFpDVTl0M1lXaFdpODVsZ3BEUGdQS0VhM1ZtV1Bhc1hVU1R6bWZsMHB2b1N0ekV6VERibllaMzRtNGtCVE4yTmtaOEIxdWw3UQ?oc=5\" target=\"_blank\" rel=\"nofollow noopener\">Una nueva etapa para David Valero tras cerrar su ciclo con el BH Coloma Team<\/a>&nbsp;&nbsp;TodoMountainBike<\/li>\n<\/ol>\n","protected":false},"excerpt":{"rendered":"David Valero: \u00abMiro atr\u00e1s con nostalgia, pero era el momento de dar un paso al lado\u00bb&nbsp;&nbsp;Ciclismo David Valero&hellip;\n","protected":false},"author":2,"featured_media":266261,"comment_status":"","ping_status":"","sticky":false,"template":"","format":"standard","meta":{"footnotes":""},"categories":[273],"tags":[6818,6243,20346,27651,22483,12247,5716,313,25323,35936,554,312,2527,2429,10726,168,960,14032,3141,981,25,24,494,21440,1683,7575,2812,31187,17414,4191,29048,1367,1965,3072,23,167,1222,3230,9577,1885,12699,809],"class_list":{"0":"post-266260","1":"post","2":"type-post","3":"status-publish","4":"format-standard","5":"has-post-thumbnail","7":"category-ciclismo","8":"tag-admite","9":"tag-anuncio","10":"tag-atras","11":"tag-aunque","12":"tag-baza","13":"tag-bh","14":"tag-campo","15":"tag-ciclismo","16":"tag-coloma","17":"tag-concedido","18":"tag-cree","19":"tag-cycling","20":"tag-dar","21":"tag-david","22":"tag-decada","23":"tag-deportes","24":"tag-dias","25":"tag-disciplina","26":"tag-entrevista","27":"tag-era","28":"tag-es","29":"tag-espana","30":"tag-granada","31":"tag-hace","32":"tag-lado","33":"tag-mirar","34":"tag-momento","35":"tag-nostalgia","36":"tag-olimpica","37":"tag-paso","38":"tag-porque","39":"tag-retirada","40":"tag-salida","41":"tag-siente","42":"tag-spain","43":"tag-sports","44":"tag-team","45":"tag-traves","46":"tag-trayectoria","47":"tag-ultima","48":"tag-valero","49":"tag-ver"},"share_on_mastodon":{"url":"https:\/\/pubeurope.com\/@es\/115646886307877164","error":""},"_links":{"self":[{"href":"https:\/\/www.europesays.com\/es\/wp-json\/wp\/v2\/posts\/266260","targetHints":{"allow":["GET"]}}],"collection":[{"href":"https:\/\/www.europesays.com\/es\/wp-json\/wp\/v2\/posts"}],"about":[{"href":"https:\/\/www.europesays.com\/es\/wp-json\/wp\/v2\/types\/post"}],"author":[{"embeddable":true,"href":"https:\/\/www.europesays.com\/es\/wp-json\/wp\/v2\/users\/2"}],"replies":[{"embeddable":true,"href":"https:\/\/www.europesays.com\/es\/wp-json\/wp\/v2\/comments?post=266260"}],"version-history":[{"count":0,"href":"https:\/\/www.europesays.com\/es\/wp-json\/wp\/v2\/posts\/266260\/revisions"}],"wp:featuredmedia":[{"embeddable":true,"href":"https:\/\/www.europesays.com\/es\/wp-json\/wp\/v2\/media\/266261"}],"wp:attachment":[{"href":"https:\/\/www.europesays.com\/es\/wp-json\/wp\/v2\/media?parent=266260"}],"wp:term":[{"taxonomy":"category","embeddable":true,"href":"https:\/\/www.europesays.com\/es\/wp-json\/wp\/v2\/categories?post=266260"},{"taxonomy":"post_tag","embeddable":true,"href":"https:\/\/www.europesays.com\/es\/wp-json\/wp\/v2\/tags?post=266260"}],"curies":[{"name":"wp","href":"https:\/\/api.w.org\/{rel}","templated":true}]}}