{"id":266270,"date":"2025-12-01T23:29:12","date_gmt":"2025-12-01T23:29:12","guid":{"rendered":"https:\/\/www.europesays.com\/es\/266270\/"},"modified":"2025-12-01T23:29:12","modified_gmt":"2025-12-01T23:29:12","slug":"me-tienes-que-buscar-pareja","status":"publish","type":"post","link":"https:\/\/www.europesays.com\/es\/266270\/","title":{"rendered":"Me tienes que buscar pareja"},"content":{"rendered":"<p class=\"c-paragraph\"><a href=\"https:\/\/www.20minutos.es\/tags\/personas\/broncano.html\" title=\"David Broncano\" rel=\"nofollow noopener\" target=\"_blank\">David Broncano<\/a> ha tenido este lunes en <a href=\"https:\/\/www.20minutos.es\/tags\/temas\/la-revuelta.html\" title=\"La Revuelta\" rel=\"nofollow noopener\" target=\"_blank\">La Revuelta<\/a> dos invitados:<a href=\"https:\/\/www.20minutos.es\/tags\/personas\/luis-tosar.html\" title=\"Luis Tosar\" rel=\"nofollow noopener\" target=\"_blank\"> Luis Tosar<\/a> y Jeanette. El actor ha acudido al programa de La 1 para presentar su nueva pel\u00edcula\u00a0Golpes, que se estrena en todas las salas el viernes 5 de diciembre, y la cantante ha promocionado<b> su gira 50 aniversario<\/b> con la que recorrer\u00e1 en 2026 los diferentes escenarios espa\u00f1oles.<\/p>\n<p class=\"c-paragraph\">En primer lugar, el presentador entrevist\u00f3 a Tosar, que se cruz\u00f3 con Jeanette antes de marcharse del plat\u00f3. \u00abQu\u00e9 honor\u00bb, le reconoci\u00f3 \u00e9l y ambos apuntaron que nunca hab\u00edan coincidido. \u00abYo soy cantante y \u00e9l actor.<b> No coincidimos. No hay tanto cruce\u00bb<\/b>, apunt\u00f3 la cantante. Esto hizo que el jienense les propusiera una casa rural con m\u00fasicos y actores.<\/p>\n<p class=\"c-paragraph\">Una vez se quedaron solos Broncano y Jeannete hablaron de su tour y de sus \u00e9xitos. \u00abHay gente que tuvisteis \u00e9xitos muy grandes y que est\u00e1is en el imaginarios colectivo, pero que a d\u00eda de hoy no os escuchan tanto\u00bb, le dijo el comunicador. \u00abNo te creas, si nos escuchan\u00bb, le respondi\u00f3 ella, a lo que \u00e9l a\u00f1adi\u00f3: \u00abS\u00ed, si, a eso iba, no es por comparar, pero hay artistas actuales que tienen menos\u00bb. \u00ab<b>Las canciones cuando son buenas, perduran siempre<\/b>\u00ab, reconoci\u00f3 la tambi\u00e9n compositora.<\/p>\n<p class=\"c-paragraph\">Despu\u00e9s de hablar sobre su trayectoria profesional, el presentador le hizo las correspondientes preguntas cl\u00e1sicas a su invitada. <b>\u00abMe tienes que hacer un favor\u00bb<\/b>, apunt\u00f3 Jeannete en relaci\u00f3n con la cuesti\u00f3n de las relaciones sexuales.\u00a0<\/p>\n<p class=\"c-paragraph\">Su petici\u00f3n provoc\u00f3 una fuerte reacci\u00f3n de sorpresa entre el p\u00fablico, con la que le sac\u00f3 los colores a Broncano: <b>\u00abSe ha quedado rojo\u00bb.<\/b> \u00abSe\u00f1al\u00e1ndome con el dedito&#8230; a ver c\u00f3mo acaba este programa\u00bb, expres\u00f3 \u00e9l.\u00a0<\/p>\n<p class=\"c-paragraph\">\u00abMira, me tienes que buscar una pareja [&#8230;] Una vez que me lo busques, <b>me invitas otro d\u00eda y te cuento todo lo que quieras saber<\/b>\u00ab, le confes\u00f3 Jeannete entre risas. \u00abTengo un amigo [&#8230;] Te presento a&#8230;\u00bb, le asegur\u00f3 Broncano mientras le mostraba una fotograf\u00eda de <a href=\"https:\/\/www.20minutos.es\/tags\/personas\/antonio-resines.html\" title=\"Antonio Resines\" rel=\"nofollow noopener\" target=\"_blank\">Antonio Resines<\/a>.<\/p>\n","protected":false},"excerpt":{"rendered":"David Broncano ha tenido este lunes en La Revuelta dos invitados: Luis Tosar y Jeanette. El actor ha&hellip;\n","protected":false},"author":2,"featured_media":266271,"comment_status":"","ping_status":"","sticky":false,"template":"","format":"standard","meta":{"footnotes":""},"categories":[171],"tags":[13289,146,147,25,24,65873,6870,29956,518,23,214],"class_list":{"0":"post-266270","1":"post","2":"type-post","3":"status-publish","4":"format-standard","5":"has-post-thumbnail","7":"category-tv","8":"tag-broncano","9":"tag-entertainment","10":"tag-entretenimiento","11":"tag-es","12":"tag-espana","13":"tag-jeanette","14":"tag-la-1","15":"tag-la-revuelta","16":"tag-rtve","17":"tag-spain","18":"tag-tv"},"share_on_mastodon":{"url":"https:\/\/pubeurope.com\/@es\/115646914155610794","error":""},"_links":{"self":[{"href":"https:\/\/www.europesays.com\/es\/wp-json\/wp\/v2\/posts\/266270","targetHints":{"allow":["GET"]}}],"collection":[{"href":"https:\/\/www.europesays.com\/es\/wp-json\/wp\/v2\/posts"}],"about":[{"href":"https:\/\/www.europesays.com\/es\/wp-json\/wp\/v2\/types\/post"}],"author":[{"embeddable":true,"href":"https:\/\/www.europesays.com\/es\/wp-json\/wp\/v2\/users\/2"}],"replies":[{"embeddable":true,"href":"https:\/\/www.europesays.com\/es\/wp-json\/wp\/v2\/comments?post=266270"}],"version-history":[{"count":0,"href":"https:\/\/www.europesays.com\/es\/wp-json\/wp\/v2\/posts\/266270\/revisions"}],"wp:featuredmedia":[{"embeddable":true,"href":"https:\/\/www.europesays.com\/es\/wp-json\/wp\/v2\/media\/266271"}],"wp:attachment":[{"href":"https:\/\/www.europesays.com\/es\/wp-json\/wp\/v2\/media?parent=266270"}],"wp:term":[{"taxonomy":"category","embeddable":true,"href":"https:\/\/www.europesays.com\/es\/wp-json\/wp\/v2\/categories?post=266270"},{"taxonomy":"post_tag","embeddable":true,"href":"https:\/\/www.europesays.com\/es\/wp-json\/wp\/v2\/tags?post=266270"}],"curies":[{"name":"wp","href":"https:\/\/api.w.org\/{rel}","templated":true}]}}