{"id":266280,"date":"2025-12-01T23:35:37","date_gmt":"2025-12-01T23:35:37","guid":{"rendered":"https:\/\/www.europesays.com\/es\/266280\/"},"modified":"2025-12-01T23:35:37","modified_gmt":"2025-12-01T23:35:37","slug":"las-ofertas-black-friday-que-nos-conquistaron-este-domingo-y-que-siguen-activas-ultimas-horas","status":"publish","type":"post","link":"https:\/\/www.europesays.com\/es\/266280\/","title":{"rendered":"Las ofertas Black Friday que nos conquistaron este domingo y que siguen activas (\u00faltimas horas)"},"content":{"rendered":"<p data-gtm-element-container=\"modulo-texto-link\" class=\"paragraph\">Acabado el fin de semana del Black Friday, pero no te preocupes, porque si te ha sido imposible hacer las compras, a\u00fan est\u00e1s a tiempo, porque ahora estamos en el Cyber Monday, y muchas de las ofertas que ha habido durante el fin de semana siguen activas. Ahora s\u00ed, te recomiendo que si ves algo que te llame la atenci\u00f3n, no te lo pienses mucho, porque esta noche s\u00ed que se acaban hasta el a\u00f1o que viene.<\/p>\n<p>        Lee tambi\u00e9n<\/p>\n<p>    Andrea V\u00e1zquez<\/p>\n<p>             <img loading=\"lazy\" decoding=\"async\" data-full-src=\"https:\/\/www.lavanguardia.com\/uploads\/2025\/11\/28\/6929fd283fe71.jpeg\" alt=\"Las ofertas de Black Friday siguen vigentes este s\u00e1bado\" width=\"104\" height=\"108\" src=\"https:\/\/www.europesays.com\/es\/wp-content\/uploads\/2025\/11\/6929fd283fe71.jpeg\" class=\"lazy\"\/><\/p>\n<p data-gtm-element-container=\"modulo-texto-link\" class=\"paragraph\">A continuaci\u00f3n te dejo los productos que arrasaron este domingo durante el Black Friday. Algunos son de primera necesidad, otros para equipar la casa o a ti misma\/o. Echa un ojo a los fichajes que he hecho de las ofertas que est\u00e1n a\u00fan en marcha en muchas de las tiendas online que suelo rastrear. \u00a1Date prisa si no quieres quedarte sin tu producto favorito!<\/p>\n<p>Las ofertas que arrasaron el domingo de Black Friday<\/p>\n<p>Amazon Kindle Paperwhite<\/p>\n<p>                <img loading=\"lazy\" decoding=\"async\" data-full-src=\"https:\/\/www.lavanguardia.com\/uploads\/2024\/04\/16\/661e8c47e821d.jpeg\" alt=\"Kindle Paperwhite (16 GB)\" width=\"449\" height=\"359\" src=\"https:\/\/www.europesays.com\/es\/wp-content\/uploads\/2025\/12\/661e8c47e821d.jpeg\" class=\"lazy\"\/><\/p>\n<p class=\"caption-title \">Kindle Paperwhite (16 GB)<\/p>\n<p>                    Amazon<\/p>\n<p data-gtm-element-container=\"modulo-texto-link\" class=\"paragraph\">Te presento el dispositivo perfecto para quien disfruta de leer sin distracciones. Su pantalla sin reflejos permite leer c\u00f3modamente incluso bajo la luz del sol (de maravilla para viajes, terraza o sof\u00e1 cerca de la ventana), y la optimizaci\u00f3n de hardware lo convierte en el Kindle m\u00e1s r\u00e1pido: las p\u00e1ginas pasan sin retardo y la experiencia es fluida desde el principio. Con 16 GB, hay espacio de sobra para cientos de libros, y su bater\u00eda de semanas hace casi imposible tener que preocuparte por cargarlo antes de un viaje o unas vacaciones.<\/p>\n<p>Altavoz\u00a0Echo Pop (\u00daltima generaci\u00f3n)<\/p>\n<p>                <img loading=\"lazy\" decoding=\"async\" data-full-src=\"https:\/\/www.lavanguardia.com\/uploads\/2025\/07\/08\/686ceb62443db.jpeg\" alt=\"Echo Pop (\u00daltima generaci\u00f3n)\" width=\"449\" height=\"337\" src=\"https:\/\/www.europesays.com\/es\/wp-content\/uploads\/2025\/12\/686ceb62443db.jpeg\" class=\"lazy\"\/><\/p>\n<p class=\"caption-title \">Echo Pop (\u00daltima generaci\u00f3n)\u00a0<\/p>\n<p>                    Amazon<\/p>\n<p data-gtm-element-container=\"modulo-texto-link\" class=\"paragraph\">Vamos ahora con el Echo Pop de \u00faltima generaci\u00f3n, un altavoz inteligente para quienes quieren sonido potente en formato compacto. A pesar de su tama\u00f1o reducido, sorprende con un audio claro y equilibrado, suficiente para llenar una habitaci\u00f3n con tu m\u00fasica favorita o acompa\u00f1arte durante series y pel\u00edculas. Adem\u00e1s, con Alexa integrada tienes control por voz para poner canciones, consultar el tiempo, ajustar alarmas o controlar dispositivos inteligentes sin mover un dedo. \u00bfAlguien da m\u00e1s?<\/p>\n<p>Braun Luz Pulsada Silk-expert Pro 5<\/p>\n<p>                <img loading=\"lazy\" decoding=\"async\" data-full-src=\"https:\/\/www.lavanguardia.com\/uploads\/2025\/07\/10\/686fca707ea69.png\" alt=\"Depiladora de luz pulsada Braun Silk-expert Pro 5\" width=\"449\" height=\"336\" src=\"https:\/\/www.europesays.com\/es\/wp-content\/uploads\/2025\/12\/686fca707ea69.png\" class=\"lazy\"\/><\/p>\n<p class=\"caption-title \">Depiladora de luz pulsada Braun Silk-expert Pro 5<\/p>\n<p>                    Amazon<\/p>\n<p data-gtm-element-container=\"modulo-texto-link\" class=\"paragraph\">La depiladora Braun Silk-expert Pro 5 PL5157 es una de las opciones IPL m\u00e1s completas para depilarte en casa con resultados duraderos: utiliza luz pulsada intensa con un sensor inteligente que ajusta autom\u00e1ticamente la potencia seg\u00fan tu tono de piel para maximizar eficacia y seguridad. Permite tratar zonas grandes en pocos minutos, ofrece modos suaves para \u00e1reas sensibles y viene con cabezal de precisi\u00f3n, funda y maquinilla Venus para un kit muy completo.<\/p>\n<p>Xiaomi Smartband 10<\/p>\n<p>                <img loading=\"lazy\" decoding=\"async\" data-full-src=\"https:\/\/www.lavanguardia.com\/uploads\/2025\/10\/07\/68e5134722d28.jpeg\" alt=\"Xiaomi Smartband 10\" width=\"449\" height=\"337\" src=\"https:\/\/www.europesays.com\/es\/wp-content\/uploads\/2025\/10\/68e5134722d28.jpeg\" class=\"lazy\"\/><\/p>\n<p class=\"caption-title \">Xiaomi Smartband 10<\/p>\n<p>                    Amazon<\/p>\n<p data-gtm-element-container=\"modulo-texto-link\" class=\"paragraph\">Seguimos con la Xiaomi Smartband 10, que apunta alto en la categor\u00eda de pulseras inteligentes: su pantalla AMOLED de 1,72\u2033 es grande y clara, ideal para leer notificaciones, estad\u00edsticas deportivas y tus datos de salud. Gracias a los m\u00e1s de 150 modos deportivos, la Smartband se adapta a todo tipo de actividad y, con carga r\u00e1pida, recuperas bater\u00eda en poco tiempo. Su sistema HyperOS 2.0, la resistencia al agua 5 ATM y la br\u00fajula integrada la convierten en una opci\u00f3n ideal tanto para el uso diario como para actividades al aire libre.<\/p>\n<p>Ordenador port\u00e1til\u00a0Dell 15<\/p>\n<p>                <img loading=\"lazy\" decoding=\"async\" data-full-src=\"https:\/\/www.lavanguardia.com\/uploads\/2025\/11\/30\/692c92403dd0c.jpeg\" alt=\"Ordenador port\u00e1til Dell 15\" width=\"449\" height=\"337\" src=\"https:\/\/www.europesays.com\/es\/wp-content\/uploads\/2025\/12\/692c92403dd0c.jpeg\" class=\"lazy\"\/><\/p>\n<p class=\"caption-title \">Ordenador port\u00e1til Dell 15<\/p>\n<p>                    Amazon<\/p>\n<p data-gtm-element-container=\"modulo-texto-link\" class=\"paragraph\">El Dell 15 DC15250 es un port\u00e1til pensado para quienes buscan buen rendimiento inmediato: con una pantalla de 15.6\u201d Full HD a 120 Hz, ofrece im\u00e1genes fluidas y claras, mientras que su procesador Intel Core i5-1334U y los 16 GB de RAM aseguran que el sistema funcione a la perfecci\u00f3n, incluso con varias aplicaciones abiertas o tareas exigentes. Por otro lado, el SSD de 512 GB aporta velocidad y espacio de sobra. Los gr\u00e1ficos integrados Intel UHD resultan suficientes para tareas cotidianas, y al venir con Windows 11 Home preinstalado, el port\u00e1til est\u00e1 listo para usarse desde el primer encendido.<\/p>\n<p>Freidora de aire Cosori\u00a05.5 L<\/p>\n<p>                <img loading=\"lazy\" decoding=\"async\" data-full-src=\"https:\/\/www.lavanguardia.com\/uploads\/2025\/11\/30\/692c231f73bc1.jpeg\" alt=\"Freidora de aire Cosori 5.5L\" width=\"449\" height=\"337\" src=\"https:\/\/www.europesays.com\/es\/wp-content\/uploads\/2025\/12\/692c231f73bc1.jpeg\" class=\"lazy\"\/><\/p>\n<p class=\"caption-title \">Freidora de aire Cosori 5.5L<\/p>\n<p>                    Amazon<\/p>\n<p data-gtm-element-container=\"modulo-texto-link\" class=\"paragraph\">No hay duda de que\u00a0esta freidora de aire Cosori es una de las opciones m\u00e1s completas para quienes quieren cocinar rico y m\u00e1s saludable. Su interior met\u00e1lico y dise\u00f1o anti\u00f3xido garantizan mayor durabilidad, mientras que la tecnolog\u00eda de calentamiento uniforme consigue resultados m\u00e1s homog\u00e9neos sin necesidad de estar pendiente todo el rato. Con 1700 W de potencia, capacidad para familias y 40 recetas incluidas para inspirarte, esta airfryer reduce significativamente el uso de aceite y ayuda a preparar platos m\u00e1s ligeros y sabrosos.<\/p>\n<p>Sony WH-CH720N<\/p>\n<p>                <img loading=\"lazy\" decoding=\"async\" data-full-src=\"https:\/\/www.lavanguardia.com\/uploads\/2023\/08\/14\/64d9fbc8d2946.jpeg\" alt=\"Auriculares inal\u00e1mbricos Sony WH-CH720N\" width=\"449\" height=\"276\" src=\"https:\/\/www.europesays.com\/es\/wp-content\/uploads\/2025\/12\/64d9fbc8d2946.jpeg\" class=\"lazy\"\/><\/p>\n<p class=\"caption-title \">Auriculares inal\u00e1mbricos Sony WH-CH720N<\/p>\n<p>                    Amazon<\/p>\n<p data-gtm-element-container=\"modulo-texto-link\" class=\"paragraph\">En cuanto a los Sony WH-CH720N, se colocan como una de las opciones m\u00e1s equilibradas y c\u00f3modas de auriculares para quienes buscan buena calidad sin pagar de m\u00e1s. Con cancelaci\u00f3n de ruido eficaz, modo de sonido ambiente y un perfil sonoro claro y detallado, estos cascos hacen que tanto la m\u00fasica como las llamadas suenen mejor est\u00e9s donde est\u00e9s.\u00a0A esto se suma una bater\u00eda de hasta 50 horas, de las mejores en su categor\u00eda, y compatibilidad total con iOS y Android, para que los uses sin l\u00edos en cualquier dispositivo.<\/p>\n<p>Monitor\u00a0MSI mag 273QP QD-OLED X24<\/p>\n<p>                <img loading=\"lazy\" decoding=\"async\" data-full-src=\"https:\/\/www.lavanguardia.com\/uploads\/2025\/11\/30\/692c275b1adf5.jpeg\" alt=\"MSI mag 273QP QD-OLED X24\" width=\"449\" height=\"337\" src=\"https:\/\/www.europesays.com\/es\/wp-content\/uploads\/2025\/12\/692c275b1adf5.jpeg\" class=\"lazy\"\/><\/p>\n<p class=\"caption-title \">MSI mag 273QP QD-OLED X24<\/p>\n<p>                    Amazon<\/p>\n<p data-gtm-element-container=\"modulo-texto-link\" class=\"paragraph\">En esta parada para los m\u00e1s jugones te muestro el MSI MAG 273QP QD-OLED X24, un aut\u00e9ntico monstruo en calidad de imagen y fluidez. Su panel QD-OLED de 26,5\u201d en resoluci\u00f3n WQHD (2560 x 1440) ofrece colores intensos, negros profundos y un nivel de contraste imposible para tecnolog\u00edas tradicionales, con un 99% DCI-P3 y una precisi\u00f3n de color Delta E \u2264 2 que enamora tanto a gamers como a creadores.<\/p>\n<p>Cafetera Philips Serie 2200<\/p>\n<p>                <img loading=\"lazy\" decoding=\"async\" data-full-src=\"https:\/\/www.lavanguardia.com\/uploads\/2024\/03\/21\/65fc192d289df.jpeg\" alt=\"Philips Serie 2200 Cafetera Superautom\u00e1tica (EP2220\/10)\" width=\"449\" height=\"359\" src=\"https:\/\/www.europesays.com\/es\/wp-content\/uploads\/2025\/12\/65fc192d289df.jpeg\" class=\"lazy\"\/><\/p>\n<p class=\"caption-title \">Philips Serie 2200 Cafetera Superautom\u00e1tica (EP2220\/10)<\/p>\n<p>                    Amazon<\/p>\n<p data-gtm-element-container=\"modulo-texto-link\" class=\"paragraph\">Ahora toca hablar de caf\u00e9 del bueno, porque la Philips Serie 2200 (EP2220\/10) convierte cualquier ma\u00f1ana en un peque\u00f1o ritual. Con su pantalla t\u00e1ctil intuitiva puedes preparar f\u00e1cilmente hasta 2 caf\u00e9s a la vez, eligiendo intensidad y cantidad sin complicaciones. Su molinillo cer\u00e1mico garantiza un molido m\u00e1s uniforme, duradero y con mejor sabor, algo que se nota desde el primer sorbo. Incorpora un espumador de leche cl\u00e1sico perfecto para preparar capuccinos y lattes con una espuma suave y cremosa, sin necesidad de otros accesorios.<\/p>\n<p>Plancha de pelo ghd Gold<\/p>\n<p>                <img loading=\"lazy\" decoding=\"async\" data-full-src=\"https:\/\/www.lavanguardia.com\/uploads\/2025\/11\/26\/6926db7c5c787.png\" alt=\"Plancha de pelo ghd gold, herramienta profesional de peinado para cabello liso y brillante\" width=\"449\" height=\"337\" src=\"https:\/\/www.europesays.com\/es\/wp-content\/uploads\/2025\/12\/6926db7c5c787.png\" class=\"lazy\"\/><\/p>\n<p class=\"caption-title \">Plancha de pelo ghd gold<\/p>\n<p>                    Amazon<\/p>\n<p data-gtm-element-container=\"modulo-texto-link\" class=\"paragraph\">Otro chollo es esta ghd Gold, que se lleva todas las miradas porque es de esas planchas que dejan el cabello liso, brillante y suave, incluso si no tienes mucha pr\u00e1ctica. Su tecnolog\u00eda de calor dual-zone mantiene una temperatura \u00f3ptima y constante en toda la placa, evitando sobrecalentamientos y cuidando el pelo mientras lo moldeas. Se desliza con mucha suavidad, lo que reduce tirones y deja un acabado m\u00e1s pulido en menos pasadas.\u00a0A esto se suma su dise\u00f1o elegante, ligero y c\u00f3modo de manejar, pensado para trabajar con todo tipo de cabello.<\/p>\n<p>Robot aspirador\u00a0DREAME L40 Ultra Ae<\/p>\n<p>                <img loading=\"lazy\" decoding=\"async\" data-full-src=\"https:\/\/www.lavanguardia.com\/uploads\/2025\/07\/08\/686d7ddd691a1.jpeg\" alt=\"DREAME L40 Ultra Ae\" width=\"449\" height=\"337\" src=\"https:\/\/www.europesays.com\/es\/wp-content\/uploads\/2025\/12\/686d7ddd691a1.jpeg\" class=\"lazy\"\/><\/p>\n<p class=\"caption-title \">DREAME L40 Ultra Ae<\/p>\n<p>                    Amazon<\/p>\n<p data-gtm-element-container=\"modulo-texto-link\" class=\"paragraph\">Si buscas un buen robot aspirador y que te dure una eternidad, esta Dreame L40 Ultra Ae presume de 19.000 Pa de succi\u00f3n, suficiente para levantar polvo, migas y suciedad incrustada como si nada, y combina cepillos y una mopa de alcance flexible capaz de eliminar manchas h\u00famedas y secas. Adem\u00e1s, su estaci\u00f3n todo en uno no solo recarga el robot, sino que tambi\u00e9n vac\u00eda autom\u00e1ticamente el dep\u00f3sito de polvo. Todo esto, con un dise\u00f1o elegante en color blanco y un precio muy rebajado.<\/p>\n<p>Nintendo Switch 2 + Mario Kart World<\/p>\n<p>                <img loading=\"lazy\" decoding=\"async\" data-full-src=\"https:\/\/www.lavanguardia.com\/uploads\/2025\/11\/11\/691385aad93b3.jpeg\" alt=\"Nintendo Switch 2 (con Mario Kart World)\" width=\"449\" height=\"337\" src=\"https:\/\/www.europesays.com\/es\/wp-content\/uploads\/2025\/11\/691385aad93b3.jpeg\" class=\"lazy\"\/><\/p>\n<p class=\"caption-title \">Nintendo Switch 2 (con Mario Kart World)<\/p>\n<p>                    Amazon<\/p>\n<p data-gtm-element-container=\"modulo-texto-link\" class=\"paragraph\">Por otro lado, la Nintendo Switch 2 con Mario Kart World se presenta como el pack so\u00f1ado para cualquiera que disfrute del juego port\u00e1til y las partidas en familia. La nueva generaci\u00f3n de Switch mejora sensiblemente en potencia, fluidez y calidad de imagen, ofreciendo una experiencia m\u00e1s r\u00e1pida y estable tanto en modo port\u00e1til como en dock. Y si a eso le sumas Mario Kart World, con sus circuitos renovados, modos multijugador mejorados y ese esp\u00edritu competitivo que engancha desde la primera curva, tienes un combo perfecto para estas Navidades.<\/p>\n<p>Amazon Fire TV Stick 4K Plus<\/p>\n<p>                <img loading=\"lazy\" decoding=\"async\" data-full-src=\"https:\/\/www.lavanguardia.com\/uploads\/2025\/11\/30\/692c1c8b0c454.jpeg\" alt=\"Amazon Fire TV Stick 4K Plus\" width=\"449\" height=\"337\" src=\"https:\/\/www.europesays.com\/es\/wp-content\/uploads\/2025\/12\/692c1c8b0c454.jpeg\" class=\"lazy\"\/><\/p>\n<p class=\"caption-title \">Amazon Fire TV Stick 4K Plus<\/p>\n<p>                    Amazon<\/p>\n<p data-gtm-element-container=\"modulo-texto-link\" class=\"paragraph\">En esta ocasi\u00f3n, el Amazon Fire TV Stick 4K Plus aparece como la forma m\u00e1s sencilla y potente de convertir cualquier tele en un centro multimedia de primera. Este modelo ofrece resoluci\u00f3n 4K, compatibilidad con Dolby Vision, Dolby Atmos y HDR10+, y adem\u00e1s integra Wi-Fi 6 para cargar contenido en streaming de manera m\u00e1s r\u00e1pida y estable, incluso si tienes varios dispositivos conectados en casa. Su interfaz es \u00e1gil, el mando incluye control por voz con Alexa y las apps funcionan con una fluidez que sorprende para un dispositivo tan peque\u00f1o.<\/p>\n<p>Toallitas Dodot Pure Aqua<\/p>\n<p>                <img loading=\"lazy\" decoding=\"async\" data-full-src=\"https:\/\/www.lavanguardia.com\/uploads\/2025\/11\/30\/692c200cddab7.jpeg\" alt=\"Toallitas Dodot Pure Aqua\" width=\"449\" height=\"337\" src=\"https:\/\/www.europesays.com\/es\/wp-content\/uploads\/2025\/12\/692c200cddab7.jpeg\" class=\"lazy\"\/><\/p>\n<p class=\"caption-title \">Toallitas Dodot Pure Aqua\u00a0<\/p>\n<p>                    Amazon<\/p>\n<p data-gtm-element-container=\"modulo-texto-link\" class=\"paragraph\">En esta nueva tanda de imprescindibles, las Dodot Toallitas Pure Aqua destacan como una opci\u00f3n super segura y pr\u00e1ctica para el cuidado diario del beb\u00e9. Este pack gigante de 864 toallitas (18 paquetes de 48 unidades) est\u00e1 compuesto por un 99% de agua y no contiene pl\u00e1stico, perfumes ni ingredientes agresivos, lo que ayuda a restaurar y mantener el pH natural de la piel incluso en las zonas m\u00e1s delicadas. Son suaves, resistentes y perfectas para reci\u00e9n nacidos.<\/p>\n<p>XIAOMI TV F Pro 75<\/p>\n<p>                <img loading=\"lazy\" decoding=\"async\" data-full-src=\"https:\/\/www.lavanguardia.com\/uploads\/2025\/11\/28\/6928da327e54e.jpeg\" alt=\"XIAOMI TV F Pro 75\" width=\"449\" height=\"299\" src=\"https:\/\/www.europesays.com\/es\/wp-content\/uploads\/2025\/11\/6928da327e54e.jpeg\" class=\"lazy\"\/><\/p>\n<p class=\"caption-title \">XIAOMI TV F Pro 75<\/p>\n<p>                    Amazon<\/p>\n<p data-gtm-element-container=\"modulo-texto-link\" class=\"paragraph\">Toca mirar a lo grande, y nunca mejor dicho&#8230; Porque la Xiaomi TV F Pro 75\u201d es de esas teles que convierten cualquier sal\u00f3n en un cine. Sus 75 pulgadas QLED 4K UHD ofrecen colores vibrantes, negros m\u00e1s profundos y un nivel de nitidez que impresiona, mientras que Fire TV integrado facilita acceder a todas tus apps de streaming con una interfaz r\u00e1pida. Adem\u00e1s, incluye Alexa por voz, es compatible con Apple AirPlay, y suma tecnolog\u00edas como HDR10+, MEMC y un Modo Game Boost a 120 Hz que mejora tanto pel\u00edculas como videojuegos.\u00a0<\/p>\n<p>Aspiradora sin cable\u00a0Dyson V8 Absolute<\/p>\n<p>                <img loading=\"lazy\" decoding=\"async\" data-full-src=\"https:\/\/www.lavanguardia.com\/uploads\/2024\/04\/22\/6626347195ba9.jpeg\" alt=\"Dyson V8 Absolute Aspiradora Escoba\/Mano sin Cable 21.6V 115AW\" width=\"449\" height=\"351\" src=\"https:\/\/www.europesays.com\/es\/wp-content\/uploads\/2025\/12\/6626347195ba9.jpeg\" class=\"lazy\"\/><\/p>\n<p class=\"caption-title \">Dyson V8 Absolute Aspiradora Escoba\/Mano sin Cable 21.6V 115AW<\/p>\n<p>                    PcComponentes<\/p>\n<p data-gtm-element-container=\"modulo-texto-link\" class=\"paragraph\">Dyson V8 Motorhead es una aspiradora inal\u00e1mbrica ligera de 2,63 kg para limpieza r\u00e1pida y vers\u00e1til con motor digital V8 que gira a 110.000 rpm generando 115 AW de succi\u00f3n potente y silenciosa (82 dB). Ofrece hasta 40 minutos autonom\u00eda constante con bater\u00eda Li-ion de 6 celdas en modos Eco (diario optimizado) o M\u00e1x (focalizado intensivo), sin p\u00e9rdida de potencia gracias a 15 ciclones Radial Root Cyclone que capturan polvo en flujo continuo. Dep\u00f3sito 0,54 L sin bolsa, filtraci\u00f3n HEPA completa, carga 5 h y accesorios como cepillo motorizado aseguran eficacia en suelos duros, alfombras y muebles.<\/p>\n<p>Set de 3 sartenes\u00a0BRA Prior<\/p>\n<p>                <img loading=\"lazy\" decoding=\"async\" data-full-src=\"https:\/\/www.lavanguardia.com\/uploads\/2025\/11\/26\/6926bd3c49f46.jpeg\" alt=\"BRA Prior Set de 3 Sartenes, 18-22-26 cm, Aluminio Fundido Antiadherente, con Dos Salvamanteles Safe Verdes, Aptas para Todo Tipo de Cocinas Incluida Inducci\u00f3n\" width=\"449\" height=\"337\" src=\"https:\/\/www.europesays.com\/es\/wp-content\/uploads\/2025\/12\/6926bd3c49f46.jpeg\" class=\"lazy\"\/><\/p>\n<p class=\"caption-title \">Son perfectas para todo tipo de cocina.<\/p>\n<p>                    Amazon<\/p>\n<p data-gtm-element-container=\"modulo-texto-link\" class=\"paragraph\">Set de 3 sartenes aluminio fundido (18, 22, 26 cm) resiste deformaciones para m\u00e1xima durabilidad con recubrimiento Tricapa antiadherente sin PFOA que evita pegado de alimentos y facilita limpieza. Compatible con inducci\u00f3n, vitro, gas y hal\u00f3genos v\u00eda fondo difusor Save Energy System para distribuci\u00f3n uniforme y eficiencia \u00f3ptima. Mango ergon\u00f3mico negro con silicona verde asegura agarre seguro y c\u00f3modo en cocci\u00f3n diaria.<\/p>\n<p>INIU Power Bank<\/p>\n<p>                <img loading=\"lazy\" decoding=\"async\" data-full-src=\"https:\/\/www.lavanguardia.com\/uploads\/2024\/07\/08\/668b8bb0c2dd8.jpeg\" alt=\"Bater\u00eda externa INIU Power Bank, Slimmest USB C Triple 3A de Alta Velocidad\" width=\"449\" height=\"329\" src=\"https:\/\/www.europesays.com\/es\/wp-content\/uploads\/2025\/12\/668b8bb0c2dd8.jpeg\" class=\"lazy\"\/><\/p>\n<p class=\"caption-title \">Bater\u00eda externa INIU Power Bank, Slimmest USB C Triple 3A de Alta Velocidad.<\/p>\n<p>                    Amazon<\/p>\n<p data-gtm-element-container=\"modulo-texto-link\" class=\"paragraph\">INIU Power Bank 10000mAh es el m\u00e1s delgado del mercado (1,5 cm, ultra ligero 200g) para viajes con carga r\u00e1pida 3A que alcanza 78% iPhone en 1 hora v\u00eda AutoFit, doble de 2.1A tradicional. Puertos bidireccionales USB-C (entrada\/salida \u00fanica en 5% mercado) m\u00e1s USB-A cargan 3 dispositivos simult\u00e1neamente, compatibles con m\u00f3viles, tablets, AirPods, smartwatches y baja potencia. SmartProtect 15 capas previene sobrecalentamiento\/da\u00f1os, incluye cable USB-A\/C 0,3m, bolsa viaje y garant\u00eda 3 a\u00f1os + lifetime soporte.<\/p>\n<p>Adidas VL Court Base<\/p>\n<p>                <img loading=\"lazy\" decoding=\"async\" data-full-src=\"https:\/\/www.lavanguardia.com\/uploads\/2025\/11\/29\/692b380871235.jpeg\" alt=\"adidas VL Court Base\" width=\"449\" height=\"337\" src=\"https:\/\/www.europesays.com\/es\/wp-content\/uploads\/2025\/12\/692b380871235.jpeg\" class=\"lazy\"\/><\/p>\n<p class=\"caption-title \">adidas VL Court Base.<\/p>\n<p>                    Amazon<\/p>\n<p data-gtm-element-container=\"modulo-texto-link\" class=\"paragraph\">adidas VL Court Base Shoes combinan estilo retro de los 70 con puntera en T cl\u00e1sico, empeine de piel sint\u00e9tica suave (al menos 20-50% reciclado seg\u00fan modelo) y 3 bandas ic\u00f3nicas para look urbano vers\u00e1til con joggers o pantalones. Forro textil transpirable asegura comodidad diaria, mientras suela de goma cosida ofrece agarre superior y durabilidad en cualquier superficie. Dise\u00f1o ligero y flexible ideal para uso casual prolongado con talla est\u00e1ndar recomendada.<\/p>\n<p>Taladro de percusi\u00f3n Bosch Professional 12V System<\/p>\n<p>                <img loading=\"lazy\" decoding=\"async\" data-full-src=\"https:\/\/www.lavanguardia.com\/uploads\/2025\/10\/07\/68e5018fc8d24.jpeg\" alt=\"Bosch Professional 12V System GSB 12V-15\" width=\"449\" height=\"337\" src=\"https:\/\/www.europesays.com\/es\/wp-content\/uploads\/2025\/12\/68e5018fc8d24.jpeg\" class=\"lazy\"\/><\/p>\n<p class=\"caption-title \">Bosch Professional 12V System GSB 12V-15.<\/p>\n<p>                    Amazon<\/p>\n<p data-gtm-element-container=\"modulo-texto-link\" class=\"paragraph\">Bosch GSB 12V-15 Professional es un atornillador percutor compacto de 1 kg con engranaje planetario 2 velocidades (0-380\/1300 rpm) que ofrece 30 Nm par duro para atornillar hasta 7 mm, taladrar madera 19 mm\/metal 10 mm y mamposter\u00eda 10 mm. Portabrocas Autolock 10 mm profesional, Electronic Cell\/Motor Protection, luz LED e indicador carga aseguran precisi\u00f3n y durabilidad en el sistema 12V compatible con todas bater\u00edas Bosch. Edici\u00f3n Amazon exclusiva incluye 2 bater\u00edas 2.0 Ah, cargador, sets brocas madera\/metal, puntas atornillar y bolsa transporte.<\/p>\n<p>Plum\u00edfero plum\u00f3n l\u00ednea A de Bimba y Lola<\/p>\n<p>                <img loading=\"lazy\" decoding=\"async\" data-full-src=\"https:\/\/www.lavanguardia.com\/uploads\/2025\/11\/29\/692b227bc8a56.jpeg\" alt=\"Plum\u00edfero plum\u00f3n l\u00ednea A de Bimba y Lola\" width=\"449\" height=\"337\" src=\"https:\/\/www.europesays.com\/es\/wp-content\/uploads\/2025\/12\/692b227bc8a56.jpeg\" class=\"lazy\"\/><\/p>\n<p class=\"caption-title \">Plum\u00edfero plum\u00f3n l\u00ednea A de Bimba y Lola.<\/p>\n<p>                    El Corte Ingl\u00e9s<\/p>\n<p data-gtm-element-container=\"modulo-texto-link\" class=\"paragraph\">Plum\u00edfero Bimba y Lola de mujer en tejido t\u00e9cnico negro brillante, corte l\u00ednea A con cuello alto, mangas rectas largas y cierre cremallera m\u00e1s botones presi\u00f3n para un look urbano sofisticado. Bolsillos con vivo abotonado, cremalleras laterales pr\u00e1cticas y logo bordado exterior que elevan su dise\u00f1o premium. Relleno 100% pluma\/plum\u00f3n responsable asegura calidez ligera y transpirabilidad ideal para invierno elegante.<\/p>\n<p>    <a style=\"width: auto; font-family: sans-serif; font-weight: 700; font-size: 16px; line-height: 18px; color: #ffffff; background: #000000; border-radius: 5px; display: inline-block; padding: 16px 17px; text-transform: uppercase;\" href=\"https:\/\/redirect.prd.themonetise.es\/short\/616825d2b3c546da98aaeffedc2dfc8d?puqs=1\" target=\"_blank\" title=\"textoBoton\" rel=\"nofollow noopener\">Comprar en El Corte Ingl\u00e9s con un 55% de descuento<\/a><\/p>\n<p>Samsung Galaxy S25 Ultra 512GB<\/p>\n<p>                <img loading=\"lazy\" decoding=\"async\" data-full-src=\"https:\/\/www.lavanguardia.com\/uploads\/2025\/11\/29\/692b2af00ad54.jpeg\" alt=\"Samsung Galaxy S25 Ultra 512GB\" width=\"449\" height=\"337\" src=\"https:\/\/www.europesays.com\/es\/wp-content\/uploads\/2025\/11\/692b2af00ad54.jpeg\" class=\"lazy\"\/><\/p>\n<p class=\"caption-title \">Samsung Galaxy S25 Ultra 512GB.<\/p>\n<p>                    Amazon<\/p>\n<p data-gtm-element-container=\"modulo-texto-link\" class=\"paragraph\">Samsung Galaxy S25 Ultra eleva la IA m\u00f3vil con Galaxy AI que anticipa necesidades, automatiza tareas diarias y optimiza uso v\u00eda chat inteligente, m\u00e1s garant\u00eda exclusiva Amazon de 4 a\u00f1os total. Dise\u00f1o redondeado con marco titanio duradero y S Pen integrado fusiona elegancia moderna, mientras ProVisual Engine en c\u00e1mara cu\u00e1druple (200 MP principal OIS) captura\/editar im\u00e1genes pro con luz superior d\u00eda\/noche. Snapdragon 8 Elite for Galaxy potencia gaming hiperrealista con ray tracing, bater\u00eda optimizada mDNIe para autonom\u00eda extendida, Now Bar r\u00e1pido y widgets personalizables en One UI 7.<\/p>\n<p>Patinete el\u00e9ctrico F2 Pro E\u00a0Segway-Ninebot<\/p>\n<p>                <img loading=\"lazy\" decoding=\"async\" data-full-src=\"https:\/\/www.lavanguardia.com\/uploads\/2024\/03\/20\/65faa7b49dba7.jpeg\" alt=\"Patinete el\u00e9ctrico Segway-Ninebot F2 Pro E\" width=\"449\" height=\"359\" src=\"https:\/\/www.europesays.com\/es\/wp-content\/uploads\/2025\/11\/65faa7b49dba7.jpeg\" class=\"lazy\"\/><\/p>\n<p class=\"caption-title \">Patinete el\u00e9ctrico Segway-Ninebot F2 Pro E<\/p>\n<p>                    Amazon<\/p>\n<p data-gtm-element-container=\"modulo-texto-link\" class=\"paragraph\">Segway-Ninebot F2 Pro E alcanza 25 km\/h con motor trasero 900W que sube pendientes del 22%, autonom\u00eda de 55 km (bater\u00eda 460 Wh) y neum\u00e1ticos autorreparables 10\u201d para conducci\u00f3n suave en baches. Incluye intermitentes integrados, suspensi\u00f3n delantera 35 mm, TCS antideslizante, doble frenado (disco delantero + electr\u00f3nico trasero), luces LED 13,5 m y IPX5 para seguridad total. Homologado para adultos hasta 120 kg, plegable con app personalizable y modos Eco\/Drive\/Sport para trayectos urbanos eficientes.<\/p>\n<p>1 euros por darte de alta en Movistar Plus+<\/p>\n<p>                <img loading=\"lazy\" decoding=\"async\" data-full-src=\"https:\/\/www.lavanguardia.com\/uploads\/2025\/11\/27\/6928bb6875022.jpeg\" alt=\"Si te das de alta hoy podr\u00e1s ver el FC Barcelona - Atl\u00e9tico de Madrid por solo 1 euro desde el sof\u00e1 de tu casa\" width=\"449\" height=\"221\" src=\"https:\/\/www.europesays.com\/es\/wp-content\/uploads\/2025\/11\/6928bb6875022.jpeg\" class=\"lazy\"\/><\/p>\n<p class=\"caption-title \">Si te das de alta hoy podr\u00e1s ver el FC Barcelona &#8211; Atl\u00e9tico de Madrid por solo 1 euro desde el sof\u00e1 de tu casa.<\/p>\n<p>                    Movistar Plus+<\/p>\n<p data-gtm-element-container=\"modulo-texto-link\" class=\"paragraph\">Queda menos para que puedas darte de alta en Movistar Plus+ con la superoferta de Black Friday. Y es que hoy a\u00fan te costar\u00e1 1 euro el primer mes, eso quiere decir que podr\u00e1s ver el partidazo de LaLiga EA Sports entre el FC Barcelona y el Atl\u00e9tico de Madrid que se disputa el pr\u00f3ximo martes 2 de diciembre en el Camp Nou. Tambi\u00e9n el partido de Champions del Real Madrid contra el Mancheste City del 10 de diciembre. Esta plataforma de streaming no tiene permanencia y la cuota mensual es de 9,99 euros al mes (impuestos incluidos).<\/p>\n<p>    <a style=\"width: auto; font-family: sans-serif; font-weight: 700; font-size: 16px; line-height: 18px; color: #ffffff; background: #000000; border-radius: 5px; display: inline-block; padding: 16px 17px; text-transform: uppercase;\" href=\"https:\/\/redirect.prd.themonetise.es\/short\/c6c611798c8b46b29e738e7385b57db9?puqs=1\" target=\"_blank\" title=\"textoBoton\" rel=\"nofollow noopener\">Movistar Plus+ Black Friday 1 \u20ac el primer mes<\/a><\/p>\n<p>Rowenta Comfort Compact<\/p>\n<p>                <img loading=\"lazy\" decoding=\"async\" data-full-src=\"https:\/\/www.lavanguardia.com\/uploads\/2025\/11\/28\/69298eba5e365.jpeg\" alt=\"Rowenta Comfort Compact - Calefactor bajo consumo 2000 W, 2 velocidades, termostato mec\u00e1nico funci\u00f3n anti-heladas, Silence 44 dBA, modo Eco, ventilador aire fr\u00edo, f\u00e1cil transporte\" width=\"449\" height=\"337\" src=\"https:\/\/www.europesays.com\/es\/wp-content\/uploads\/2025\/12\/69298eba5e365.jpeg\" class=\"lazy\"\/><\/p>\n<p class=\"caption-title \">Dispone de modo eco.<\/p>\n<p>                    Amazon<\/p>\n<p data-gtm-element-container=\"modulo-texto-link\" class=\"paragraph\">Calefactor el\u00e9ctrico bajo consumo con ventilador que emite calor r\u00e1pido y uniforme para salones, dormitorios o despachos de 25-35 m\u00b2, ahorrando hasta 50% energ\u00eda en modo 1000W m\u00ednimo frente a m\u00e1xima potencia. Potencia ajustable (1000W silencioso prolongado \/ 2000W r\u00e1pido), termostato seleccionable y modo ventilador fr\u00edo para uso anual sin molestias al dormir o estudiar. Compacto con asa transportable, dise\u00f1o estable y protecci\u00f3n sobrecalentamiento, no apto ba\u00f1os.<\/p>\n<p>Plancha de ropa Power Steam Ultra de<br \/>Russell Hobbs<\/p>\n<p>                <img loading=\"lazy\" decoding=\"async\" data-full-src=\"https:\/\/www.lavanguardia.com\/uploads\/2024\/04\/11\/6617cb3c2afd7.jpeg\" alt=\"Plancha de Ropa Power Steam Ultra de Russell Hobbs\" width=\"449\" height=\"285\" src=\"https:\/\/www.europesays.com\/es\/wp-content\/uploads\/2025\/11\/6617cb3c2afd7.jpeg\" class=\"lazy\"\/><\/p>\n<p class=\"caption-title \">Plancha de Ropa Power Steam Ultra de Russell Hobbs<\/p>\n<p>                    Amazon<\/p>\n<p data-gtm-element-container=\"modulo-texto-link\" class=\"paragraph\">Russell Hobbs Power Steam Ultra ofrece suela cer\u00e1mica deslizante con punta precisi\u00f3n, ranuras botones y asa suave para planchado eficiente, m\u00e1s cable 3 m y apagado autom\u00e1tico por seguridad. Potencia 3100 W con golpe vapor 210 g, continuo 70 g\/min, vapor vertical y pulverizaci\u00f3n para arrugas dif\u00edciles en seco o h\u00famedo. Dep\u00f3sito 350 ml, funciones antigoteo, antical y autolimpieza facilitan mantenimiento sin manchas.<\/p>\n<p>Generador solar port\u00e1til\u00a0BLUETTI Elite 30 V2<\/p>\n<p>                <img loading=\"lazy\" decoding=\"async\" data-full-src=\"https:\/\/www.lavanguardia.com\/uploads\/2025\/11\/18\/691ca437b889c.jpeg\" alt=\"BLUETTI Elite 30 V2\" width=\"449\" height=\"337\" src=\"https:\/\/www.europesays.com\/es\/wp-content\/uploads\/2025\/11\/691ca437b889c.jpeg\" class=\"lazy\"\/><\/p>\n<p class=\"caption-title \">BLUETTI Elite 30 V2<\/p>\n<p>                    BLUETTI<\/p>\n<p data-gtm-element-container=\"modulo-texto-link\" class=\"paragraph\">BLUETTI Elite 30 V2 es una estaci\u00f3n port\u00e1til ligera de 4,3 kg con 600W continua (pico 1500W), bater\u00eda LiFePO4 288Wh y 8 salidas para camping, viajes o emergencias dom\u00e9sticas. Carga completa CA en 70 min (8 m\u00e9todos: solar hasta 200W, coche), modo SAI 10 ms para cortes imperceptibles y app Bluetooth\/Wi-Fi para control inteligente. Silenciosa 3000 ciclos vida \u00fatil, incluye cables CA\/coche pero cable solar aparte para m\u00e1xima versatilidad.<\/p>\n<p>Rizador pelo ondas\u00a0Remington<\/p>\n<p>                <img loading=\"lazy\" decoding=\"async\" data-full-src=\"https:\/\/www.lavanguardia.com\/uploads\/2025\/11\/29\/692b2eb3d856d.jpeg\" alt=\"Rizador pelo ondas Remington\" width=\"449\" height=\"337\" src=\"https:\/\/www.europesays.com\/es\/wp-content\/uploads\/2025\/11\/692b2eb3d856d.jpeg\" class=\"lazy\"\/><\/p>\n<p class=\"caption-title \">Rizador pelo ondas Remington.<\/p>\n<p>                    Amazon<\/p>\n<p data-gtm-element-container=\"modulo-texto-link\" class=\"paragraph\">Remington PROluxe CI91X1 rizador de ondas cer\u00e1mica con Grip Tech antideslizante crea 4 estilos ajustables: ondas marcadas, sirena ca\u00edda, playeras sueltas y desenfadadas con barril c\u00f3nico 25-38 mm. Tecnolog\u00eda OPTIheat distribuye calor preciso hasta 210\u00b0C en 5 niveles digitales para ondas duraderas 24 horas, calentamiento 30 seg, apagado auto 60 min y cable giratorio 3 m. Modo Pro+ 185\u00b0C cuida cabello sensible con resultados profesionales sin tirones.<\/p>\n<p>Succionador de cl\u00edtoris\u00a0Platanomel\u00f3n<\/p>\n<p>                <img loading=\"lazy\" decoding=\"async\" data-full-src=\"https:\/\/www.lavanguardia.com\/uploads\/2024\/07\/16\/6696b7f42c211.jpeg\" alt=\"Mambo de Platanomel\u00f3n\" width=\"449\" height=\"311\" src=\"https:\/\/www.europesays.com\/es\/wp-content\/uploads\/2025\/11\/6696b7f42c211.jpeg\" class=\"lazy\"\/><\/p>\n<p class=\"caption-title \">Mambo de Platanomel\u00f3n<\/p>\n<p>                    Amazon<\/p>\n<p data-gtm-element-container=\"modulo-texto-link\" class=\"paragraph\">Mambo de Platanomel\u00f3n ofrece 14 velocidades progresivas de succi\u00f3n Oh! Tech que estimula el cl\u00edtoris externa, interna y profundamente para orgasmos r\u00e1pidos e intensos, adaptable con 2 boquillas intercambiables. Dise\u00f1o ergon\u00f3mico sumergible (IPX7) para ducha o ba\u00f1era, silicona hipoalerg\u00e9nica suave, recarga USB magn\u00e9tica con hasta 480 min. de autonom\u00eda y se mantiene de pie para higiene \u00f3ptima. Compacto, discreto y f\u00e1cil de limpiar, garantiza placer personalizado sin contacto directo.<\/p>\n<p>Altavoz Bluetooth\u00a0Beats Pill<\/p>\n<p>                <img loading=\"lazy\" decoding=\"async\" data-full-src=\"https:\/\/www.lavanguardia.com\/uploads\/2025\/11\/29\/692b29293c572.jpeg\" alt=\"Altavoz Bluetooth Beats Pill\" width=\"449\" height=\"337\" src=\"https:\/\/www.europesays.com\/es\/wp-content\/uploads\/2025\/12\/692b29293c572.jpeg\" class=\"lazy\"\/><\/p>\n<p class=\"caption-title \">Altavoz Bluetooth Beats Pill.<\/p>\n<p>                    Amazon<\/p>\n<p data-gtm-element-container=\"modulo-texto-link\" class=\"paragraph\">Beats Pill entrega sonido potente que llena cualquier espacio con woofer ovalado a medida que mueve 90% m\u00e1s aire para graves profundos sin distorsi\u00f3n, incluso a m\u00e1ximo volumen, m\u00e1s agudos n\u00edtidos y tonos medios intensos. Ofrece 24 horas autonom\u00eda, carga r\u00e1pida USB-C para dispositivos externos, IP67 resistente a agua\/polvo, cord\u00f3n extra\u00edble y silicona protectora para m\u00e1xima portabilidad. Compatibilidad Apple\/Android con emparejamiento r\u00e1pido, audio sin p\u00e9rdida, modo est\u00e9reo dual, llamadas y asistentes de voz integrados.<\/p>\n<p>        Lee tambi\u00e9n<\/p>\n<p>    Oriol Ribalta<\/p>\n<p>             <img loading=\"lazy\" decoding=\"async\" data-full-src=\"https:\/\/www.lavanguardia.com\/uploads\/2025\/11\/29\/692ad3a2ec068.jpeg\" alt=\"Mejores ofertas en m\u00f3viles del Black Friday 2025\" width=\"334\" height=\"164\" src=\"https:\/\/www.europesays.com\/es\/wp-content\/uploads\/2025\/11\/692ad3a2ec068.jpeg\" class=\"lazy\"\/><\/p>\n<p>        Lee tambi\u00e9n<\/p>\n<p>    Carlos Dom\u00ednguez<\/p>\n<p>             <img loading=\"lazy\" decoding=\"async\" data-full-src=\"https:\/\/www.lavanguardia.com\/uploads\/2025\/11\/28\/6929e44bbcd2d.jpeg\" alt=\"Descubre la mejor selecci\u00f3n de altavoces y barras de sonido en oferta por el Black Friday\" width=\"334\" height=\"164\" src=\"https:\/\/www.europesays.com\/es\/wp-content\/uploads\/2025\/12\/6929e44bbcd2d.r_d.547-232.jpeg\" class=\"lazy\"\/><\/p>\n<p>        Lee tambi\u00e9n<\/p>\n<p>    Andrea V\u00e1zquez<\/p>\n<p>             <img loading=\"lazy\" decoding=\"async\" data-full-src=\"https:\/\/www.lavanguardia.com\/uploads\/2025\/11\/29\/692af4bb5f684.jpeg\" alt=\"Adidas rebaja sus superventas como las Samba por el Black Friday\" width=\"334\" height=\"164\" src=\"https:\/\/www.europesays.com\/es\/wp-content\/uploads\/2025\/11\/692af4bb5f684.r_d.435-178.jpeg\" class=\"lazy\"\/><\/p>\n","protected":false},"excerpt":{"rendered":"Acabado el fin de semana del Black Friday, pero no te preocupes, porque si te ha sido imposible&hellip;\n","protected":false},"author":2,"featured_media":262883,"comment_status":"","ping_status":"","sticky":false,"template":"","format":"standard","meta":{"footnotes":""},"categories":[81],"tags":[119,123,124,25,24,117,121,122,23,118,120],"class_list":{"0":"post-266280","1":"post","2":"type-post","3":"status-publish","4":"format-standard","5":"has-post-thumbnail","7":"category-ciencia-y-tecnologia","8":"tag-ciencia","9":"tag-ciencia-y-tecnologia","10":"tag-cienciaytecnologia","11":"tag-es","12":"tag-espana","13":"tag-science","14":"tag-science-and-technology","15":"tag-scienceandtechnology","16":"tag-spain","17":"tag-technology","18":"tag-tecnologia"},"share_on_mastodon":{"url":"https:\/\/pubeurope.com\/@es\/115646939086183515","error":""},"_links":{"self":[{"href":"https:\/\/www.europesays.com\/es\/wp-json\/wp\/v2\/posts\/266280","targetHints":{"allow":["GET"]}}],"collection":[{"href":"https:\/\/www.europesays.com\/es\/wp-json\/wp\/v2\/posts"}],"about":[{"href":"https:\/\/www.europesays.com\/es\/wp-json\/wp\/v2\/types\/post"}],"author":[{"embeddable":true,"href":"https:\/\/www.europesays.com\/es\/wp-json\/wp\/v2\/users\/2"}],"replies":[{"embeddable":true,"href":"https:\/\/www.europesays.com\/es\/wp-json\/wp\/v2\/comments?post=266280"}],"version-history":[{"count":0,"href":"https:\/\/www.europesays.com\/es\/wp-json\/wp\/v2\/posts\/266280\/revisions"}],"wp:featuredmedia":[{"embeddable":true,"href":"https:\/\/www.europesays.com\/es\/wp-json\/wp\/v2\/media\/262883"}],"wp:attachment":[{"href":"https:\/\/www.europesays.com\/es\/wp-json\/wp\/v2\/media?parent=266280"}],"wp:term":[{"taxonomy":"category","embeddable":true,"href":"https:\/\/www.europesays.com\/es\/wp-json\/wp\/v2\/categories?post=266280"},{"taxonomy":"post_tag","embeddable":true,"href":"https:\/\/www.europesays.com\/es\/wp-json\/wp\/v2\/tags?post=266280"}],"curies":[{"name":"wp","href":"https:\/\/api.w.org\/{rel}","templated":true}]}}