{"id":266283,"date":"2025-12-01T23:37:16","date_gmt":"2025-12-01T23:37:16","guid":{"rendered":"https:\/\/www.europesays.com\/es\/266283\/"},"modified":"2025-12-01T23:37:16","modified_gmt":"2025-12-01T23:37:16","slug":"mi-familia-esta-alla-no-puedo-decir-nada-el-miedo-de-los-venezolanos-en-miami-a-opinar-sobre-la-amenaza-militar-de-trump-contra-su-pais","status":"publish","type":"post","link":"https:\/\/www.europesays.com\/es\/266283\/","title":{"rendered":"\u00abMi familia est\u00e1 all\u00e1, no puedo decir nada\u00bb: el miedo de los venezolanos en Miami a opinar sobre la amenaza militar de Trump contra su pa\u00eds"},"content":{"rendered":"<p><img fetchpriority=\"high\" decoding=\"async\" src=\"https:\/\/www.europesays.com\/es\/wp-content\/uploads\/2025\/12\/b4da0380-cc97-11f0-81ab-2d2febf9fb8f.jpg.webp.webp\"   alt=\"Ni\u00f1os con la bandera de Venezuela\" loading=\"eager\" width=\"880\" height=\"495\" style=\"aspect-ratio:880 \/ 495\" class=\"css-4ejld5\"\/><\/p>\n<p class=\"css-by8ykd\" role=\"text\">Fuente de la imagen, Getty Images<\/p>\n<p>Pie de foto, Los venezolanos en EE.UU. est\u00e1n preocupados por sus familiares en Venezuela. <strong id=\"article-byline\" aria-hidden=\"true\" class=\"css-m04vo2\">Informaci\u00f3n del art\u00edculo<\/strong><\/p>\n<ul class=\"css-1rvtlej\">\n<li class=\"css-oe8da4\"\/>\n<li class=\"css-1clfxfc\">1 diciembre 2025, 12:41 GMT\n<p>Actualizado 5 horas<\/p>\n<\/li>\n<li class=\"css-1clfxfc\"\/><\/ul>\n<p dir=\"ltr\" class=\"css-oygqes e17g058b0\"><b>Los ni\u00f1os jugaban mientras sus padres charlaban en el parque. \u00ab\u00a1Papi, mira qu\u00e9 ch\u00e9vere!\u00bb, dijo el m\u00e1s grande dando vueltas en su triciclo. Cuando les pregunt\u00e9 si eran venezolanos, ella apret\u00f3 los labios, \u00e9l neg\u00f3 con la cabeza y juntos me miraron con espanto.<\/b><\/p>\n<p dir=\"ltr\" class=\"css-oygqes e17g058b0\">Me acerqu\u00e9 a ellos para saber qu\u00e9 pensaban sobre la amenaza de ataques militares estadounidenses contra Venezuela. Pero aquella pregunta pod\u00eda interpretarse como si los estuviera se\u00f1alando por ser venezolanos, en medio de las redadas de deportaci\u00f3n del gobierno de Donald Trump y las amenazas de revisar los permisos de residencia de los migrantes que viven en EE.UU.<\/p>\n<p dir=\"ltr\" class=\"css-oygqes e17g058b0\">Est\u00e1bamos en Doral, la ciudad del sur de Florida que alberga a la mayor comunidad de venezolanos en Estados Unidos.<\/p>\n<p dir=\"ltr\" class=\"css-oygqes e17g058b0\">El hombre se levant\u00f3 de un salto, alz\u00f3 al ni\u00f1o por la cintura y el triciclo qued\u00f3 tumbado en el suelo. Ella se apresur\u00f3 a recoger los juguetes de la m\u00e1s peque\u00f1a. <\/p>\n<p dir=\"ltr\" class=\"css-oygqes e17g058b0\">Meses atr\u00e1s, a mediados de a\u00f1o, entrevist\u00e9 a <a href=\"https:\/\/www.bbc.com\/mundo\/articles\/cp3n0ll7lr1o\" class=\"focusIndicatorReducedWidth css-n8oauk e1p3sufg0\" rel=\"nofollow noopener\" target=\"_blank\">una decena de venezolanos que viv\u00edan en Doral<\/a>. Todos hab\u00edan pedido anonimato por temor a las autoridades migratorias, luego de que el gobierno de Trump eliminara mecanismos que proteg\u00edan de la deportaci\u00f3n a m\u00e1s de un mill\u00f3n de ciudadanos venezolanos y de otras nacionalidades.<\/p>\n<p><img decoding=\"async\" src=\"https:\/\/www.europesays.com\/es\/wp-content\/uploads\/2025\/12\/80383b00-cc89-11f0-9fb5-5f3a3703a365.jpg.webp.webp\"   alt=\"Venezolanos protestan por TPS\" loading=\"lazy\" width=\"1024\" height=\"620\" style=\"aspect-ratio:1024 \/ 620\" class=\"css-4ejld5\"\/><\/p>\n<p class=\"css-by8ykd\" role=\"text\">Fuente de la imagen, Getty Images<\/p>\n<p>Pie de foto, A principios de a\u00f1o, los venezolanos pidieron al gobierno de Trump mantener protecciones migratorias como el TPS. <\/p>\n<p dir=\"ltr\" class=\"css-oygqes e17g058b0\">En las \u00faltimas semanas, el foco de la Casa Blanca se ha centrado todav\u00eda m\u00e1s en Venezuela. <\/p>\n<p dir=\"ltr\" class=\"css-oygqes e17g058b0\">Como parte de lo que el gobierno de Trump describe como una ofensiva contra el narcotr\u00e1fico, Estados Unidos moviliz\u00f3 en el mar Caribe a 15.000 efectivos y varios buques de guerra, entre ellos el USS Gerald R. Ford, el portaaviones m\u00e1s grande del mundo.<\/p>\n<p dir=\"ltr\" class=\"css-oygqes e17g058b0\">La Casa Blanca tambi\u00e9n ofrece una recompensa de US$50 millones por la captura del presidente Nicol\u00e1s Maduro, a quien acusa de liderar el <a href=\"https:\/\/www.bbc.com\/mundo\/articles\/cn4j90717kwo\" class=\"focusIndicatorReducedWidth css-n8oauk e1p3sufg0\" rel=\"nofollow noopener\" target=\"_blank\">Cartel de los Soles<\/a>. <\/p>\n<p dir=\"ltr\" class=\"css-oygqes e17g058b0\">Este presunto grupo criminal fue clasificado recientemente por Washington como una \u00aborganizaci\u00f3n terrorista extranjera\u00bb, lo que otorga m\u00e1s poderes a las fuerzas militares estadounidenses para atacarla.<\/p>\n<p dir=\"ltr\" class=\"css-oygqes e17g058b0\">Sin embargo, las autoridades venezolanas niegan cualquier conexi\u00f3n con actividades il\u00edcitas y aseguran que el gobierno de Trump busca derrocar a Maduro. <\/p>\n<p dir=\"ltr\" class=\"css-oygqes e17g058b0\">Debido a la tensi\u00f3n entre ambos pa\u00edses, conocer las opiniones de los venezolanos que viven en Doral sobre lo que est\u00e1 sucediendo es cada d\u00eda d\u00eda m\u00e1s dif\u00edcil.<\/p>\n<p><img decoding=\"async\" src=\"https:\/\/www.europesays.com\/es\/wp-content\/uploads\/2025\/12\/cff6a8c0-cc89-11f0-9fb5-5f3a3703a365.jpg.webp.webp\"   alt=\"USS Gerald R. Ford\" loading=\"lazy\" width=\"1024\" height=\"683\" style=\"aspect-ratio:1024 \/ 683\" class=\"css-4ejld5\"\/><\/p>\n<p class=\"css-by8ykd\" role=\"text\">Fuente de la imagen, Armada de EE.UU. a trav\u00e9s de Getty<\/p>\n<p>Pie de foto, Estados Unidos moviliz\u00f3 el USS Gerald R. Ford, el portaaviones m\u00e1s grande del mundo, en el Mar Caribe.<\/p>\n<p>\u00abEsto es muy complicado\u00bb<\/p>\n<p dir=\"ltr\" class=\"css-oygqes e17g058b0\">Junto a mi compa\u00f1ero de video, iniciamos la b\u00fasqueda de testimonios en un conocido restaurante de comida venezolana, pero la encargada nos ahuyent\u00f3 para evitar \u00abmolestias\u00bb a los clientes.<\/p>\n<p dir=\"ltr\" class=\"css-oygqes e17g058b0\">Sugiri\u00f3 que abord\u00e1ramos a la gente en la calle, aunque Doral comparte el mismo rasgo que otras ciudades del \u00e1rea metropolitana de Miami: no hay peatones porque todos se mueven en auto.<\/p>\n<p dir=\"ltr\" class=\"css-oygqes e17g058b0\">Probamos esta f\u00f3rmula en un parque del centro de Doral, pero la reacci\u00f3n de la primera pareja se repiti\u00f3 con algunas variantes. Un hombre neg\u00f3 ser venezolano aunque su acento lo delataba, mientras que otro se llev\u00f3 las manos a la cabeza de tan s\u00f3lo pensar que Venezuela pueda ser atacada.<\/p>\n<p dir=\"ltr\" class=\"css-oygqes e17g058b0\">\u00abNo, esto es muy complicado\u00bb, dijo levant\u00e1ndose a toda prisa del banco donde esperaba el autob\u00fas. \u00abMi familia est\u00e1 all\u00e1, imag\u00ednate, \u00bfqu\u00e9 te puedo decir? No quiero ni pensarlo\u00bb.<\/p>\n<p dir=\"ltr\" class=\"css-oygqes e17g058b0\">En los \u00faltimos d\u00edas, seis aerol\u00edneas internacionales cancelaron sus vuelos hacia y desde Venezuela debido al riesgo de sobrevolar el espacio a\u00e9reo del pa\u00eds por la actividad militar estadounidense.<\/p>\n<p dir=\"ltr\" class=\"css-oygqes e17g058b0\">En respuesta a esta decisi\u00f3n, el gobierno de Maduro revoc\u00f3 los derechos de tr\u00e1fico de Iberia, TAP Portugal, Avianca, Latam Airlines Colombia, Turkish Airlines y Gol, por considerar que se habr\u00eda sumado a \u00abacciones de terrorismo de Estado promovidas por el gobierno de Estados Unidos\u00bb.<\/p>\n<p><img decoding=\"async\" src=\"https:\/\/www.europesays.com\/es\/wp-content\/uploads\/2025\/12\/dcc38680-cc8a-11f0-8c06-f5d460985095.png.webp.webp\"   alt=\"Parque del centro de Doral\" loading=\"lazy\" width=\"703\" height=\"402\" style=\"aspect-ratio:703 \/ 402\" class=\"css-4ejld5\"\/><\/p>\n<p class=\"css-by8ykd\" role=\"text\">Fuente de la imagen, Walter Fojo \/ BBC Mundo<\/p>\n<p>Pie de foto, Varios venezolanos rechazaron dar entrevistas en el parque del centro de Doral. <\/p>\n<p>\u00abApretados por aqu\u00ed y por all\u00e1\u00bb<\/p>\n<p dir=\"ltr\" class=\"css-oygqes e17g058b0\">Para buscar a venezolanos que estuvieran dispuestos a hablar, nos plantamos a las puertas de un supermercado.<\/p>\n<p dir=\"ltr\" class=\"css-oygqes e17g058b0\">Mientras empujaba el carrito de la compra en el que su hijo jugaba a ser un agente de polic\u00eda, una mujer joven asegur\u00f3 que le encantar\u00eda compartir su opini\u00f3n, pero no era posible.<\/p>\n<p dir=\"ltr\" class=\"css-oygqes e17g058b0\">\u00abAqu\u00ed estoy involucrada en actividades pol\u00edticas y all\u00e1 tengo a mi familia\u00bb, dijo en medio de los gritos de su hijo, quien nos ordenaba quedarnos quietas. \u00abSi no tuviera a mi hermana en Venezuela, con gusto te hablar\u00eda\u00bb.<\/p>\n<p dir=\"ltr\" class=\"css-oygqes e17g058b0\">A inicios de noviembre, m\u00e1s de 800 personas permanec\u00edan detenidas por motivos pol\u00edticos en Venezuela, seg\u00fan el monitoreo de la ONG de defensa de derechos humanos Foro Penal.<\/p>\n<p dir=\"ltr\" class=\"css-oygqes e17g058b0\">Esta organizaci\u00f3n calcula que 18.639 personas han sido detenidas arbitrariamente desde 2014, cuando ocurri\u00f3 el primer ciclo de protestas violentas contra el gobierno de Maduro, que acumula 12 a\u00f1os en el poder.<\/p>\n<p dir=\"ltr\" class=\"css-oygqes e17g058b0\">\u00abEstamos apretados por aqu\u00ed y por all\u00e1\u00bb, matiz\u00f3 la mujer con una media sonrisa, atenta a impedir que su hijo saltara del carrito.<\/p>\n<p dir=\"ltr\" class=\"css-oygqes e17g058b0\">El ministro del Interior venezolano, Diosdado Cabello, prometi\u00f3 que el gobierno venezolano buscar\u00eda a cualquiera que respaldara una invasi\u00f3n desde Estados Unidos.<\/p>\n<p dir=\"ltr\" class=\"css-oygqes e17g058b0\">\u00abSi alguien decide pedir invasiones contra nuestro pa\u00eds, inmediatamente est\u00e1 asumiendo que se autoexcluye de sus obligaciones como venezolano\u00bb, dijo hace varias semanas. <\/p>\n<p dir=\"ltr\" class=\"css-oygqes e17g058b0\">\u00abEl Estado se reserva las acciones que tenga a bien ejercer\u00bb.<\/p>\n<p><img decoding=\"async\" src=\"https:\/\/www.europesays.com\/es\/wp-content\/uploads\/2025\/12\/9c32a2d0-cc8b-11f0-9fb5-5f3a3703a365.jpg.webp.webp\"   alt=\"Detenciones en Venezuela\" loading=\"lazy\" width=\"800\" height=\"450\" style=\"aspect-ratio:800 \/ 450\" class=\"css-4ejld5\"\/><\/p>\n<p class=\"css-by8ykd\" role=\"text\">Fuente de la imagen, AFP<\/p>\n<p>Pie de foto, Las detenciones en Venezuela aumentaron durante las protestas contra el resultado de las elecciones presidenciales el a\u00f1o pasado.<\/p>\n<p>\u00abEstamos en ascuas\u00bb<\/p>\n<p dir=\"ltr\" class=\"css-oygqes e17g058b0\">Antes de entrar en el supermercado, una se\u00f1ora de cabello canoso se neg\u00f3 a dar opiniones en c\u00e1mara.<\/p>\n<p dir=\"ltr\" class=\"css-oygqes e17g058b0\">\u00abAy mijita, qu\u00e9 vamos a saber, estamos en ascuas\u00bb, respondi\u00f3. \u00ab\u00bfQu\u00e9 quieres que te diga? Esto es una mierda\u00bb.<\/p>\n<p dir=\"ltr\" class=\"css-oygqes e17g058b0\">El Alto Comisionado de la ONU para los Derechos Humanos, Volker T\u00fcrk, dijo en octubre que los ataques de Estados Unidos contra embarcaciones en El Caribe y el Pac\u00edfico son \u00abinaceptables\u00bb y deben responder a las leyes internacionales que regulan el uso de la fuerza letal.<\/p>\n<p dir=\"ltr\" class=\"css-oygqes e17g058b0\">Hasta el momento m\u00e1s de 80 personas han muerto en esos ataques.<\/p>\n<p dir=\"ltr\" class=\"css-oygqes e17g058b0\">T\u00fcrk tambi\u00e9n se mostr\u00f3 preocupado por el \u00abdeterioro de la situaci\u00f3n de los derechos humanos\u00bb en Venezuela, por lo cual fue declarado persona non grata por el Parlamento en Caracas.<\/p>\n<p dir=\"ltr\" class=\"css-oygqes e17g058b0\">En los meses siguientes a las elecciones del 28 de julio de 2024, en las que Maduro fue proclamado ganador pese a las denuncias de fraude de la oposici\u00f3n, 2.200 personas fueron detenidas en medio de las protestas contra los resultados.<\/p>\n<p dir=\"ltr\" class=\"css-oygqes e17g058b0\">Un joven de 17 a\u00f1os llamado <a href=\"https:\/\/www.bbc.com\/mundo\/articles\/c5y9nrr5y4zo\" class=\"focusIndicatorReducedWidth css-n8oauk e1p3sufg0\" rel=\"nofollow noopener\" target=\"_blank\">\u00c1ngel Gabriel Gonz\u00e1lez<\/a> cumpli\u00f3 m\u00e1s de un a\u00f1o en prisi\u00f3n tras haber sido acusado de participar en los ataques contra una estatua del expresidente Hugo Ch\u00e1vez en La Guaira, al norte de Venezuela, durante las manifestaciones que siguieron a los comicios.<\/p>\n<p dir=\"ltr\" class=\"css-oygqes e17g058b0\">Hace unos d\u00edas, la doctora <a href=\"https:\/\/www.bbc.com\/mundo\/articles\/c17xde0lqrqo\" class=\"focusIndicatorReducedWidth css-n8oauk e1p3sufg0\" rel=\"nofollow noopener\" target=\"_blank\">Marggie Orozco<\/a> fue condenada a 30 a\u00f1os de c\u00e1rcel, la pena m\u00e1xima que las leyes venezolanas imponen a delitos como homicidio, secuestro y violaci\u00f3n, por criticar a Maduro en un audio de WhatsApp.<\/p>\n<p dir=\"ltr\" class=\"css-oygqes e17g058b0\">La Misi\u00f3n Internacional Independiente de Determinaci\u00f3n de los Hechos de la ONU, que investiga violaciones graves a los derechos humanos en Venezuela, ha advertido que la \u00abpersecuci\u00f3n por motivos pol\u00edticos\u00bb se intensific\u00f3 en el pa\u00eds despu\u00e9s de las elecciones, incluida <a href=\"https:\/\/www.bbc.com\/mundo\/articles\/cpv2v4dd38ro\" class=\"focusIndicatorReducedWidth css-n8oauk e1p3sufg0\" rel=\"nofollow noopener\" target=\"_blank\">la detenci\u00f3n de menores de edad<\/a>.<\/p>\n<p dir=\"ltr\" class=\"css-oygqes e17g058b0\">Bajo la Ley Constitucional contra el Odio, por la Convivencia Pac\u00edfica y la Tolerancia, cualquier persona en Venezuela que \u00abfomente, promueva o incite al odio, la discriminaci\u00f3n o la violencia\u00bb puede ser detenida y juzgada.<\/p>\n<p><img decoding=\"async\" src=\"https:\/\/www.europesays.com\/es\/wp-content\/uploads\/2025\/12\/c9ce5b30-cc8b-11f0-a892-01d657345866.jpg.webp.webp\"   alt=\"Familiares de detenidos en Venezuela\" loading=\"lazy\" width=\"800\" height=\"533\" style=\"aspect-ratio:800 \/ 533\" class=\"css-4ejld5\"\/><\/p>\n<p class=\"css-by8ykd\" role=\"text\">Fuente de la imagen, AFP<\/p>\n<p>Pie de foto, Familiares de los detenidos han hecho vigilias para pedir la liberaci\u00f3n de sus parientes en Venezuela. <\/p>\n<p>\u00abNo creo que pase nada\u00bb<\/p>\n<p dir=\"ltr\" class=\"css-oygqes e17g058b0\">La siguiente compradora que entr\u00f3 en el supermercado en Doral tambi\u00e9n era venezolana. Cuando le pregunt\u00e9 sus impresiones sobre la situaci\u00f3n, se qued\u00f3 inm\u00f3vil y en silencio.<\/p>\n<p dir=\"ltr\" class=\"css-oygqes e17g058b0\">\u00abNo sabemos nada\u2026 Mi familia est\u00e1 all\u00e1\u2026 No s\u00e9, no puedo decir nada\u00bb.<\/p>\n<p dir=\"ltr\" class=\"css-oygqes e17g058b0\">El \u00fanico que accedi\u00f3 a conversar fue Oscar, un hombre venezolano de 93 a\u00f1os que tiene dos d\u00e9cadas viviendo en Estados Unidos.<\/p>\n<p dir=\"ltr\" class=\"css-oygqes e17g058b0\">\u00abYo no creo que pase nada\u00bb, dijo mientras recuperaba el aliento despu\u00e9s de caminar desde el auto hasta la entrada del supermercado. \u00abMi hermana vive en Venezuela y su \u00fanica preocupaci\u00f3n es conseguir dinero para comer\u00bb.<\/p>\n<p><img decoding=\"async\" src=\"https:\/\/www.europesays.com\/es\/wp-content\/uploads\/2025\/12\/0fd75370-cc82-11f0-9fb5-5f3a3703a365.png.webp.webp\"   alt=\"L\u00ednea gris\" loading=\"lazy\" width=\"800\" height=\"100\" style=\"aspect-ratio:800 \/ 100\" class=\"css-4ejld5\"\/><\/p>\n<p dir=\"ltr\" class=\"css-oygqes e17g058b0\"><a href=\"https:\/\/www.bbc.com\/mundo\/send\/u184973209\" class=\"focusIndicatorReducedWidth css-n8oauk e1p3sufg0\" rel=\"nofollow noopener\" target=\"_blank\">Suscr\u00edbete aqu\u00ed<\/a> a nuestro nuevo newsletter para recibir cada viernes una selecci\u00f3n de nuestro mejor contenido de la semana.<\/p>\n<p dir=\"ltr\" class=\"css-oygqes e17g058b0\">Y recuerda que puedes recibir notificaciones en nuestra app. Descarga la \u00faltima versi\u00f3n y act\u00edvalas.<\/p>\n","protected":false},"excerpt":{"rendered":"Fuente de la imagen, Getty Images Pie de foto, Los venezolanos en EE.UU. est\u00e1n preocupados por sus familiares&hellip;\n","protected":false},"author":2,"featured_media":266284,"comment_status":"","ping_status":"","sticky":false,"template":"","format":"standard","meta":{"footnotes":""},"categories":[42],"tags":[17,18,13,14,11,61,62,63,64,19,20,9,10,15,16,12,21,22,65,66,67],"class_list":{"0":"post-266283","1":"post","2":"type-post","3":"status-publish","4":"format-standard","5":"has-post-thumbnail","7":"category-internacional","8":"tag-breaking-news","9":"tag-breakingnews","10":"tag-featured-news","11":"tag-featurednews","12":"tag-headlines","13":"tag-internacional","14":"tag-international","15":"tag-international-news","16":"tag-internationalnews","17":"tag-latest-news","18":"tag-latestnews","19":"tag-news","20":"tag-noticias","21":"tag-noticias-destacadas","22":"tag-noticiasdestacadas","23":"tag-titulares","24":"tag-ultimas-noticias","25":"tag-ultimasnoticias","26":"tag-world","27":"tag-world-news","28":"tag-worldnews"},"share_on_mastodon":{"url":"https:\/\/pubeurope.com\/@es\/115646945845650340","error":""},"_links":{"self":[{"href":"https:\/\/www.europesays.com\/es\/wp-json\/wp\/v2\/posts\/266283","targetHints":{"allow":["GET"]}}],"collection":[{"href":"https:\/\/www.europesays.com\/es\/wp-json\/wp\/v2\/posts"}],"about":[{"href":"https:\/\/www.europesays.com\/es\/wp-json\/wp\/v2\/types\/post"}],"author":[{"embeddable":true,"href":"https:\/\/www.europesays.com\/es\/wp-json\/wp\/v2\/users\/2"}],"replies":[{"embeddable":true,"href":"https:\/\/www.europesays.com\/es\/wp-json\/wp\/v2\/comments?post=266283"}],"version-history":[{"count":0,"href":"https:\/\/www.europesays.com\/es\/wp-json\/wp\/v2\/posts\/266283\/revisions"}],"wp:featuredmedia":[{"embeddable":true,"href":"https:\/\/www.europesays.com\/es\/wp-json\/wp\/v2\/media\/266284"}],"wp:attachment":[{"href":"https:\/\/www.europesays.com\/es\/wp-json\/wp\/v2\/media?parent=266283"}],"wp:term":[{"taxonomy":"category","embeddable":true,"href":"https:\/\/www.europesays.com\/es\/wp-json\/wp\/v2\/categories?post=266283"},{"taxonomy":"post_tag","embeddable":true,"href":"https:\/\/www.europesays.com\/es\/wp-json\/wp\/v2\/tags?post=266283"}],"curies":[{"name":"wp","href":"https:\/\/api.w.org\/{rel}","templated":true}]}}