{"id":266287,"date":"2025-12-01T23:39:25","date_gmt":"2025-12-01T23:39:25","guid":{"rendered":"https:\/\/www.europesays.com\/es\/266287\/"},"modified":"2025-12-01T23:39:25","modified_gmt":"2025-12-01T23:39:25","slug":"zarzuela-cree-inoportuno-el-mensaje-en-video-del-rey-juan-carlos-dirigido-a-los-jovenes","status":"publish","type":"post","link":"https:\/\/www.europesays.com\/es\/266287\/","title":{"rendered":"Zarzuela cree inoportuno el mensaje en v\u00eddeo del rey Juan Carlos dirigido a los j\u00f3venes"},"content":{"rendered":"<p>Madrid (EFE).- La Casa del Rey no considera \u00abni necesario ni oportuno\u00bb el mensaje del rey <a href=\"https:\/\/efe.com\/?s=Juan+Carlos+I\" rel=\"nofollow noopener\" target=\"_blank\">Juan Carlos I<\/a> difundido mediante un v\u00eddeo que desde esta ma\u00f1ana circula por las redes sociales en el que se dirige a los j\u00f3venes para pedirles que apoyen a su hijo, el rey Felipe VI, y del cual no ten\u00edan conocimiento en el Palacio de la Zarzuela.<\/p>\n<p>Fuentes de Zarzuela se han expresado en estos t\u00e9rminos tras comprobar la difusi\u00f3n que est\u00e1 alcanzando del v\u00eddeo, que puede reproducirse desde la plataforma Youtube y en el cual el rey em\u00e9rito aparece solo, sentado en una silla, con una gran bandera nacional ondeando detr\u00e1s de \u00e9l.<\/p>\n<p>Con este \u00abmensaje para los j\u00f3venes espa\u00f1oles\u00bb el padre del jefe del Estado, que desde hace a\u00f1os reside en Abu Dabi, ruega que respalden a su hijo en su \u00abduro trabajo\u00bb de \u00abunir a todos los espa\u00f1oles\u00bb.<\/p>\n<p><img data-recalc-dims=\"1\" fetchpriority=\"high\" decoding=\"async\" width=\"900\" height=\"600\" src=\"https:\/\/www.europesays.com\/es\/wp-content\/uploads\/2025\/12\/REY.webp\" alt=\"El rey em\u00e9rito Juan Carlos I\" class=\"wp-image-2264657\" style=\"width:980px;height:auto\"  \/>El rey em\u00e9rito Juan Carlos I, en una imagen de archivo. EFE\/ Daniel Gonz\u00e1lez<\/p>\n<p>Difusi\u00f3n de las im\u00e1genes en v\u00edsperas de la aparici\u00f3n de su libro en Espa\u00f1a<\/p>\n<p>Precisamente la difusi\u00f3n de las im\u00e1genes se produce en v\u00edsperas de la aparici\u00f3n en Espa\u00f1a de su libro \u2018Reconciliaci\u00f3n\u2019, sus memorias ya publicadas en Francia.<\/p>\n<p>Zarzuela remarca, tras confirmar que no sab\u00edan nada de este mensaje, que tampoco entiende cu\u00e1les son los objetivos que con \u00e9l busca el rey em\u00e9rito.<\/p>\n<p>El v\u00eddeo dura apenas un minuto y medio y su autenticidad ha sido confirmada a EFE por fuentes del entorno del rey Juan Carlos.<\/p>\n<p>\u00abOs pido que apoy\u00e9is a mi hijo, el rey Felipe, en este duro trabajo que es unir a todos los espa\u00f1oles y que Espa\u00f1a siga siendo y jugando un papel tan relevante en el mundo\u00bb, dice a los j\u00f3venes.<\/p>\n<p>\u00abUna Transici\u00f3n ejemplar\u00bb<\/p>\n<p>Y a\u00f1ade: \u00abQuiero que sep\u00e1is que vuestros padres, vuestros abuelos y muchos espa\u00f1oles unidos conseguimos hacer una Transici\u00f3n ejemplar, dar un cambio a este pa\u00eds en unas circunstancias muy complejas en las que todos tuvimos que esforzarnos y arriesga\u00bb.<\/p>\n<p>Eso s\u00ed, reafirma que \u00abcon la generosidad y el esfuerzo de todos logramos que este pa\u00eds sea lo que hoy es\u00bb.<\/p>\n<p>Respecto a sus memorias, don Juan Carlos se\u00f1ala que decidi\u00f3 escribirlas para que los padres de los j\u00f3venes de hoy en d\u00eda puedan \u00abrecordar momentos hist\u00f3ricos\u00bb y conocer el pasado \u00absin distorsiones interesadas\u00bb.<\/p>\n<p>\u00abLa Monarqu\u00eda ha jugado un papel esencial en toda esta Transici\u00f3n, una posici\u00f3n institucional y de relaciones en las que hemos conseguido conectar a Espa\u00f1a con el resto del mundo\u00bb, sostiene antes de cerrar su breve alocuci\u00f3n pidiendo apoyo para su hijo.<\/p>\n","protected":false},"excerpt":{"rendered":"Madrid (EFE).- La Casa del Rey no considera \u00abni necesario ni oportuno\u00bb el mensaje del rey Juan Carlos&hellip;\n","protected":false},"author":2,"featured_media":266288,"comment_status":"","ping_status":"","sticky":false,"template":"","format":"standard","meta":{"footnotes":""},"categories":[5],"tags":[17,18,25,24,13,14,11,19,20,6041,9,10,15,16,23,12,21,22],"class_list":{"0":"post-266287","1":"post","2":"type-post","3":"status-publish","4":"format-standard","5":"has-post-thumbnail","7":"category-titulares","8":"tag-breaking-news","9":"tag-breakingnews","10":"tag-es","11":"tag-espana","12":"tag-featured-news","13":"tag-featurednews","14":"tag-headlines","15":"tag-latest-news","16":"tag-latestnews","17":"tag-monarquia","18":"tag-news","19":"tag-noticias","20":"tag-noticias-destacadas","21":"tag-noticiasdestacadas","22":"tag-spain","23":"tag-titulares","24":"tag-ultimas-noticias","25":"tag-ultimasnoticias"},"share_on_mastodon":{"url":"https:\/\/pubeurope.com\/@es\/115646953427806720","error":""},"_links":{"self":[{"href":"https:\/\/www.europesays.com\/es\/wp-json\/wp\/v2\/posts\/266287","targetHints":{"allow":["GET"]}}],"collection":[{"href":"https:\/\/www.europesays.com\/es\/wp-json\/wp\/v2\/posts"}],"about":[{"href":"https:\/\/www.europesays.com\/es\/wp-json\/wp\/v2\/types\/post"}],"author":[{"embeddable":true,"href":"https:\/\/www.europesays.com\/es\/wp-json\/wp\/v2\/users\/2"}],"replies":[{"embeddable":true,"href":"https:\/\/www.europesays.com\/es\/wp-json\/wp\/v2\/comments?post=266287"}],"version-history":[{"count":0,"href":"https:\/\/www.europesays.com\/es\/wp-json\/wp\/v2\/posts\/266287\/revisions"}],"wp:featuredmedia":[{"embeddable":true,"href":"https:\/\/www.europesays.com\/es\/wp-json\/wp\/v2\/media\/266288"}],"wp:attachment":[{"href":"https:\/\/www.europesays.com\/es\/wp-json\/wp\/v2\/media?parent=266287"}],"wp:term":[{"taxonomy":"category","embeddable":true,"href":"https:\/\/www.europesays.com\/es\/wp-json\/wp\/v2\/categories?post=266287"},{"taxonomy":"post_tag","embeddable":true,"href":"https:\/\/www.europesays.com\/es\/wp-json\/wp\/v2\/tags?post=266287"}],"curies":[{"name":"wp","href":"https:\/\/api.w.org\/{rel}","templated":true}]}}