{"id":266297,"date":"2025-12-01T23:48:10","date_gmt":"2025-12-01T23:48:10","guid":{"rendered":"https:\/\/www.europesays.com\/es\/266297\/"},"modified":"2025-12-01T23:48:10","modified_gmt":"2025-12-01T23:48:10","slug":"este-es-el-plan-que-contempla-osasuna","status":"publish","type":"post","link":"https:\/\/www.europesays.com\/es\/266297\/","title":{"rendered":"este es el plan que contempla Osasuna"},"content":{"rendered":"<p class=\"paragraph\"><b>Enzo Boyomo <\/b>ha sido incluido este lunes en la lista para la Copa de \u00c1frica. Camer\u00fan estrena seleccionador, David Pagou, ante la destituci\u00f3n de Marc Brys, en medio de un conflicto que ha sacudido a la federaci\u00f3n.\u00a0<\/p>\n<p class=\"paragraph\">Osasuna intentar\u00e1 que el central pueda jugar <b>en el Camp Nou el 13 de diciembre<\/b> y de ah\u00ed se vaya con su selecci\u00f3n, que debuta contra Gabon el 24 de diciembre. As\u00ed se abordar\u00e1 el asunto con la Federaci\u00f3n Camerunesa de F\u00fatbol que preside Samuel Eto&#8217;o desde 2021 y que ha sido reelegido en d\u00edas pasados.<\/p>\n<p class=\"paragraph\">Boyomo se perder\u00e1 seguro <b>el partido contra el Alav\u00e9s (20 de diciembre<\/b>) y habr\u00e1 que ver hasta d\u00f3nde llega su selecci\u00f3n, con duelos de fase de grupos los d\u00edas 28 contra Costa de Marfil y 31 de diciembre contra Mozambique.<\/p>\n<p class=\"paragraph\">Despu\u00e9s, Osasuna jugar\u00e1 <b>el 3 de enero contra el Athletic<\/b>, fecha en la que tampoco estar\u00e1 Boyomo en caso de clasificarse para los octavos de final. La Copa de \u00c1frica termina el 18 de enero. Girona y Oviedo ser\u00e1n los siguientes rivales en ese periodo que llevar\u00eda a la final.\u00a0Para entonces, la intenci\u00f3n del club es haber firmado un central en el mercado de enero.<\/p>\n<p class=\"paragraph\">La lista ha generado revuelo ya que no est\u00e1, entre otros cl\u00e1sicos, el portero Andr\u00e9 Onana. \u00ab<b>Soy militar, as\u00ed que\u00a0vamos a intentar restaurar la disciplina<\/b>\u00a0y darle a este equipo una nueva imagen, porque los cameruneses est\u00e1n orgullosos de sus Leones. Desde la grada, vi cu\u00e1nto aman a su selecci\u00f3n nacional. Nuestra ambici\u00f3n, con todos mis hermanos mayores que me acompa\u00f1an, es devolverles la alegr\u00eda a los cameruneses\u201d, ha comentado Pagou en sus primeras impresiones como seleccionador.<\/p>\n","protected":false},"excerpt":{"rendered":"Enzo Boyomo ha sido incluido este lunes en la lista para la Copa de \u00c1frica. Camer\u00fan estrena seleccionador,&hellip;\n","protected":false},"author":2,"featured_media":266298,"comment_status":"","ping_status":"","sticky":false,"template":"","format":"standard","meta":{"footnotes":""},"categories":[268],"tags":[5404,5130,30728,14208,2493,168,25,24,280,282,281,23,167],"class_list":{"0":"post-266297","1":"post","2":"type-post","3":"status-publish","4":"format-standard","5":"has-post-thumbnail","7":"category-futbol","8":"tag-africa","9":"tag-boyomo","10":"tag-camerun","11":"tag-convoca","12":"tag-copa","13":"tag-deportes","14":"tag-es","15":"tag-espana","16":"tag-football","17":"tag-futbol","18":"tag-soccer","19":"tag-spain","20":"tag-sports"},"share_on_mastodon":{"url":"https:\/\/pubeurope.com\/@es\/115646988718737009","error":""},"_links":{"self":[{"href":"https:\/\/www.europesays.com\/es\/wp-json\/wp\/v2\/posts\/266297","targetHints":{"allow":["GET"]}}],"collection":[{"href":"https:\/\/www.europesays.com\/es\/wp-json\/wp\/v2\/posts"}],"about":[{"href":"https:\/\/www.europesays.com\/es\/wp-json\/wp\/v2\/types\/post"}],"author":[{"embeddable":true,"href":"https:\/\/www.europesays.com\/es\/wp-json\/wp\/v2\/users\/2"}],"replies":[{"embeddable":true,"href":"https:\/\/www.europesays.com\/es\/wp-json\/wp\/v2\/comments?post=266297"}],"version-history":[{"count":0,"href":"https:\/\/www.europesays.com\/es\/wp-json\/wp\/v2\/posts\/266297\/revisions"}],"wp:featuredmedia":[{"embeddable":true,"href":"https:\/\/www.europesays.com\/es\/wp-json\/wp\/v2\/media\/266298"}],"wp:attachment":[{"href":"https:\/\/www.europesays.com\/es\/wp-json\/wp\/v2\/media?parent=266297"}],"wp:term":[{"taxonomy":"category","embeddable":true,"href":"https:\/\/www.europesays.com\/es\/wp-json\/wp\/v2\/categories?post=266297"},{"taxonomy":"post_tag","embeddable":true,"href":"https:\/\/www.europesays.com\/es\/wp-json\/wp\/v2\/tags?post=266297"}],"curies":[{"name":"wp","href":"https:\/\/api.w.org\/{rel}","templated":true}]}}