{"id":266305,"date":"2025-12-01T23:53:23","date_gmt":"2025-12-01T23:53:23","guid":{"rendered":"https:\/\/www.europesays.com\/es\/266305\/"},"modified":"2025-12-01T23:53:23","modified_gmt":"2025-12-01T23:53:23","slug":"dua-lipa-fascinada-con-mexico-baila-salsa-y-pasea-por-la-colonia-roma","status":"publish","type":"post","link":"https:\/\/www.europesays.com\/es\/266305\/","title":{"rendered":"Dua Lipa fascinada con M\u00e9xico, baila salsa y pasea por la colonia Roma"},"content":{"rendered":"<p id=\"ePbrHs41_1\" data-wc=\"138\">Tras poco m\u00e1s de un a\u00f1o de haber arrancado su gira Radical Optimism Tour, <strong>Dua Lipa<\/strong> aterriz\u00f3 en la Ciudad de M\u00e9xico para presentar <a class=\"hm-link ho-link\" href=\"https:\/\/www.hola.com\/us-es\/celebrities\/20250401823815\/dua-lipa-anuncia-conciertos-mexico-radical-optimism-tour\/\" data-mrf-recirculation=\"article-body-link\" rel=\"nofollow noopener\" target=\"_blank\">tres conciertos en el\u00a0Estadio GNP Seguros\u00a0<\/a>los d\u00edas 1, 2 y 5 de diciembre. La llegada un tanto anticipada de la cantante inglesa a la capital mexicana alert\u00f3 a sus fieles fan\u00e1ticos, quienes no han perdido de vista su rastro a lo largo de las horas, emocionados tambi\u00e9n por la <a class=\"hm-link ho-link\" href=\"https:\/\/www.hola.com\/us-es\/celebrities\/20251127870014\/dua-lipa-taqueria-ciudad-de-mexico-gira-radical-optimism-tour-fechas-hora-lugar\/\" data-mrf-recirculation=\"article-body-link\" rel=\"nofollow noopener\" target=\"_blank\">apertura de una taquer\u00eda temporal<\/a> inspirada en su m\u00fasica. La int\u00e9rprete de temas como Levitating\u00a0y\u00a0New Rules viaj\u00f3 en compa\u00f1\u00eda de su prometido, <strong>Callum Turner<\/strong>, y no solo se han tomado un tiempo para disfrutar de la gastronom\u00eda, pues otra de las actividades en su itinerario incluy\u00f3 su visita a un concurrido y cl\u00e1sico lugar de la colonia Roma para bailar salsa.\u00a0<\/p>\n<p> <img src=\"https:\/\/www.europesays.com\/es\/wp-content\/uploads\/2025\/12\/b031d6e457c1-gettyimages-2221218970.jpg\"   width=\"705\" height=\"1024\" loading=\"lazy\" decoding=\"async\" alt=\"Dua Lipa\" fetchpriority=\"auto\" class=\"image ho-image\"\/>\u00a9 Samir Hussein\/Getty Images for DDua Lipa<br \/>\nDua Lipa enciende la pista al ritmo de salsa en CDMX<\/p>\n<p id=\"eaT6GwMIA0g\" data-wc=\"81\">Con la disposici\u00f3n de vivir al m\u00e1ximo la experiencia de sus presentaciones, Dua Lipa aprovech\u00f3 para vivir un momento como turista tan pronto lleg\u00f3 a la Ciudad de M\u00e9xico. Este fin de semana la cantante visit\u00f3 el restaurante Contramar, en donde fue reconocida por algunos fans que hicieron fotos y videos del momento. Con la apertura que la distingue, salud\u00f3 a quienes conversaron con ella, siempre sonriente y abierta a dar muestra de su inter\u00e9s por ser cercana a su p\u00fablico.<\/p>\n<p> <img src=\"https:\/\/www.europesays.com\/es\/wp-content\/uploads\/2025\/12\/8203b4562fdc-image-3430556.jpg\"   width=\"1024\" height=\"1024\" loading=\"lazy\" decoding=\"async\" alt=\"Dua Lipa y Callum Turner\" fetchpriority=\"auto\" class=\"image ho-image\"\/>\u00a9 @dualipaDua Lipa y su prometido, Callum Turner, viajaron juntos a la CDMX<\/p>\n<p id=\"ewqBMUh80Hj\" data-wc=\"108\">Callum, su prometido, ha permanecido a su lado en todo momento. Ambos se han dejado ver por diversos puntos de la zona de la colonia Roma en algunas caminatas. Pero una de las sorpresas ocurri\u00f3 cuando la cantante fue vista en el ya concurrido Sal\u00f3n San Luis, en donde al comp\u00e1s de la orquesta del lugar dio muestra de su habilidad para bailar salsa, un instante en el que fue captada en actitud rom\u00e1ntica junto a su novio. Por supuesto, se tom\u00f3 varias fotos con los asistentes en el lugar, fascinados con el encanto de la int\u00e9rprete, siempre abierta a escribir nuevas memorias durante sus visitas al pa\u00eds.<\/p>\n<p>Un cierre de gira memorable<\/p>\n<p id=\"efjM8_AVXls\" data-wc=\"92\">Para esta ocasi\u00f3n, Dua Lipa no solo decidi\u00f3 conquistar a sus fans con m\u00fasica, pues ante el anuncio de su llegada se dio a conocer la apertura temporal de Taquer\u00eda La Dua, la cual se ubicar\u00e1 en la colonia Condesa durante los d\u00edas en que la cantante se encuentre en el pa\u00eds para ofrecer sus shows. El men\u00fa, inspirado en sus canciones, es parte de la experiencia del cierre del Radical Optimism Tour, el cual la ha llevado a recorrer desde noviembre de 2024 naciones de Asia, Europa, Estados Unidos y Latinoam\u00e9rica.<\/p>\n<p> <img src=\"https:\/\/www.europesays.com\/es\/wp-content\/uploads\/2025\/12\/0f09a51f0084-58774004918569476120043196735118096680319677n.jpg\"   width=\"1024\" height=\"1024\" loading=\"lazy\" decoding=\"async\" alt=\"Dua Lipa en su gira por estadios y arenas, Radical Optimism Tour\" fetchpriority=\"auto\" class=\"image ho-image\"\/>\u00a9 @dualipaDua Lipa en su gira por estadios y arenas, Radical Optimism Tour<br \/>\nCu\u00e1ndo son los conciertos de Dua Lipa<\/p>\n<p id=\"eFtErTH2Isa\" data-wc=\"96\">Las presentaciones de Dua Lipa est\u00e1n programadas para los d\u00edas 1, 2 y 5 de diciembre en el Estadio GNP Seguros de la Ciudad de M\u00e9xico. Se espera que la cantante inicie cada uno de los conciertos en punto de las 9 de la noche, aunque se ha informado que las puertas del recinto se abrir\u00e1n a partir de las 6 de la tarde. A la par de la presentaci\u00f3n de sus \u00e9xitos musicales pop, se espera descubrir cu\u00e1l ser\u00e1 la canci\u00f3n mexicana que la cantante interpretar\u00e1 en espa\u00f1ol, una de las mayores sorpresas del show.<\/p>\n","protected":false},"excerpt":{"rendered":"Tras poco m\u00e1s de un a\u00f1o de haber arrancado su gira Radical Optimism Tour, Dua Lipa aterriz\u00f3 en&hellip;\n","protected":false},"author":2,"featured_media":266306,"comment_status":"","ping_status":"","sticky":false,"template":"","format":"standard","meta":{"footnotes":""},"categories":[170],"tags":[517,14008,146,147,25,24,184,185,23],"class_list":{"0":"post-266305","1":"post","2":"type-post","3":"status-publish","4":"format-standard","5":"has-post-thumbnail","7":"category-musica","8":"tag-actualidad","9":"tag-dua-lipa","10":"tag-entertainment","11":"tag-entretenimiento","12":"tag-es","13":"tag-espana","14":"tag-music","15":"tag-musica","16":"tag-spain"},"share_on_mastodon":{"url":"https:\/\/pubeurope.com\/@es\/115647008497555206","error":""},"_links":{"self":[{"href":"https:\/\/www.europesays.com\/es\/wp-json\/wp\/v2\/posts\/266305","targetHints":{"allow":["GET"]}}],"collection":[{"href":"https:\/\/www.europesays.com\/es\/wp-json\/wp\/v2\/posts"}],"about":[{"href":"https:\/\/www.europesays.com\/es\/wp-json\/wp\/v2\/types\/post"}],"author":[{"embeddable":true,"href":"https:\/\/www.europesays.com\/es\/wp-json\/wp\/v2\/users\/2"}],"replies":[{"embeddable":true,"href":"https:\/\/www.europesays.com\/es\/wp-json\/wp\/v2\/comments?post=266305"}],"version-history":[{"count":0,"href":"https:\/\/www.europesays.com\/es\/wp-json\/wp\/v2\/posts\/266305\/revisions"}],"wp:featuredmedia":[{"embeddable":true,"href":"https:\/\/www.europesays.com\/es\/wp-json\/wp\/v2\/media\/266306"}],"wp:attachment":[{"href":"https:\/\/www.europesays.com\/es\/wp-json\/wp\/v2\/media?parent=266305"}],"wp:term":[{"taxonomy":"category","embeddable":true,"href":"https:\/\/www.europesays.com\/es\/wp-json\/wp\/v2\/categories?post=266305"},{"taxonomy":"post_tag","embeddable":true,"href":"https:\/\/www.europesays.com\/es\/wp-json\/wp\/v2\/tags?post=266305"}],"curies":[{"name":"wp","href":"https:\/\/api.w.org\/{rel}","templated":true}]}}