{"id":266317,"date":"2025-12-02T00:00:09","date_gmt":"2025-12-02T00:00:09","guid":{"rendered":"https:\/\/www.europesays.com\/es\/266317\/"},"modified":"2025-12-02T00:00:09","modified_gmt":"2025-12-02T00:00:09","slug":"joaquin-guzman-lopez-hijo-del-chapo-reconoce-haber-secuestrado-a-el-mayo-zambada-cuando-lo-entrego-a-las-autoridades-de-ee-uu-el-pais","status":"publish","type":"post","link":"https:\/\/www.europesays.com\/es\/266317\/","title":{"rendered":"Joaqu\u00edn Guzm\u00e1n L\u00f3pez, hijo del Chapo, reconoce haber secuestrado a El Mayo Zambada cuando lo entreg\u00f3 a las autoridades de EE UU &#8211; EL PA\u00cdS"},"content":{"rendered":"<ol>\n<li><a href=\"https:\/\/news.google.com\/rss\/articles\/CBMi-gFBVV95cUxPVDJEMW8wZHZZczhjNE9WbS1XU1A4YnZXS3N3WTR5dEEtMUpzVktJNmRGdFZTX3JqY2VxSnhrR3V6RnM4aEwyNlJRTnBFd3plZXZVR19MLW9HUTViYnpFeWZleW42cjNVdm1nQm9aY0NUUm5HT21zWlA5Sm1fVDI0VWREUHB3LTNPcnhYSWh3WjhKclhwTWtZMlE1ci1vb3A1TXlrbUU2ZWFHV0NGUkQzb3FjV25oVUYzVUNFV2NsWk11X3pMbnVvM0FPT0NaSG1ybEFrS2E4WlhXS1RoT2VqYnMwOHBoQXNpZHREaFBqWWJTQS0wV3lmNEVR?oc=5\" target=\"_blank\" rel=\"nofollow noopener\">Joaqu\u00edn Guzm\u00e1n L\u00f3pez, hijo del Chapo, reconoce haber secuestrado a El Mayo Zambada cuando lo entreg\u00f3 a las autoridades de EE UU<\/a>&nbsp;&nbsp;EL PA\u00cdS<\/li>\n<li><a href=\"https:\/\/news.google.com\/rss\/articles\/CBMiogFBVV95cUxOa1FTekN1OHRuTGRNd21hbURLdUN6MGRmYmVKenNfMk41N0ZkOHJIU1oyQ2EtMHhvek1EM1hweXVnTHFnZkFDNTUwMDgxdGlaaHgwc0xTTVNWLW9Ua3kyYlNqSlJvaWRZSE1GcHU4Z2I4VTRJUGhGYVNtT2poaThoU3FrSktRUU0ta3BTR2NwSnIyVHZ0eFl2ZVkybXZyb1ZueFE?oc=5\" target=\"_blank\" rel=\"nofollow noopener\">Joaqu\u00edn Guzm\u00e1n L\u00f3pez, hijo de El Chapo, se declara culpable en caso de narcotr\u00e1fico en EE.UU. tras acuerdo con fiscales<\/a>&nbsp;&nbsp;CNN en Espa\u00f1ol<\/li>\n<li><a href=\"https:\/\/news.google.com\/rss\/articles\/CBMi3gFBVV95cUxPdUpSeUNLazF4bUdIQ0hhN1o0YlhvNjM1eXRqY1d1akVGeEk2MkJKNHViOU5ISkltaG40bjdZWUk3WHpiX0h2cldHaDRLdVpVNGM1d3JfUVlFXzdsQ29XTlhOaV8zd21kbHhkRC1tNUU2Sk81QktLSHNJVGFsaG1mMTltbzJRV1FzeXA3M05PVXc2d2E4ckM1WWppek03clN4STVJbE1uY1dwZGtzRUtkYzM5TUhMS1VhQWNZNnR2MjhTbWNuUmNqeGlNNi0xTDlVam42Ml83bTJBdGFvNGfSAfgBQVVfeXFMUENTSWFkdTM0Vk9hcGNjSkhyaGVrbzhZRVZTcFU3Yi1BQmhMQ0VRTVZ5V0Q5bV9RWE50ZEZRVlgzOVltRFNUWWhEWWs2MDZBNm9fOXBuekl2bzVxSGpqbGFmZ2txZDlsdE53VjNDUmt3NllWQ0l2ZldQMzg0YW50UjlZbGZKSk52SlEyRWktNUtRQ1l0V1luc3hJZHRMR1NQM2xiQkUwSDVNS3lVWHZGeWd0NmZmQzNZbkZMOHhQRklhOEluTzBaSEl3Z3VaSWpXd3VRSFNkT3JEbGZWQndWWnVxdmg3RWZQeW4xRjVWZ0RDaGJBNjgxNEQ?oc=5\" target=\"_blank\" rel=\"nofollow noopener\">Este fue el papel clave que jug\u00f3 \u201cEl G\u00fcero\u201d, Joaqu\u00edn Guzm\u00e1n L\u00f3pez, dentro de la estructura de \u201cLos Chapitos\u201d<\/a>&nbsp;&nbsp;Infobae<\/li>\n<li><a href=\"https:\/\/news.google.com\/rss\/articles\/CBMiW0FVX3lxTE8yeWlnTkFOSXRWNzU4alFtVjVNdkJDZU14VjljSkx3V0hJMEhVQ1Q1WnBraGQzZnpHcHlaOTdYNWVOUnR4ZXlrb1RHNnlQQjlrTDNyem81Zzl1N0k?oc=5\" target=\"_blank\" rel=\"nofollow noopener\">Joaqu\u00edn Guzm\u00e1n, uno de los hijos de \u00abEl Chapo\u00bb, se declara culpable de cargos de narcotr\u00e1fico en EE.UU.<\/a>&nbsp;&nbsp;BBC<\/li>\n<li><a href=\"https:\/\/news.google.com\/rss\/articles\/CBMivgFBVV95cUxOcFF5UGpSejA5RFJSNGpFck95eVExNC01ODhobmdnQmRWSDRGODdMV3h5SGt3UWkxemNJLWZ2TGRVMFB2VmRiRDk2UEEwdTNTUzNoZXBrQ015R3RJbWdZbktvZFJMVmVPTXJkYXpjYmFWNmxLdlp0WGNJZ09keXJaUnFzcmJFZ0ROX3JGZU1XR0N6dXFlU3pYcm85d1JLeUJDVUNxTUdvbXI4VDFRel9kMC1aeU9mUHAwNE5od2d3?oc=5\" target=\"_blank\" rel=\"nofollow noopener\">El hijo de El Chapo cambiar\u00e1 su declaraci\u00f3n en caso de narcotr\u00e1fico<\/a>&nbsp;&nbsp;Investing.com Espa\u00f1ol<\/li>\n<\/ol>\n","protected":false},"excerpt":{"rendered":"Joaqu\u00edn Guzm\u00e1n L\u00f3pez, hijo del Chapo, reconoce haber secuestrado a El Mayo Zambada cuando lo entreg\u00f3 a las&hellip;\n","protected":false},"author":2,"featured_media":248356,"comment_status":"","ping_status":"","sticky":false,"template":"","format":"standard","meta":{"footnotes":""},"categories":[42],"tags":[17,18,13,14,11,61,62,63,64,19,20,9,10,15,16,12,21,22,65,66,67],"class_list":{"0":"post-266317","1":"post","2":"type-post","3":"status-publish","4":"format-standard","5":"has-post-thumbnail","7":"category-internacional","8":"tag-breaking-news","9":"tag-breakingnews","10":"tag-featured-news","11":"tag-featurednews","12":"tag-headlines","13":"tag-internacional","14":"tag-international","15":"tag-international-news","16":"tag-internationalnews","17":"tag-latest-news","18":"tag-latestnews","19":"tag-news","20":"tag-noticias","21":"tag-noticias-destacadas","22":"tag-noticiasdestacadas","23":"tag-titulares","24":"tag-ultimas-noticias","25":"tag-ultimasnoticias","26":"tag-world","27":"tag-world-news","28":"tag-worldnews"},"share_on_mastodon":{"url":"","error":""},"_links":{"self":[{"href":"https:\/\/www.europesays.com\/es\/wp-json\/wp\/v2\/posts\/266317","targetHints":{"allow":["GET"]}}],"collection":[{"href":"https:\/\/www.europesays.com\/es\/wp-json\/wp\/v2\/posts"}],"about":[{"href":"https:\/\/www.europesays.com\/es\/wp-json\/wp\/v2\/types\/post"}],"author":[{"embeddable":true,"href":"https:\/\/www.europesays.com\/es\/wp-json\/wp\/v2\/users\/2"}],"replies":[{"embeddable":true,"href":"https:\/\/www.europesays.com\/es\/wp-json\/wp\/v2\/comments?post=266317"}],"version-history":[{"count":0,"href":"https:\/\/www.europesays.com\/es\/wp-json\/wp\/v2\/posts\/266317\/revisions"}],"wp:featuredmedia":[{"embeddable":true,"href":"https:\/\/www.europesays.com\/es\/wp-json\/wp\/v2\/media\/248356"}],"wp:attachment":[{"href":"https:\/\/www.europesays.com\/es\/wp-json\/wp\/v2\/media?parent=266317"}],"wp:term":[{"taxonomy":"category","embeddable":true,"href":"https:\/\/www.europesays.com\/es\/wp-json\/wp\/v2\/categories?post=266317"},{"taxonomy":"post_tag","embeddable":true,"href":"https:\/\/www.europesays.com\/es\/wp-json\/wp\/v2\/tags?post=266317"}],"curies":[{"name":"wp","href":"https:\/\/api.w.org\/{rel}","templated":true}]}}