{"id":266318,"date":"2025-12-02T00:01:27","date_gmt":"2025-12-02T00:01:27","guid":{"rendered":"https:\/\/www.europesays.com\/es\/266318\/"},"modified":"2025-12-02T00:01:27","modified_gmt":"2025-12-02T00:01:27","slug":"botones-joya-y-detalles-de-terciopelo-la-reina-sofia-preside-los-premios-evolucion-y-emiliano-aguirre-en-burgos","status":"publish","type":"post","link":"https:\/\/www.europesays.com\/es\/266318\/","title":{"rendered":"Botones joya y detalles de terciopelo: la reina Sof\u00eda preside los premios Evoluci\u00f3n y Emiliano Aguirre en Burgos"},"content":{"rendered":"<p>La <a href=\"https:\/\/www.revistavanityfair.es\/articulos\/la-reina-sofia-recibe-el-toison-de-oro-discurso-felipe-conjunto-alejandro-miguel-letizia-leonor\" rel=\"nofollow noopener\" target=\"_blank\"><strong>reina Sof\u00eda<\/strong><\/a> ha viajado esta ma\u00f1ana a Burgos para asistir a los premios de Evoluci\u00f3n y la primera edici\u00f3n del premio Emiliano Aguirre, celebrados en el Museo de la Evoluci\u00f3n Humana de la ciudad. La reina em\u00e9rita, en calidad de presidenta de honor de la Fundaci\u00f3n Atapuerca, ha entregado los premios Evoluci\u00f3n a <strong>Juan Luis Arsuaga, Jos\u00e9 Mar\u00eda Berm\u00fadez de Castro<\/strong> y <strong>Eudald Carbonell<\/strong>, mientras que ha inaugurado un nuevo galard\u00f3n con la primera edici\u00f3n del premio Emiliano Aguirre concedido al Parlamento Europeo.<\/p>\n<p>La madre de <a href=\"https:\/\/www.revistavanityfair.es\/articulos\/felipe-vi-homenaje-guernica-junto-al-presidente-de-alemania\" rel=\"nofollow noopener\" target=\"_blank\"><strong>Felipe VI<\/strong><\/a> ha recurrido a su f\u00f3rmula favorita para este tipo de actos en los que existe cierta formalidad, pero al mismo tiempo es una cita de trabajo. El pantal\u00f3n oscuro combina con una chaqueta de dise\u00f1o es su conjunto estrella con el que siempre acierta. Ha elegido esta vez una original prenda en cuanto a colores y materiales, muy apropiada adem\u00e1s para el esp\u00edritu navide\u00f1o que, con las ciudades de Espa\u00f1a ya iluminadas, ha invadido a todo el mundo.<\/p>\n<p><img decoding=\"async\" alt=\"Reina Sof\u00eda\" loading=\"lazy\" class=\"ResponsiveImageContainer-eNxvmU cfBbTk responsive-image__image\"   src=\"https:\/\/www.europesays.com\/es\/wp-content\/uploads\/2025\/12\/DL_u595974_010.jpg\"\/><\/p>\n<p>GCH<\/p>\n<p>Se trata de un dise\u00f1o estampado en amarillo, negro y azul, rematado con botones joya en dorado y con el cuello y los pu\u00f1os realizados en terciopelo de color negro. Una prenda colorida y vistosa que casi hac\u00eda pasar desapercibido el broche con forma de mariposa con el que la ha decorado. La reina ha completado su estilismo con un pantal\u00f3n negro, bolso de cuero y botines de tac\u00f3n y suela de goma a juego, cedi\u00e9ndole todo el protagonismo a la chaqueta. A su llegada y para protegerse de las bajas temperaturas que hab\u00eda en Burgos, la reina llevaba un abrigo de tres cuartos acolchado, de estilo contempor\u00e1neo y funcional.<\/p>\n<p><img decoding=\"async\" alt=\"Reina Sof\u00eda\" loading=\"lazy\" class=\"ResponsiveImageContainer-eNxvmU cfBbTk responsive-image__image\"   src=\"https:\/\/www.europesays.com\/es\/wp-content\/uploads\/2025\/12\/DL_u595974_002.jpg\"\/><\/p>\n<p>GCH<\/p>\n","protected":false},"excerpt":{"rendered":"La reina Sof\u00eda ha viajado esta ma\u00f1ana a Burgos para asistir a los premios de Evoluci\u00f3n y la&hellip;\n","protected":false},"author":2,"featured_media":266319,"comment_status":"","ping_status":"","sticky":false,"template":"","format":"standard","meta":{"footnotes":""},"categories":[8],"tags":[17,18,25,24,1887,13,14,11,19,20,9,10,15,16,14586,23,12,21,22],"class_list":{"0":"post-266318","1":"post","2":"type-post","3":"status-publish","4":"format-standard","5":"has-post-thumbnail","7":"category-espana","8":"tag-breaking-news","9":"tag-breakingnews","10":"tag-es","11":"tag-espana","12":"tag-familia-real-espanola","13":"tag-featured-news","14":"tag-featurednews","15":"tag-headlines","16":"tag-latest-news","17":"tag-latestnews","18":"tag-news","19":"tag-noticias","20":"tag-noticias-destacadas","21":"tag-noticiasdestacadas","22":"tag-sofia-de-grecia","23":"tag-spain","24":"tag-titulares","25":"tag-ultimas-noticias","26":"tag-ultimasnoticias"},"share_on_mastodon":{"url":"https:\/\/pubeurope.com\/@es\/115647039984475844","error":""},"_links":{"self":[{"href":"https:\/\/www.europesays.com\/es\/wp-json\/wp\/v2\/posts\/266318","targetHints":{"allow":["GET"]}}],"collection":[{"href":"https:\/\/www.europesays.com\/es\/wp-json\/wp\/v2\/posts"}],"about":[{"href":"https:\/\/www.europesays.com\/es\/wp-json\/wp\/v2\/types\/post"}],"author":[{"embeddable":true,"href":"https:\/\/www.europesays.com\/es\/wp-json\/wp\/v2\/users\/2"}],"replies":[{"embeddable":true,"href":"https:\/\/www.europesays.com\/es\/wp-json\/wp\/v2\/comments?post=266318"}],"version-history":[{"count":0,"href":"https:\/\/www.europesays.com\/es\/wp-json\/wp\/v2\/posts\/266318\/revisions"}],"wp:featuredmedia":[{"embeddable":true,"href":"https:\/\/www.europesays.com\/es\/wp-json\/wp\/v2\/media\/266319"}],"wp:attachment":[{"href":"https:\/\/www.europesays.com\/es\/wp-json\/wp\/v2\/media?parent=266318"}],"wp:term":[{"taxonomy":"category","embeddable":true,"href":"https:\/\/www.europesays.com\/es\/wp-json\/wp\/v2\/categories?post=266318"},{"taxonomy":"post_tag","embeddable":true,"href":"https:\/\/www.europesays.com\/es\/wp-json\/wp\/v2\/tags?post=266318"}],"curies":[{"name":"wp","href":"https:\/\/api.w.org\/{rel}","templated":true}]}}