{"id":266320,"date":"2025-12-02T00:02:18","date_gmt":"2025-12-02T00:02:18","guid":{"rendered":"https:\/\/www.europesays.com\/es\/266320\/"},"modified":"2025-12-02T00:02:18","modified_gmt":"2025-12-02T00:02:18","slug":"ofrece-el-68-del-salario-a-los-mayores-de-55-anos","status":"publish","type":"post","link":"https:\/\/www.europesays.com\/es\/266320\/","title":{"rendered":"ofrece el 68% del salario a los mayores de 55 a\u00f1os"},"content":{"rendered":"<p class=\"article-text\">\n        La mesa de negociaci\u00f3n del Expediente de Regulaci\u00f3n de Empleo (ERE) de Telef\u00f3nica ha avanzado este lunes con la presentaci\u00f3n de la propuesta econ\u00f3mica oficial por parte de la empresa, que espera superar los 6.000 despidos. La operadora ha trasladado a la representaci\u00f3n social las condiciones concretas para los empleados que se acojan al plan de salidas, estableciendo diferentes tramos seg\u00fan la fecha de nacimiento.\n    <\/p>\n<p>    <a href=\"https:\/\/www.eldiario.es\/economia\/trabajo-remite-carta-sepi-tacha-indecente-ere-telefonica_1_12794798.html\" data-mrf-recirculation=\"saber-mas\" data-dl-event=\"saber-mas\" rel=\"nofollow noopener\" target=\"_blank\"><\/p>\n<p class=\"know-more__title\">Trabajo remite una carta a la SEPI en la que tacha de \u00abindecente\u00bb el ERE de Telef\u00f3nica<\/p>\n<p>            <img decoding=\"async\" class=\"lazy\" loading=\"lazy\" data-src=\"https:\/\/static.eldiario.es\/clip\/034e1642-c858-4399-94f8-712f372af1b6_16-9-aspect-ratio_default_0.jpg\" src=\"data:image\/svg+xml,%3Csvg xmlns=\" http:=\"\" viewbox=\"0 0 880 495\" alt=\"Trabajo remite una carta a la SEPI en la que tacha de &quot;indecente&quot; el ERE de Telef\u00f3nica\"\/><\/p>\n<p>                        <\/a><\/p>\n<p class=\"article-text\">\n        Para el grupo mayoritario de afectados, que comprende a los trabajadores nacidos en 1969, 1970 y 1971, la compa\u00f1\u00eda ofrece percibir un 68% del salario regulador hasta los 63 a\u00f1os. A partir de esa edad y hasta los 65, el porcentaje se ajustar\u00eda al 38%. En este grupo entrar\u00eda tambi\u00e9n los que solicitaron unirse al ERE anterior y no pudieron, unas 220 personas.\n    <\/p>\n<p class=\"article-text\">\n        En el caso de los empleados de mayor edad, nacidos en 1968 o a\u00f1os anteriores, la propuesta econ\u00f3mica se sit\u00faa en un 62% del salario regulador hasta los 63 a\u00f1os y un 34% hasta los 65. Aunque la cifra principal replica el esquema de rentas de ajustes previos, la oferta llega con una letra peque\u00f1a que ha encendido las alarmas en la bancada social: la eliminaci\u00f3n de la prima de voluntariedad que s\u00ed se abon\u00f3 en el ERE de 2024.\n    <\/p>\n<p class=\"article-text\">\n        M\u00e1s all\u00e1 de los porcentajes mensuales, el paquete de salida incluye el mantenimiento de la cobertura social, una pieza clave para hacer digerible el ajuste.\u00a0Telef\u00f3nica asumir\u00eda el coste del Convenio Especial con la Seguridad Social hasta la edad de jubilaci\u00f3n, as\u00ed como la p\u00f3liza de salud y el seguro colectivo de riesgo.\u00a0La oferta se completa con una aportaci\u00f3n extraordinaria al plan de pensiones y la cobertura de los costes de cotizaci\u00f3n durante el desempleo, intentando construir un paraca\u00eddas lo suficientemente robusto como para atraer a los trabajadores a la puerta de salida.\n    <\/p>\n<p class=\"article-text\">\n        Sin embargo, el principal escollo para el acuerdo no est\u00e1 solo en la cuant\u00eda de las rentas, sino en la voluntariedad.\u00a0Telef\u00f3nica plantea que 5.040 de las bajas sean mediante prejubilaciones a partir de los 55 a\u00f1os, lo que representa el 82% del total del ajuste, pero se reserva la potestad de ejecutar despidos forzosos si no se alcanzan las cifras previstas con adscripciones voluntarias.\n    <\/p>\n<p class=\"article-text\">\n        \u201cNuestra exigencia es la universalidad y la voluntariedad. Es decir, que no haya despidos forzosos\u201d, ha recalcado V\u00edctor Manuel Pascual, secretario general de CCOO estatal en el grupo de empresas de Telef\u00f3nica. \u201cEso todav\u00eda est\u00e1 por definir y en la siguiente reuni\u00f3n hablaremos\u201d, adelanta.\n    <\/p>\n<p class=\"article-text\">\n        La representaci\u00f3n de los trabajadores ha recordado a la empresa que la garant\u00eda de empleo vigente en el actual convenio colectivo impide la activaci\u00f3n de cualquier despido que no sea pactado, por lo que consideran inasumible firmar un acuerdo que deje en manos de la direcci\u00f3n la decisi\u00f3n final sobre qui\u00e9n abandona la compa\u00f1\u00eda.\n    <\/p>\n<p class=\"article-text\">\n        El recorte tiene adem\u00e1s una derivada pol\u00edtica in\u00e9dita respecto a los anteriores, ya que se ejecuta con el Estado sentado en el consejo de administraci\u00f3n a trav\u00e9s de la SEPI, lo que ha provocado un choque de posturas dentro del Gobierno. La vicepresidenta segunda y ministra de Trabajo, Yolanda D\u00edaz, ha calificado de<a href=\"https:\/\/www.eldiario.es\/economia\/trabajo-remite-carta-sepi-tacha-indecente-ere-telefonica_1_12794798.html\" data-mrf-recirculation=\"links-noticia\" class=\"link\" rel=\"nofollow noopener\" target=\"_blank\"> \u201cindecente\u201d <\/a>que una empresa con beneficios y participaci\u00f3n p\u00fablica plantee este volumen de despidos: \u201cel dinero p\u00fablico no est\u00e1 para despedir a nadie\u201d, ha expresado en una carta.\n    <\/p>\n<p class=\"article-text\">\n        Una posici\u00f3n que contrasta con la prudencia del ala socialista. El ministro para la Transformaci\u00f3n Digital, \u00d3scar L\u00f3pez, se ha limitado a marcar la l\u00ednea roja en el pacto social, insistiendo en que la posici\u00f3n oficial del Ejecutivo es que \u201clo que ocurra tiene que ser siempre con acuerdo de los sindicatos\u201d.\n    <\/p>\n<p>    <a href=\"https:\/\/www.eldiario.es\/tecnologia\/telefonica-suma-140-despidos-erte-filiales-llegando-total-5-459-afectados_1_12794470.html\" data-mrf-recirculation=\"saber-mas-abajo\" data-dl-event=\"saber-mas-abajo\" rel=\"nofollow noopener\" target=\"_blank\"><\/p>\n<p class=\"know-more__title\">La compa\u00f1\u00eda aspira a hacer un recorte que supere los 6.000 despidos, un 24% de la plantilla\n<\/p>\n<p>            <img decoding=\"async\" class=\"lazy\" loading=\"lazy\" data-src=\"https:\/\/static.eldiario.es\/clip\/b93d609d-6f06-485f-85aa-decefb6d05b1_16-9-aspect-ratio_default_0.jpg\" src=\"data:image\/svg+xml,%3Csvg xmlns=\" http:=\"\" viewbox=\"0 0 880 495\" alt=\"El ERE de Telef\u00f3nica supera los 6.000 despidos tras concretarse el recorte en la matriz y las filiales, un 24% de la plantilla\"\/><\/p>\n<p>                        <\/a><\/p>\n<p class=\"article-text\">\n        De forma paralela al ERE, las partes intentan avanzar en la renovaci\u00f3n del marco laboral para la plantilla que permanecer\u00e1 en el grupo. La direcci\u00f3n ha propuesto una pr\u00f3rroga del convenio colectivo que extender\u00eda su vigencia hasta el a\u00f1o 2030, entrando en vigor en 2027. En esta mesa, la batalla sindical se centra en asegurar el poder adquisitivo mediante cl\u00e1usulas de revisi\u00f3n salarial vinculadas al IPC y en corregir la doble escala salarial generada en 2011, que penaliza a los empleados m\u00e1s j\u00f3venes. El objetivo de la parte social es claro: que el dinero destinado a facilitar las salidas no sirva para precarizar las condiciones de quienes deben sostener el futuro operativo de la compa\u00f1\u00eda.\n    <\/p>\n","protected":false},"excerpt":{"rendered":"La mesa de negociaci\u00f3n del Expediente de Regulaci\u00f3n de Empleo (ERE) de Telef\u00f3nica ha avanzado este lunes con&hellip;\n","protected":false},"author":2,"featured_media":266321,"comment_status":"","ping_status":"","sticky":false,"template":"","format":"standard","meta":{"footnotes":""},"categories":[5],"tags":[12687,65879,988,17,18,17205,25,24,13,14,11,19,20,446,9,10,15,16,8400,1150,3282,9753,23,1826,12,21,22],"class_list":{"0":"post-266320","1":"post","2":"type-post","3":"status-publish","4":"format-standard","5":"has-post-thumbnail","7":"category-titulares","8":"tag-12687","9":"tag-65879","10":"tag-anos","11":"tag-breaking-news","12":"tag-breakingnews","13":"tag-ere","14":"tag-es","15":"tag-espana","16":"tag-featured-news","17":"tag-featurednews","18":"tag-headlines","19":"tag-latest-news","20":"tag-latestnews","21":"tag-mayores","22":"tag-news","23":"tag-noticias","24":"tag-noticias-destacadas","25":"tag-noticiasdestacadas","26":"tag-ofrece","27":"tag-pone","28":"tag-precio","29":"tag-salario","30":"tag-spain","31":"tag-telefonica","32":"tag-titulares","33":"tag-ultimas-noticias","34":"tag-ultimasnoticias"},"share_on_mastodon":{"url":"https:\/\/pubeurope.com\/@es\/115647043494101224","error":""},"_links":{"self":[{"href":"https:\/\/www.europesays.com\/es\/wp-json\/wp\/v2\/posts\/266320","targetHints":{"allow":["GET"]}}],"collection":[{"href":"https:\/\/www.europesays.com\/es\/wp-json\/wp\/v2\/posts"}],"about":[{"href":"https:\/\/www.europesays.com\/es\/wp-json\/wp\/v2\/types\/post"}],"author":[{"embeddable":true,"href":"https:\/\/www.europesays.com\/es\/wp-json\/wp\/v2\/users\/2"}],"replies":[{"embeddable":true,"href":"https:\/\/www.europesays.com\/es\/wp-json\/wp\/v2\/comments?post=266320"}],"version-history":[{"count":0,"href":"https:\/\/www.europesays.com\/es\/wp-json\/wp\/v2\/posts\/266320\/revisions"}],"wp:featuredmedia":[{"embeddable":true,"href":"https:\/\/www.europesays.com\/es\/wp-json\/wp\/v2\/media\/266321"}],"wp:attachment":[{"href":"https:\/\/www.europesays.com\/es\/wp-json\/wp\/v2\/media?parent=266320"}],"wp:term":[{"taxonomy":"category","embeddable":true,"href":"https:\/\/www.europesays.com\/es\/wp-json\/wp\/v2\/categories?post=266320"},{"taxonomy":"post_tag","embeddable":true,"href":"https:\/\/www.europesays.com\/es\/wp-json\/wp\/v2\/tags?post=266320"}],"curies":[{"name":"wp","href":"https:\/\/api.w.org\/{rel}","templated":true}]}}