{"id":266328,"date":"2025-12-02T00:11:12","date_gmt":"2025-12-02T00:11:12","guid":{"rendered":"https:\/\/www.europesays.com\/es\/266328\/"},"modified":"2025-12-02T00:11:12","modified_gmt":"2025-12-02T00:11:12","slug":"primera-entrevista-a-balde-desde-que-llego-al-cd-tenerife-aclara-como-le-gusta-que-le-llamen-y-alucina-con-aitor-sanz-futbol","status":"publish","type":"post","link":"https:\/\/www.europesays.com\/es\/266328\/","title":{"rendered":"Primera entrevista a Balde desde que lleg\u00f3 al CD Tenerife: aclara c\u00f3mo le gusta que le llamen y alucina con Aitor Sanz | F\u00fatbol"},"content":{"rendered":"<p class=\"loc\">Santa Cruz de Tenerife<\/p>\n<p>Primera entrevista a Mahamadou Balde desde <a href=\"\" target=\"_blank\" rel=\"nofollow\" title=\"\">su aterrizaje en el CD Tenerife<\/a>. El delantero blanquiazul ha sido protagonista en el podcast The After. Durante la conversaci\u00f3n, aborda asuntos tan espinosos como el racismo, el fallecimiento reciente de su padre o sus dificultades para salir de la Lazio.<\/p>\n<p><b>Una lesi\u00f3n grave. <\/b>\u00abFue duro, porque adem\u00e1s lleg\u00f3 en un buen momento m\u00edo y cuando ya estaba en din\u00e1mica de primer equipo con la Lazio. Al estar solo all\u00ed, es verdad que cuando me oper\u00e9 vino mi padre estar dos semanas conmigo&#8230; pero luego todo tuve que hacerlo solo: la rehabilitaci\u00f3n y todo lo dem\u00e1s. Y es un proceso complicado, sobre todo los primeros meses. Sent\u00ed mucho dolor, se me hac\u00eda dif\u00edcil incluso doblar la rodilla. Lleg\u00f3 un momento en que no ten\u00eda ni ganas de ir\u00bb.<\/p>\n<p><b>Ten\u00eda dudas. <\/b>\u00abNo sab\u00eda c\u00f3mo volver\u00eda, si ser\u00eda m\u00e1s lento o m\u00e1s r\u00e1pido. Luchas contigo mismo, pero la verdad es que me recuper\u00e9 r\u00e1pido. A los cuatro meses ya estaba de nuevo en el campo, cuando el plazo inicial apuntaba a seis. El doctor pidi\u00f3 calma porque el entrenador me quer\u00eda poner ya; y cuando volv\u00ed, ya en el primer partido encar\u00e9 y me sent\u00ed bien, incluso mejor que antes\u00bb.<\/p>\n<p><b>Coincidi\u00f3 con Pedro Rodr\u00edguez. <\/b>\u00abEn el Lazio, era el mejor. Jugaba igual en la derecha, en la izquierda, hac\u00eda regates r\u00e1pidos en espacios cortos&#8230; Para m\u00ed, era el que marcaba las diferencias, de largo. \u00c9l no es mucho de hablar, es calladito como yo. El d\u00eda de debutar en la Europa League fue muy especial. No me lo esperaba, porque nadie debutaba all\u00ed, era muy dif\u00edcil. Pero fui convocado junto a otro jugador (del B), expulsaron a uno de la Real y nos pusimos 3-0, as\u00ed que se dieron las circunstancias para que nos dieran minutos\u00bb.<\/p>\n<p><b>Racismo. <\/b>\u00abEn Italia, no solo en la Lazio sino en general, da igual el estadio que sea&#8230; era muy com\u00fan que se hiciera el grito del mono. Y eso yo lo he escuchado m\u00e1s de una vez. Es algo t\u00edpico all\u00ed. No se castiga, como s\u00ed se hace en Espa\u00f1a. No puede ser que a un jugador negro, a la m\u00ednima se le silbe o se le compare como un mono. Si es de tu equipo, no dicen nada; si est\u00e1s en el rival, s\u00ed que lo notas\u00bb.<\/p>\n<p><b>Quiso irse antes. <\/b>\u00abYa en enero plante\u00e9 a la Lazio que me quer\u00eda ir a Espa\u00f1a. Se lo comunicamos al director y tambi\u00e9n al responsable del equipo Primavera. Y en verano, cuando viene el Tenerife&#8230; es que era un equipo hist\u00f3rico y con el claro objetivo de volver a Segunda. Me hablaron muy bien, me dijeron que me quer\u00edan y dije, pues vamos\u00bb.<\/p>\n<p><b>C\u00f3mo vive en la Isla. <\/b>\u00abEs un sitio muy diferente a otros lados donde he estado. En el club hay gente buena, y el entorno es mucho m\u00e1s tranquilo&#8230; Con Cervera al principio no jugaba, pero ahora s\u00ed que estoy teniendo minutos. En la categor\u00eda (Primera RFEF) hay muchos m\u00e1s jugadores j\u00f3venes que antes; y hay equipos filiales tambi\u00e9n. Es una buena competici\u00f3n\u00bb.<\/p>\n<p><b>Su demarcaci\u00f3n favorita. <\/b>\u00abMe gusta jugar de extremo izquierdo. Puedo hacerlo tambi\u00e9n por la derecha, de nueve o con dos puntas. Aqu\u00ed he coincidido con Enric Gallego, al que iba a ver a los partidos del Cornell\u00e1. En su momento era un club que estaba muy bien y el delantero era \u00e9l. No digo que fuera mi \u00eddolo, pero era de los mejores del equipo; y justo este a\u00f1o me lo he encontrado aqu\u00ed\u00bb. <\/p>\n<p><b>Aitor Sanz. <\/b>\u00abCorre como un chaval. Ves los metros que hace y no parece que tenga 40 a\u00f1os. El m\u00e1s r\u00e1pido soy yo. Estamos en una categor\u00eda mucho m\u00e1s profesional de lo que pueda ser esta misma divisi\u00f3n en Italia. Adem\u00e1s, hay muchos estadios grandes. Todo est\u00e1 muy profesionalizado, es una muy buena liga, la verdad\u00bb.<\/p>\n<p>En la entrevista, por cierto, el jugador blanquiazul aclar\u00f3 que su nombre no es Balde J.R. -como aparece en su camiseta por error- y cont\u00f3 cu\u00e1les son sus or\u00edgenes.<\/p>\n<blockquote class=\"twitter-tweet\">\n<p lang=\"es\" dir=\"ltr\">Un dato que es una absoluta barbaridad: 11 futbolistas diferentes han visto porter\u00eda esta temporada en el <a href=\"https:\/\/twitter.com\/CDTOficial?ref_src=twsrc%5Etfw\" rel=\"nofollow noopener\" target=\"_blank\">@CDTOficial<\/a> <\/p>\n<p>\ud83c\udfaf De Miguel<br \/>\ud83c\udfaf Nacho Gil<br \/>\ud83c\udfaf Maikel Mesa <br \/>\ud83c\udfaf Dani Fern\u00e1ndez<br \/>\ud83c\udfaf Ulloa<br \/>\ud83c\udfaf Enric Gallego<br \/>\ud83c\udfaf \u00c1lvaro Gonz\u00e1lez<br \/>\ud83c\udfaf Land\u00e1zuri <br \/>\ud83c\udfaf Balde Jr<br \/>\ud83c\udfaf Aitor Sanz<br \/>\ud83c\udfaf Fabricio <a href=\"https:\/\/t.co\/dCmQiEaGQb\" rel=\"nofollow\">pic.twitter.com\/dCmQiEaGQb<\/a><\/p>\n<p>\u2014 MANOJ DASWANI \ud83c\udff4\udb40\udc67\udb40\udc62\udb40\udc73\udb40\udc63\udb40\udc74\udb40\udc7f (@mdaswani) <a href=\"https:\/\/twitter.com\/mdaswani\/status\/1994903339016835487?ref_src=twsrc%5Etfw\" rel=\"nofollow noopener\" target=\"_blank\">November 29, 2025<\/a><\/p><\/blockquote>\n<p>Adem\u00e1s, cont\u00f3 que dej\u00f3 los estudios hace tiempo y est\u00e1 \u00abcentrado al f\u00fatbol al 100%\u00bb. <\/p>\n<p>Tambi\u00e9n dijo que ser\u00eda su gran sue\u00f1o \u00abjugar con la selecci\u00f3n de Senegal\u00bb, porque ser\u00eda seguir con el legado de su padre.<\/p>\n<p><script async src=\"https:\/\/platform.twitter.com\/widgets.js\" charset=\"utf-8\"><\/script><\/p>\n","protected":false},"excerpt":{"rendered":"Santa Cruz de Tenerife Primera entrevista a Mahamadou Balde desde su aterrizaje en el CD Tenerife. El delantero&hellip;\n","protected":false},"author":2,"featured_media":266329,"comment_status":"","ping_status":"","sticky":false,"template":"","format":"standard","meta":{"footnotes":""},"categories":[268],"tags":[168,25,24,280,282,281,23,167],"class_list":{"0":"post-266328","1":"post","2":"type-post","3":"status-publish","4":"format-standard","5":"has-post-thumbnail","7":"category-futbol","8":"tag-deportes","9":"tag-es","10":"tag-espana","11":"tag-football","12":"tag-futbol","13":"tag-soccer","14":"tag-spain","15":"tag-sports"},"share_on_mastodon":{"url":"https:\/\/pubeurope.com\/@es\/115647079138581763","error":""},"_links":{"self":[{"href":"https:\/\/www.europesays.com\/es\/wp-json\/wp\/v2\/posts\/266328","targetHints":{"allow":["GET"]}}],"collection":[{"href":"https:\/\/www.europesays.com\/es\/wp-json\/wp\/v2\/posts"}],"about":[{"href":"https:\/\/www.europesays.com\/es\/wp-json\/wp\/v2\/types\/post"}],"author":[{"embeddable":true,"href":"https:\/\/www.europesays.com\/es\/wp-json\/wp\/v2\/users\/2"}],"replies":[{"embeddable":true,"href":"https:\/\/www.europesays.com\/es\/wp-json\/wp\/v2\/comments?post=266328"}],"version-history":[{"count":0,"href":"https:\/\/www.europesays.com\/es\/wp-json\/wp\/v2\/posts\/266328\/revisions"}],"wp:featuredmedia":[{"embeddable":true,"href":"https:\/\/www.europesays.com\/es\/wp-json\/wp\/v2\/media\/266329"}],"wp:attachment":[{"href":"https:\/\/www.europesays.com\/es\/wp-json\/wp\/v2\/media?parent=266328"}],"wp:term":[{"taxonomy":"category","embeddable":true,"href":"https:\/\/www.europesays.com\/es\/wp-json\/wp\/v2\/categories?post=266328"},{"taxonomy":"post_tag","embeddable":true,"href":"https:\/\/www.europesays.com\/es\/wp-json\/wp\/v2\/tags?post=266328"}],"curies":[{"name":"wp","href":"https:\/\/api.w.org\/{rel}","templated":true}]}}