{"id":266330,"date":"2025-12-02T00:12:11","date_gmt":"2025-12-02T00:12:11","guid":{"rendered":"https:\/\/www.europesays.com\/es\/266330\/"},"modified":"2025-12-02T00:12:11","modified_gmt":"2025-12-02T00:12:11","slug":"asi-se-hace-blake-lively-sus-clasicas-ondas-hollywood","status":"publish","type":"post","link":"https:\/\/www.europesays.com\/es\/266330\/","title":{"rendered":"as\u00ed se hace Blake Lively sus cl\u00e1sicas ondas Hollywood"},"content":{"rendered":"\n<p> En plena pandemia, Blake Lively se atrevi\u00f3 a te\u00f1irse ella misma el pelo, <a href=\"https:\/\/www.vanitatis.elconfidencial.com\/estilo\/belleza\/2021-02-15\/blake-lively-ryan-reynolds-tine-raices-pelo-en-casa_2951328\/\" target=\"_self\" rel=\"nofollow noopener\">con la ayuda de su marido, Ryan Reynolds<\/a>. Tan solo una prueba m\u00e1s de su dominio en el terreno capilar.\u00a0Su melena es, desde los inicios de su carrera, una de las <strong>partes fundamentales de su ic\u00f3nico look<\/strong>. Gracias a su \u00faltimo post en Instagram, ahora tambi\u00e9n sabemos c\u00f3mo se hace las ondas, esas que siempre lleva tanto en sus paseos de inc\u00f3gnito como en la alfombra roja.\u00a0 <\/p>\n<p> Para sorpresa de todos, ese acabado de ondas en zigzag, <strong>perfectamente <\/strong>geom\u00e9tricas, abiertas y ladeadas, al estilo old Hollywood, no siempre se las hacen las expertas manos de un peluquero profesional.  <\/p>\n<p> La propia Blake se apa\u00f1a ella sola utilizando algunos de los productos de <a href=\"https:\/\/www.vanitatis.elconfidencial.com\/estilo\/belleza\/2024-08-01\/blake-lively-lanza-marca-cuidado-capilar-blake-brown_3935146\/\" target=\"_self\" rel=\"nofollow noopener\">su marca, <\/a>, y un rizador angulado y en un tiempo r\u00e9cord, asegura que se hace este peinado en solo 8 minutos. \u201c\u00a1Genial r\u00e1pido para mam\u00e1s y chicas con prisa!\u201d, promete.\u00a0 <\/p>\n<p>                Blake Lively con sus ondas de 8 minutos. (Getty\/Gareth Cattermole)           El paso a paso           <\/p>\n<p> Una parte crucial de su peinado, un paso que repite una y otra vez, es el cepillado. Con el cabello limpio y seco, lo cepilla para eliminar cualquier enredo. Para preparar el cabello y <a href=\"https:\/\/www.vanitatis.elconfidencial.com\/estilo\/belleza\/2025-04-18\/celebrities-hollywood-obsesionadas-volumen-raiz-pelo_4110317\/\" target=\"_self\" rel=\"nofollow noopener\">evitar, por un lado, el encrespamiento<\/a>, y por el otro ganar volumen, primero pulveriza el acondicionador sin aclarado de su marca, All-In-Wonder Leave-In Potion mech\u00f3n a mech\u00f3n.\u00a0 <\/p>\n<blockquote class=\"instagram-media\" data-instgrm-permalink=\"https:\/\/www.instagram.com\/reel\/DRi6DXLAMdh\/?utm_source=ig_embed&amp;utm_campaign=loading\" data-instgrm-version=\"14\" style=\" background:#FFF; border:0; border-radius:3px; box-shadow:0 0 1px 0 rgba(0,0,0,0.5),0 1px 10px 0 rgba(0,0,0,0.15); margin: 1px; max-width:540px; min-width:326px; padding:0; width:99.375%; width:-webkit-calc(100% - 2px); width:calc(100% - 2px);\"\/>\n<p> Dependiendo de la ocasi\u00f3n, y para conseguir volumen en la ra\u00edz, aplica, como ella misma puntualiza: una ingente cantidad de su Glam Mousse, \u201cno puedo hacer un look de noche sin nuestra<strong> Glam Mousse<\/strong>\u2026 literalmente siento que, como m\u00ednimo, cuadruplica mi volumen\u201d. <\/p>\n<p>TE PUEDE INTERESAR<\/p>\n<p>    <img decoding=\"async\" class=\"inTextNews__img\" alt=\"Foto: Blake Lively durante la promoci\u00f3n de 'Romper el c\u00edrculo'. (Getty\/Gareth Cattermole)\" src=\"https:\/\/www.europesays.com\/es\/wp-content\/uploads\/2025\/12\/f.elconfidencial.com\/original\/3cd\/b38\/daa\/3cdb38daaf9b9135f95ec18c4ea496d5.jpg\"  \/>          <a class=\"inTextNews__title\" href=\"https:\/\/www.vanitatis.elconfidencial.com\/estilo\/belleza\/2024-09-27\/acondicionador-pelo-blake-lively_3969824\/\" onclick=\"window.ECCO.emit(&#039;amplitude&#039;, { dataEventName: &#039;click_related_article_module&#039;, data: { related_article_url: &#039;https:\/\/www.vanitatis.elconfidencial.com\/estilo\/belleza\/2024-09-27\/acondicionador-pelo-blake-lively_3969824\/&#039;, related_article_author: &#039;Margarita Velasco&#039;, related_article_section: &#039;belleza&#039; } })\" rel=\"nofollow noopener\" target=\"_blank\"> He probado el acondicionador de Blake Lively y esto es lo que dice mi pelo <\/a>   <\/p>\n<p>    Margarita Velasco   <\/p>\n<p> Y llegamos a la maestr\u00eda peluquera de Blake Lively. Con ayuda de un<strong> rizador angulado<\/strong>, una tenacilla con un mango m\u00e1s c\u00f3modo, la actriz respeta un palmo de cabello desde la ra\u00edz y comienza a enrollar el cabello en el barril, desde esa altura hasta la punta, para que la onda sea homog\u00e9nea. Uno de sus trucos es que siempre se tiene que sostener el barril en horizontal.\u00a0 <\/p>\n<p>                Blake Lively con ondas Hollywood m\u00e1s definidas. (Gtres\/Gregory Pace\/Shutterstock)            <\/p>\n<p> Cuando libera el cabello, siempre suelta el bucle primero en la mano, pulverizando laca encima y soltando con cuidado el mech\u00f3n para que <strong>la onda mantenga la definici\u00f3n<\/strong>. El consejo de Blake es aplica siempre, mucha laca, sin miedo. <\/p>\n<p> La actriz repite el proceso en toda su larga melena y cuando ya est\u00e1 todo el cabello modelado,<strong> cepilla hacia atr\u00e1s tus ra\u00edces con un cepillo de cerdas anchas<\/strong> para obtener m\u00e1s volumen.  <\/p>\n<p>TE PUEDE INTERESAR<\/p>\n<p>    <img decoding=\"async\" class=\"inTextNews__img\" alt=\"Foto: Zendaya, en la 93 edici\u00f3n de los Oscar. (Getty\/Pool\/Chris Pizzello)\" src=\"https:\/\/www.europesays.com\/es\/wp-content\/uploads\/2025\/12\/f.elconfidencial.com\/original\/e6b\/ccd\/a0c\/e6bccda0c3170b618e8841d794b49f0b.jpg\"  \/>          <a class=\"inTextNews__title\" href=\"https:\/\/www.vanitatis.elconfidencial.com\/estilo\/belleza\/2022-02-02\/cepillos-pelo-celebrities-peines-famosas_3367407\/\" onclick=\"window.ECCO.emit(&#039;amplitude&#039;, { dataEventName: &#039;click_related_article_module&#039;, data: { related_article_url: &#039;https:\/\/www.vanitatis.elconfidencial.com\/estilo\/belleza\/2022-02-02\/cepillos-pelo-celebrities-peines-famosas_3367407\/&#039;, related_article_author: &#039;Margarita Velasco&#039;, related_article_section: &#039;belleza&#039; } })\" rel=\"nofollow noopener\" target=\"_blank\"> Los cepillos de las celebrities, a examen: precios, firmas y propiedades <\/a>   <\/p>\n<p>    Margarita Velasco   <\/p>\n<p> Blake <strong>comienza peinando la parte posterior y la nuca<\/strong>, dejando para el final la parte superior. El efecto es un poco como si cardara la melena, lo que tambi\u00e9n ayuda a que las ondas se desdibujen un poco y queden menos definidas y m\u00e1s naturales. <\/p>\n<p>                Las ondas en zigzag de Blake Lively. (Gtres\/Johns PKI \/ SplashNews.com)            <\/p>\n<p> Cuando ya tiene toda la melena ondulada, ba\u00f1ada en laca y cepillada. Vuelve a repetir el proceso, el paso final siempre es cepillar el cabello para lograr esas <strong>ondas de diva de Hollywood de los a\u00f1os 40-50<\/strong>, esponjosas y abiertas que Blake define como \u201crizos definidos para cuando tienes prisa, pero quieres un look glamuroso r\u00e1pido para una ocasi\u00f3n especial\u201d. <\/p>\n<blockquote class=\"instagram-media\" data-instgrm-permalink=\"https:\/\/www.instagram.com\/reel\/DP0VjF2gKpb\/?utm_source=ig_embed&amp;utm_campaign=loading\" data-instgrm-version=\"14\" style=\" background:#FFF; border:0; border-radius:3px; box-shadow:0 0 1px 0 rgba(0,0,0,0.5),0 1px 10px 0 rgba(0,0,0,0.15); margin: 1px; max-width:540px; min-width:326px; padding:0; width:99.375%; width:-webkit-calc(100% - 2px); width:calc(100% - 2px);\"\/>\n<p> Aunque el tutorial flash se trate de una forma de promocionar su marca de cuidado capilar, lo cierto es que Blake lleva a\u00f1os demostrando que se apa\u00f1a mucho tanto ti\u00f1endo como cuidando el cabello o pein\u00e1ndolo, as\u00ed que su pelo se ha convertido en su verdadero cartel de publicidad, una herramienta con la que juega cada vez que estrena una pel\u00edcula. Vaya a donde vaya, sabemos que el look de Blake Lively vendr\u00e1 acompa\u00f1ado de un peinado muy top, as\u00ed que nos apuntamos sus truquitos para unas ondas flash&#8230; <strong>\u00bfLo lograremos hacer tambi\u00e9n en 8 minutos?<\/strong> <\/p>\n<p> En plena pandemia, Blake Lively se atrevi\u00f3 a te\u00f1irse ella misma el pelo, <a href=\"https:\/\/www.vanitatis.elconfidencial.com\/estilo\/belleza\/2021-02-15\/blake-lively-ryan-reynolds-tine-raices-pelo-en-casa_2951328\/\" target=\"_self\" rel=\"nofollow noopener\">con la ayuda de su marido, Ryan Reynolds<\/a>. Tan solo una prueba m\u00e1s de su dominio en el terreno capilar.\u00a0Su melena es, desde los inicios de su carrera, una de las <strong>partes fundamentales de su ic\u00f3nico look<\/strong>. Gracias a su \u00faltimo post en Instagram, ahora tambi\u00e9n sabemos c\u00f3mo se hace las ondas, esas que siempre lleva tanto en sus paseos de inc\u00f3gnito como en la alfombra roja.\u00a0 <\/p>\n<p>              <script async src=\"\/\/www.instagram.com\/embed.js\"><\/script><\/p>\n","protected":false},"excerpt":{"rendered":"En plena pandemia, Blake Lively se atrevi\u00f3 a te\u00f1irse ella misma el pelo, con la ayuda de su&hellip;\n","protected":false},"author":2,"featured_media":266331,"comment_status":"","ping_status":"","sticky":false,"template":"","format":"standard","meta":{"footnotes":""},"categories":[174],"tags":[255,146,147,25,24,256,23],"class_list":{"0":"post-266330","1":"post","2":"type-post","3":"status-publish","4":"format-standard","5":"has-post-thumbnail","7":"category-famosos","8":"tag-celebrities","9":"tag-entertainment","10":"tag-entretenimiento","11":"tag-es","12":"tag-espana","13":"tag-famosos","14":"tag-spain"},"share_on_mastodon":{"url":"https:\/\/pubeurope.com\/@es\/115647083625156089","error":""},"_links":{"self":[{"href":"https:\/\/www.europesays.com\/es\/wp-json\/wp\/v2\/posts\/266330","targetHints":{"allow":["GET"]}}],"collection":[{"href":"https:\/\/www.europesays.com\/es\/wp-json\/wp\/v2\/posts"}],"about":[{"href":"https:\/\/www.europesays.com\/es\/wp-json\/wp\/v2\/types\/post"}],"author":[{"embeddable":true,"href":"https:\/\/www.europesays.com\/es\/wp-json\/wp\/v2\/users\/2"}],"replies":[{"embeddable":true,"href":"https:\/\/www.europesays.com\/es\/wp-json\/wp\/v2\/comments?post=266330"}],"version-history":[{"count":0,"href":"https:\/\/www.europesays.com\/es\/wp-json\/wp\/v2\/posts\/266330\/revisions"}],"wp:featuredmedia":[{"embeddable":true,"href":"https:\/\/www.europesays.com\/es\/wp-json\/wp\/v2\/media\/266331"}],"wp:attachment":[{"href":"https:\/\/www.europesays.com\/es\/wp-json\/wp\/v2\/media?parent=266330"}],"wp:term":[{"taxonomy":"category","embeddable":true,"href":"https:\/\/www.europesays.com\/es\/wp-json\/wp\/v2\/categories?post=266330"},{"taxonomy":"post_tag","embeddable":true,"href":"https:\/\/www.europesays.com\/es\/wp-json\/wp\/v2\/tags?post=266330"}],"curies":[{"name":"wp","href":"https:\/\/api.w.org\/{rel}","templated":true}]}}