{"id":266334,"date":"2025-12-02T00:15:14","date_gmt":"2025-12-02T00:15:14","guid":{"rendered":"https:\/\/www.europesays.com\/es\/266334\/"},"modified":"2025-12-02T00:15:14","modified_gmt":"2025-12-02T00:15:14","slug":"mayeli-responde-por-fin-la-pregunta-mas-repetida-de-la-isla-de-las-tentaciones-estas-embarazada","status":"publish","type":"post","link":"https:\/\/www.europesays.com\/es\/266334\/","title":{"rendered":"Mayeli responde, por fin, la pregunta m\u00e1s repetida de &#8216;La isla de las tentaciones&#8217;: \u00ab\u00bfEst\u00e1s embarazada?\u00bb"},"content":{"rendered":"<p class=\"c-paragraph\">Las redes sociales llevaban meses especulando sobre un posible embarazo de Mayeli D\u00edaz, participante de <b><a href=\"https:\/\/www.20minutos.es\/tags\/temas\/la-isla-de-las-tentaciones.html\" title=\"La isla de las tentaciones\" rel=\"nofollow noopener\" target=\"_blank\">La isla de las tentaciones<\/a><\/b>. Los rumores crecieron tras la <a href=\"https:\/\/www.20minutos.es\/television\/mayeli-estalla-llega-hasta-villa-los-chicos-isla-las-tentaciones-alvaro-que-estas-haciendo_6903272_0.html\" title=\"Mayeli estalla y llega hasta la villa de los chicos en &#039;La isla de las tentaciones&#039;: &quot;\u00a1\u00bf\u00c1lvaro, qu\u00e9 est\u00e1s haciendo?!&quot;\" rel=\"nofollow noopener\" target=\"_blank\">irrupci\u00f3n de la joven en Villa Monta\u00f1a para encarar a \u00c1lvaro Rubio y a \u00c9rika<\/a>. Ahora, por fin, la confirmaci\u00f3n se ha hecho p\u00fablica en la hoguera de las consecuencias.<\/p>\n<p class=\"c-paragraph\">Tras un reencuentro tenso con <b><a href=\"https:\/\/www.20minutos.es\/tags\/autores\/sandra-barneda-1.html\" title=\"Sandra Barneda\" rel=\"nofollow noopener\" target=\"_blank\">Sandra Barneda<\/a><\/b>, \u00c1lvaro vio im\u00e1genes junto a Erika y recibi\u00f3 reproches por su pasado de infidelidades, entre ellas los \u00abcuernos\u00bb a \u00c9rika precisamente con Mayeli. Al l\u00edmite, el participante se levant\u00f3 y lanz\u00f3 la frase que sell\u00f3 la noche: \u00abMira, Sandra. <b>Voy a ser completamente sincero&#8230; Mayeli y yo vamos a ser padres<\/b>\u00ab.<\/p>\n<p class=\"c-paragraph\">La revelacion dejo a Barneda en shock: \u00ab<b>\u00bfPerdona? \u00bfMayeli, est\u00e1s embarazada?\u00bb<\/b>. Ante el silencio inicial, la presentadora insisti\u00f3: \u00abMayeli, por favor, \u00bfme puedes contestar?\u00bb. Fue entonces cuando <b>ella asumi\u00f3 p\u00fablicamente<\/b> lo que durante meses se habia comentado en TikTok, Instagram y X. \u00abS\u00ed, estoy embarazada\u00bb, aclar\u00f3, finalmente.<\/p>\n<p class=\"c-paragraph\">Visiblemente enfadada por el momento elegido por \u00c1lvaro, Mayeli le reprocho: \u00abEso es algo que me corresponde decir a m\u00ed, <b>no te corresponde a ti<\/b>\u00ab. \u00c9l replic\u00f3 sin entender el conflicto: \u00ab\u00bfPor qu\u00e9 ocultar algo que para nosotros es maravilloso?\u00bb. La joven contest\u00f3 tajante: \u00ab<b>Es mi cuerpo y si quiero lo digo y, si no, no<\/b>\u00ab.<\/p>\n<p class=\"c-paragraph\">La tensi\u00f3n emocional llevo a \u00c1lvaro a romperse y abandonar la hoguera entre l\u00e1grimas, hasta quedar tirado en la orilla, clamando: \u00abNo puede ser, no le he hecho nada\u00bb. Mientras, Mayeli confirmaba intentando ordenar sus dudas: \u00ab\u00bfQu\u00e9 hago?&#8230; <b>Estoy hecha un mar de dudas<\/b>\u00ab.<\/p>\n<p class=\"c-paragraph\">La <b>expulsi\u00f3n fulminante<\/b> de ambos puso el foco en los riesgos del reality. Barneda les reprendi\u00f3: \u00ab<b>\u00bfC\u00f3mo se os ocurre venir a La isla de las tentaciones\u00a0embarazados?<\/b> \u00bfQu\u00e9 pretend\u00edais?\u00bb. \u00c1lvaro asumi\u00f3 la culpa: \u00abS\u00e9 que <b>no ten\u00edamos que haber venido<\/b>&#8230; No necesitaba esta prueba para saber que quiero estar con ella\u00bb.<\/p>\n","protected":false},"excerpt":{"rendered":"Las redes sociales llevaban meses especulando sobre un posible embarazo de Mayeli D\u00edaz, participante de La isla de&hellip;\n","protected":false},"author":2,"featured_media":266335,"comment_status":"","ping_status":"","sticky":false,"template":"","format":"standard","meta":{"footnotes":""},"categories":[171],"tags":[146,147,25,24,14896,1179,65881,9464,1259,23,214],"class_list":{"0":"post-266334","1":"post","2":"type-post","3":"status-publish","4":"format-standard","5":"has-post-thumbnail","7":"category-tv","8":"tag-entertainment","9":"tag-entretenimiento","10":"tag-es","11":"tag-espana","12":"tag-finalmente","13":"tag-mas","14":"tag-mayeli","15":"tag-pregunta","16":"tag-responde","17":"tag-spain","18":"tag-tv"},"share_on_mastodon":{"url":"https:\/\/pubeurope.com\/@es\/115647095019047053","error":""},"_links":{"self":[{"href":"https:\/\/www.europesays.com\/es\/wp-json\/wp\/v2\/posts\/266334","targetHints":{"allow":["GET"]}}],"collection":[{"href":"https:\/\/www.europesays.com\/es\/wp-json\/wp\/v2\/posts"}],"about":[{"href":"https:\/\/www.europesays.com\/es\/wp-json\/wp\/v2\/types\/post"}],"author":[{"embeddable":true,"href":"https:\/\/www.europesays.com\/es\/wp-json\/wp\/v2\/users\/2"}],"replies":[{"embeddable":true,"href":"https:\/\/www.europesays.com\/es\/wp-json\/wp\/v2\/comments?post=266334"}],"version-history":[{"count":0,"href":"https:\/\/www.europesays.com\/es\/wp-json\/wp\/v2\/posts\/266334\/revisions"}],"wp:featuredmedia":[{"embeddable":true,"href":"https:\/\/www.europesays.com\/es\/wp-json\/wp\/v2\/media\/266335"}],"wp:attachment":[{"href":"https:\/\/www.europesays.com\/es\/wp-json\/wp\/v2\/media?parent=266334"}],"wp:term":[{"taxonomy":"category","embeddable":true,"href":"https:\/\/www.europesays.com\/es\/wp-json\/wp\/v2\/categories?post=266334"},{"taxonomy":"post_tag","embeddable":true,"href":"https:\/\/www.europesays.com\/es\/wp-json\/wp\/v2\/tags?post=266334"}],"curies":[{"name":"wp","href":"https:\/\/api.w.org\/{rel}","templated":true}]}}