{"id":266353,"date":"2025-12-02T00:31:24","date_gmt":"2025-12-02T00:31:24","guid":{"rendered":"https:\/\/www.europesays.com\/es\/266353\/"},"modified":"2025-12-02T00:31:24","modified_gmt":"2025-12-02T00:31:24","slug":"el-ciclismo-ibicenco-entre-los-trofeos-de-la-challenge-ciclisme-pitius","status":"publish","type":"post","link":"https:\/\/www.europesays.com\/es\/266353\/","title":{"rendered":"El ciclismo ibicenco entre los trofeos de la Challenge Ciclisme Piti\u00fas"},"content":{"rendered":"<p>El ciclismo pitiuso vivi\u00f3 ayer uno de sus d\u00edas grandes. La delegaci\u00f3n ibicenca celebr\u00f3 en el Centro Cultural de Jes\u00fas la entrega de trofeos de la <strong>Challenge Ciclisme Piti\u00fas<\/strong> de BTT y carretera. Una cita que reconoci\u00f3 a los mejores ciclistas de la isla.<\/p>\n<p>En la modalidad de bicicleta de monta\u00f1a, en la <strong>general absoluta<\/strong> el campe\u00f3n de Ibiza y Formentera fue <strong>\u00c1lvaro Andrade<\/strong> con <strong>1.070 puntos<\/strong>, aventajando con claridad a <strong>\u00d3scar Reyes<\/strong> y <strong>Alejandro Cardona<\/strong>, que fueron segundo y tercero.<\/p>\n<p>En f\u00e9minas, victoria de <strong>Sara Enrique<\/strong> en un podio en el que la acompa\u00f1aron <strong>Martina Tur<\/strong> y <strong>Sara Ribas<\/strong>.<\/p>\n<p>En cuanto a las diferentes categor\u00edas, en <strong>\u00e9lite<\/strong>, el t\u00edtulo pitiuso se lo llev\u00f3 <strong>\u00d3scar Reyes<\/strong>, que domin\u00f3 la categor\u00eda sobre <strong>Alejandro Cardona<\/strong> y <strong>Mustapha Aalouf<\/strong>.<\/p>\n<p>En <strong>m\u00e1ster 30<\/strong>, <strong>\u00c1lvaro Andrade<\/strong> fue el campe\u00f3n, seguido de <strong>Ra\u00fal Ferrer<\/strong> y <strong>Efr\u00e9n Fern\u00e1ndez<\/strong>.<\/p>\n<p>En <strong>m\u00e1ster 40<\/strong>, <strong>David Checa<\/strong>, <strong>Jos\u00e9 Cardona<\/strong> y <strong>David Ram\u00f3n<\/strong> formaron un podio de mucho nivel.<\/p>\n<p>En <strong>m\u00e1ster 50<\/strong>, victoria incontestable de <strong>Diego Mart\u00ednez<\/strong>, que se impuso a <strong>Juan Torres<\/strong> y <strong>Francisco Molina<\/strong>.<\/p>\n<p>En <strong>m\u00e1ster 60<\/strong>, los m\u00e1s veteranos, <strong>Francisco Recio<\/strong> fue primero, seguido por <strong>Agust\u00edn Moya<\/strong> y <strong>Luis Miguel Marty<\/strong>.<\/p>\n<p>En <strong>sub-23<\/strong>, el mejor fue <strong>Xicu Ferrer<\/strong>, mientras que <strong>Juan Colomar<\/strong> fue segundo y <strong>Juan Vicente Bonet<\/strong>, tercero.<\/p>\n<p>En <strong>categor\u00eda j\u00fanior<\/strong>, victoria de <strong>Rub\u00e9n Navajas<\/strong> sobre <strong>Dylan Boned<\/strong> y <strong>Lluc Costa<\/strong>.<\/p>\n<p>En <strong>cadetes<\/strong>, el podio masculino lo formaron <strong>Marc Serra<\/strong>, <strong>Pol Tur<\/strong> y <strong>Telm Tur<\/strong>, mientras que el femenino estuvo compuesto por <strong>In\u00e9s Ribas<\/strong>, <strong>Jana Tur<\/strong> y <strong>Ester Ram\u00f3n<\/strong>.<\/p>\n<p>En cuanto a los premiados en la modalidad de <strong>carretera<\/strong>, en la <strong>primera categor\u00eda<\/strong> el campe\u00f3n fue <strong>Jaume Mu\u00f1oz<\/strong>, que aventaj\u00f3 en 10 puntos a <strong>David Legget<\/strong>, que fue segundo. El podio lo complet\u00f3 <strong>Andreas Reartes<\/strong>.<\/p>\n<p>En la <strong>segunda categor\u00eda<\/strong>, el mejor fue <strong>\u00d3scar Reyes<\/strong>, seguido de <strong>Enrique Represa<\/strong> y <strong>Jos\u00e9 Luis Serra<\/strong>.<\/p>\n<p>En la <strong>tercera categor\u00eda<\/strong>, el podio lo compusieron <strong>Juan Jos\u00e9 Tur<\/strong>, <strong>Sergio \u00c1lvarez<\/strong> y <strong>Williams Rodr\u00edguez<\/strong>.<\/p>\n<p>En <strong>f\u00e9minas<\/strong>, el t\u00edtulo se lo llev\u00f3 <strong>Martina Tur<\/strong>, que se impuso en la general a <strong>Laura R\u00edos<\/strong> e <strong>Indre Barkute<\/strong>, respectivamente.<\/p>\n<p>Por \u00faltimo, en <strong>categor\u00eda cadete<\/strong>, el mejor fue <strong>Ra\u00fal Torres<\/strong>, mientras que <strong>Sergi Juan<\/strong> y <strong>Pol Tur<\/strong> fueron segundo y tercero.<\/p>\n","protected":false},"excerpt":{"rendered":"El ciclismo pitiuso vivi\u00f3 ayer uno de sus d\u00edas grandes. La delegaci\u00f3n ibicenca celebr\u00f3 en el Centro Cultural&hellip;\n","protected":false},"author":2,"featured_media":266354,"comment_status":"","ping_status":"","sticky":false,"template":"","format":"standard","meta":{"footnotes":""},"categories":[273],"tags":[313,312,10586,168,25,24,23,167],"class_list":{"0":"post-266353","1":"post","2":"type-post","3":"status-publish","4":"format-standard","5":"has-post-thumbnail","7":"category-ciclismo","8":"tag-ciclismo","9":"tag-cycling","10":"tag-deporte-ibiza","11":"tag-deportes","12":"tag-es","13":"tag-espana","14":"tag-spain","15":"tag-sports"},"share_on_mastodon":{"url":"https:\/\/pubeurope.com\/@es\/115647157572611587","error":""},"_links":{"self":[{"href":"https:\/\/www.europesays.com\/es\/wp-json\/wp\/v2\/posts\/266353","targetHints":{"allow":["GET"]}}],"collection":[{"href":"https:\/\/www.europesays.com\/es\/wp-json\/wp\/v2\/posts"}],"about":[{"href":"https:\/\/www.europesays.com\/es\/wp-json\/wp\/v2\/types\/post"}],"author":[{"embeddable":true,"href":"https:\/\/www.europesays.com\/es\/wp-json\/wp\/v2\/users\/2"}],"replies":[{"embeddable":true,"href":"https:\/\/www.europesays.com\/es\/wp-json\/wp\/v2\/comments?post=266353"}],"version-history":[{"count":0,"href":"https:\/\/www.europesays.com\/es\/wp-json\/wp\/v2\/posts\/266353\/revisions"}],"wp:featuredmedia":[{"embeddable":true,"href":"https:\/\/www.europesays.com\/es\/wp-json\/wp\/v2\/media\/266354"}],"wp:attachment":[{"href":"https:\/\/www.europesays.com\/es\/wp-json\/wp\/v2\/media?parent=266353"}],"wp:term":[{"taxonomy":"category","embeddable":true,"href":"https:\/\/www.europesays.com\/es\/wp-json\/wp\/v2\/categories?post=266353"},{"taxonomy":"post_tag","embeddable":true,"href":"https:\/\/www.europesays.com\/es\/wp-json\/wp\/v2\/tags?post=266353"}],"curies":[{"name":"wp","href":"https:\/\/api.w.org\/{rel}","templated":true}]}}