{"id":266359,"date":"2025-12-02T00:35:09","date_gmt":"2025-12-02T00:35:09","guid":{"rendered":"https:\/\/www.europesays.com\/es\/266359\/"},"modified":"2025-12-02T00:35:09","modified_gmt":"2025-12-02T00:35:09","slug":"adios-al-escudero-sexy-de-la-reina-camilla-pero-su-sustituto-no-se-queda-atras","status":"publish","type":"post","link":"https:\/\/www.europesays.com\/es\/266359\/","title":{"rendered":"Adi\u00f3s al escudero sexy de la reina Camilla, pero su sustituto no se queda atr\u00e1s"},"content":{"rendered":"<p id=\"ewP1uz-2jy\" data-wc=\"87\">Desde hace algunos a\u00f1os, <a class=\"hm-link ho-link\" href=\"https:\/\/www.hola.com\/actualidad\/20230130342031\/familia-real-britanica-escuderos-sexies-viral-redes-sociales\/\" data-mrf-recirculation=\"article-body-link\" rel=\"nofollow noopener\" target=\"_blank\">los escuderos de la Familia Real brit\u00e1nica\u00a0<\/a>se han convertido en protagonistas de muchas miradas, no solo por la dedicaci\u00f3n y el esmero con los que desempe\u00f1an su labor, sino tambi\u00e9n por su evidente atractivo. Su presencia constante en eventos y ceremonias ha capturado la atenci\u00f3n del p\u00fablico, convirti\u00e9ndolos en figuras admiradas m\u00e1s all\u00e1 de su funci\u00f3n oficial. Por ello, el reciente comunicado de la reina Camilla sobre uno de ellos ha causado sorpresa y ha dejado a todos un poco m\u00e1s tristes.<\/p>\n<p> <img src=\"https:\/\/www.europesays.com\/es\/wp-content\/uploads\/2025\/12\/566b0c5b5363-gettyimages-1809418353.jpg\"   width=\"886\" height=\"1024\" loading=\"lazy\" decoding=\"async\" alt=\"El mayor Oliver \u201cOllie\u201d Plunket\" fetchpriority=\"auto\" class=\"image ho-image\"\/>\u00a9 Getty ImagesEl mayor Oliver \u201cOllie\u201d Plunket<\/p>\n<p id=\"ez0xvFMVu9\" data-wc=\"96\">El fiel escudero de la reina Camila, el mayor Ollie Plunket, dejar\u00e1 su cargo tras tres a\u00f1os de servicio. As\u00ed lo anunci\u00f3 la propia monarca durante el discurso que pronunci\u00f3 el pasado jueves 27 de noviembre, en la cena de premiaci\u00f3n organizada para celebrar a The Rifles, uno de los regimientos de infanter\u00eda m\u00e1s destacados del Ej\u00e9rcito brit\u00e1nico. Durante su intervenci\u00f3n, <a class=\"hm-link ho-link\" href=\"https:\/\/www.hola.com\/realeza\/casa_inglesa\/20240308250631\/carlos-iii-moviliza-windsor-proxima-cita-reina-camilla-al-frente\/\" data-mrf-recirculation=\"article-body-link\" rel=\"nofollow noopener\" target=\"_blank\">la mujer de Carlos III, quien ostenta el t\u00edtulo de coronel en jefe de The Rifles<\/a>, agradeci\u00f3 personalmente al joven de 31 a\u00f1os su dedicaci\u00f3n y compromiso, mientras \u00e9l se encontraba presente en el evento.<\/p>\n<p> <img src=\"https:\/\/www.europesays.com\/es\/wp-content\/uploads\/2025\/12\/a1ad0ee15f23-gettyimages-2148865250.jpg\"   width=\"1024\" height=\"800\" loading=\"lazy\" decoding=\"async\" alt=\"La reina Camila, acompa\u00f1ada por Ollie Plunket.\" fetchpriority=\"auto\" class=\"image ho-image\"\/>\u00a9 Getty ImagesLa reina Camila, acompa\u00f1ada por Ollie Plunket.<\/p>\n<p class=\"\" id=\"eQuT481ltO\" data-wc=\"75\">\u00abMe gustar\u00eda expresar un enorme agradecimiento al mayor Ollie Plunket, quien ha sido mi fiel ayudante durante los \u00faltimos tres a\u00f1os. \u00c9l ha destacado en todo lo que ha hecho por m\u00ed\u00bb, fueron las palabras que la reina dedic\u00f3 al joven. Plunket se convirti\u00f3 en un fen\u00f3meno medi\u00e1tico tras sus apariciones junto a Camila en numerosos actos oficiales despu\u00e9s del fallecimiento de Isabel II, conquistando r\u00e1pidamente la atenci\u00f3n de los medios y las redes sociales.<\/p>\n<p> <img src=\"https:\/\/www.europesays.com\/es\/wp-content\/uploads\/2025\/12\/85fff42443e8-gettyimages-1504180278.jpg\"   width=\"1024\" height=\"592\" loading=\"lazy\" decoding=\"async\" alt=\"El capit\u00e1n James Boggis-Rolfe y el mayor Oliver \u201cOllie\u201d Plunket\" fetchpriority=\"auto\" class=\"image ho-image\"\/>\u00a9 Getty ImagesEl capit\u00e1n James Boggis-Rolfe y el mayor Oliver \u201cOllie\u201d Plunket<\/p>\n<p id=\"eSFvYEzS6K\" data-wc=\"73\">Ollie Plunket ha sido el asesor <a class=\"hm-link ho-link\" href=\"https:\/\/www.hola.com\/realeza\/casa_inglesa\/20240205248762\/reina-camilla-cambio-situacion-diagnostico-carlos-iii\/\" data-mrf-recirculation=\"article-body-link\" rel=\"nofollow noopener\" target=\"_blank\">masculino de la reina Camila durante tres a\u00f1os,<\/a> trabajando mano a mano con el secretario privado de la reina consorte. El militar acapar\u00f3 la atenci\u00f3n del p\u00fablico durante el tradicional concierto de villancicos en la Abad\u00eda de Westminster en 2023. Durante este tiempo, sus funciones se han basado en ocuparse de la agenda de Camilla, acompa\u00f1arla a eventos oficiales y apoyarla en sus compromisos con el ej\u00e9rcito.<\/p>\n<p id=\"e2ry5NYTN8\" data-wc=\"83\">El joven es pariente del noveno Lord Plunkett y se encuentra soltero. Pero eso no es todo: adem\u00e1s de su atractivo, destaca por su solidaridad. Antes de ocupar el cargo militar, recorri\u00f3 varios pa\u00edses en solitario y sobre su propia moto, recaudando una importante suma de dinero que posteriormente don\u00f3 a militares heridos. Durante estos a\u00f1os, ha desempe\u00f1ado el cargo de oficial en el regimiento de infanter\u00eda del ej\u00e9rcito brit\u00e1nico, The Rifles, del cual la duquesa de Cornualles es coronel jefe desde 2020.\u00a0<\/p>\n<p> <img src=\"https:\/\/www.europesays.com\/es\/wp-content\/uploads\/2025\/12\/6408a8bb239d-img7818.jpg\"   width=\"1024\" height=\"560\" loading=\"lazy\" decoding=\"async\" alt=\"El mayor Oliver \u201cOllie\u201d Plunket\" fetchpriority=\"auto\" class=\"image ho-image\"\/>\u00a9 sarahdiaryzEl mayor Oliver Plunket<\/p>\n<p id=\"e73fYqizlV\" data-wc=\"41\"><strong>\u00bfQui\u00e9n ocupar\u00e1 su puesto?\u00a0<\/strong>Rob Treasure, quien tambi\u00e9n ha llamado la atenci\u00f3n por su gran atractivo. Es comandante de pelot\u00f3n del primer batall\u00f3n de The Rifles y ha estudiado en la Real Academia Militar de Sandhurst, seg\u00fan su perfil en LinkedIn.<\/p>\n<p> <img src=\"https:\/\/www.europesays.com\/es\/wp-content\/uploads\/2025\/12\/f50cfa8efaf0-captura-de-pantalla-2025-12-01-210530.png\"   width=\"938\" height=\"1024\" loading=\"lazy\" decoding=\"async\" alt=\"Rob Treasure\" fetchpriority=\"auto\" class=\"image ho-image\"\/>\u00a9 teamv3nture<\/p>\n<p class=\"\" id=\"e6-8eVXUCDU\" data-wc=\"50\">El joven de 29 a\u00f1os complet\u00f3 The World&#8217;s Toughest Row junto a dos compa\u00f1eros, Charlie Newman y Rob Cross, quienes tambi\u00e9n son oficiales en activo del ej\u00e9rcito brit\u00e1nico. En una entrevista para The Telegraph, cont\u00f3 que asumi\u00f3 este desaf\u00edo en memoria de su padre, quien falleci\u00f3 de c\u00e1ncer en 2021.<\/p>\n","protected":false},"excerpt":{"rendered":"Desde hace algunos a\u00f1os, los escuderos de la Familia Real brit\u00e1nica\u00a0se han convertido en protagonistas de muchas miradas,&hellip;\n","protected":false},"author":2,"featured_media":266360,"comment_status":"","ping_status":"","sticky":false,"template":"","format":"standard","meta":{"footnotes":""},"categories":[174],"tags":[255,146,147,25,24,256,1027,6856,31962,23],"class_list":{"0":"post-266359","1":"post","2":"type-post","3":"status-publish","4":"format-standard","5":"has-post-thumbnail","7":"category-famosos","8":"tag-celebrities","9":"tag-entertainment","10":"tag-entretenimiento","11":"tag-es","12":"tag-espana","13":"tag-famosos","14":"tag-realeza","15":"tag-realeza-inglesa","16":"tag-reina-camilla","17":"tag-spain"},"share_on_mastodon":{"url":"https:\/\/pubeurope.com\/@es\/115647174245544611","error":""},"_links":{"self":[{"href":"https:\/\/www.europesays.com\/es\/wp-json\/wp\/v2\/posts\/266359","targetHints":{"allow":["GET"]}}],"collection":[{"href":"https:\/\/www.europesays.com\/es\/wp-json\/wp\/v2\/posts"}],"about":[{"href":"https:\/\/www.europesays.com\/es\/wp-json\/wp\/v2\/types\/post"}],"author":[{"embeddable":true,"href":"https:\/\/www.europesays.com\/es\/wp-json\/wp\/v2\/users\/2"}],"replies":[{"embeddable":true,"href":"https:\/\/www.europesays.com\/es\/wp-json\/wp\/v2\/comments?post=266359"}],"version-history":[{"count":0,"href":"https:\/\/www.europesays.com\/es\/wp-json\/wp\/v2\/posts\/266359\/revisions"}],"wp:featuredmedia":[{"embeddable":true,"href":"https:\/\/www.europesays.com\/es\/wp-json\/wp\/v2\/media\/266360"}],"wp:attachment":[{"href":"https:\/\/www.europesays.com\/es\/wp-json\/wp\/v2\/media?parent=266359"}],"wp:term":[{"taxonomy":"category","embeddable":true,"href":"https:\/\/www.europesays.com\/es\/wp-json\/wp\/v2\/categories?post=266359"},{"taxonomy":"post_tag","embeddable":true,"href":"https:\/\/www.europesays.com\/es\/wp-json\/wp\/v2\/tags?post=266359"}],"curies":[{"name":"wp","href":"https:\/\/api.w.org\/{rel}","templated":true}]}}