{"id":266363,"date":"2025-12-02T00:38:12","date_gmt":"2025-12-02T00:38:12","guid":{"rendered":"https:\/\/www.europesays.com\/es\/266363\/"},"modified":"2025-12-02T00:38:12","modified_gmt":"2025-12-02T00:38:12","slug":"el-drama-se-apodera-de-la-isla-de-las-tentaciones-con-la-confesion-de-mayeli-estoy-embarazada","status":"publish","type":"post","link":"https:\/\/www.europesays.com\/es\/266363\/","title":{"rendered":"El drama se apodera de &#8216;La isla de las tentaciones&#8217; con la confesi\u00f3n de Mayeli: \u00abEstoy embarazada\u00bb"},"content":{"rendered":"<p>La novena temporada de <a title=\"&#039;La isla de las tentaciones&#039;\" href=\"https:\/\/www.larazon.es\/television\/programas\/tensa-hoguera-claudia-gilbert-sacude-isla-tentaciones-9_202511266926c7fa9261f37ec7305aba.html\" target=\"_blank\" rel=\"nofollow noopener\">&#8216;La isla de las tentaciones&#8217;<\/a> est\u00e1 teniendo m\u00e1s giros de guion de lo esperado y, este lunes, la sorpresa ha sido may\u00fascula. La protagonista en absoluto ha sido <b>Mayeli<\/b>, que hab\u00eda regresado al programa, esta vez no como tentadora, sino con su pareja \u00c1lvaro Rubio, para <a title=\"sustituir a la primera pareja expulsada\" href=\"https:\/\/www.larazon.es\/television\/programas\/nieves-lorenzo-expulsados-forma-fulminante-isla-tentaciones-9-saltarse-normas_202511116912faf19c30fb26651e668f.html\" target=\"_blank\" rel=\"nofollow noopener\">sustituir a la primera pareja expulsada<\/a>.<\/p>\n<p>En la \u00faltima entrega, la concursante <a title=\"se hab\u00eda autoexpulsado\" href=\"https:\/\/www.larazon.es\/television\/programas\/show-lamentable-mayeli-isla-tentaciones-9-expulsion-historica-acceder-villa-chicos-agredir-tentador_2025112769280cc06e5e5012dccfe8fd.html\" target=\"_blank\" rel=\"nofollow noopener\">se hab\u00eda autoexpulsado<\/a> despu\u00e9s de saltarse las normas y acceder a Villa Playa, donde su comportamiento super\u00f3 cualquier l\u00edmite y l<b>anz\u00f3 un vaso de agua a uno de los solteros.<\/b> Tras ello y conocedora de que no hab\u00eda vuelta atr\u00e1s,<b> ha confesado estar embarazada de \u00c1lvaro.<\/b><\/p>\n<p>Antes de volver sobre sus pasos y decir adi\u00f3s a la isla de Rep\u00fablica Dominicana, ambos han tenido una <b>\u00abhoguera de las consecuencias\u00bb<\/b>, donde han tenido que visionar im\u00e1genes y aclarar todo lo sucedido. Mayeli le ha reprochado su actitud con Erika, con quien ya le hab\u00eda puesto los cuernos hac\u00eda tiempo, y la defensa de \u00c1lvaro ha dejado at\u00f3nita a la presentadora del programa.<\/p>\n<p>\u00abMira, Sandra. Voy a ser completamente sincero, \u00bfsabes por qu\u00e9 no me gusta \u00c9rika? Porque estoy completamente enamorado de Mayeli y hay un motivo por el que yo no he disfrutado de esta experiencia como deber\u00eda y es que&#8230; <b>Mayeli y yo vamos a ser padres\u00bb.<\/b><\/p>\n<p>Reacci\u00f3n<\/p>\n<p>Una Sandra Barneda todav\u00eda en shock ante lo que acaba de escuchar se rehac\u00eda para preguntar a Mayeli si lo que acababa de decir su pareja era cierto. \u00ab\u00bfPerdona? <b>\u00bfMayeli, est\u00e1s embarazada?\u00bb<\/b>, le ha espetado a la concursante que segu\u00eda sin articular palabra: \u00abMayeli, por favor, \u00bfme puedes contestar?\u00bb.<\/p>\n<p>Antes de dirigirse a la conductora del reality, le ha reprochado a \u00c1lvaro la decisi\u00f3n de revelar su estado, haci\u00e9ndole ver que era algo que le correspond\u00eda contar a ella. Inmediatamente, el novio ha replicado: <b>\u00ab\u00bfPor qu\u00e9 ocultar algo que para nosotros es maravilloso?\u00bb. <\/b><\/p>\n<p>Sin embargo, los motivos de Mayeli pesaban m\u00e1s que sus palabras: <b>\u00abNo quiero estar contigo<\/b> despu\u00e9s de lo que he visto y que me has mentido. Me corresponde decirlo a m\u00ed, es mi cuerpo y si quiero lo digo y, sino no\u00bb.<\/p>\n<p>Tras ello, la concursante se ha decidido a dar explicaciones a la maestra de ceremonias. \u00abS\u00ed, <b>estoy embarazada, \u00bfqu\u00e9 hago?<\/b> Cre\u00eda que si ven\u00eda aqu\u00ed y me demostraba&#8230; No s\u00e9, estoy hecha un mar de dudas\u00bb, ha desvelado, para despu\u00e9s recibir la reprimenda de Sandra Barneda.<\/p>\n<p>\u00abHab\u00e9is ocultado un embarazo, \u00bfqu\u00e9 locura es esta? \u00bfY si te hubiera ocurrido cualquier cosa? <b>\u00bfEntiendes los riesgos y la posici\u00f3n en la que nos has colocado a nosotros?\u00bb<\/b>, ha contestado la conductora del reality de Telecinco. \u00ab\u00bfC\u00f3mo se os ocurre venir a &#8216;La isla de las tentaciones&#8217; embarazados? \u00bfQu\u00e9 pretend\u00edais?\u00bb, ha vuelto a preguntar a la pareja.<\/p>\n<p>\u00abS\u00e9 que no ten\u00edamos que haber venido. <b>Quer\u00edamos demostrarnos<\/b>, al final, nosotros lo hemos hecho mal en gran parte de nuestra relaci\u00f3n y no hemos trabajado lo suficiente la confianza, para m\u00ed, aunque es algo inesperado estoy locamente enamorado de ella y ha sido un regalo. Por eso lo he pasado tan mal, creo que no necesitaba esta prueba para saber que quiero estar con ella\u00bb, ha apuntado \u00c1lvaro.<\/p>\n","protected":false},"excerpt":{"rendered":"La novena temporada de &#8216;La isla de las tentaciones&#8217; est\u00e1 teniendo m\u00e1s giros de guion de lo esperado&hellip;\n","protected":false},"author":2,"featured_media":266364,"comment_status":"","ping_status":"","sticky":false,"template":"","format":"standard","meta":{"footnotes":""},"categories":[171],"tags":[146,147,25,24,23,214],"class_list":{"0":"post-266363","1":"post","2":"type-post","3":"status-publish","4":"format-standard","5":"has-post-thumbnail","7":"category-tv","8":"tag-entertainment","9":"tag-entretenimiento","10":"tag-es","11":"tag-espana","12":"tag-spain","13":"tag-tv"},"share_on_mastodon":{"url":"https:\/\/pubeurope.com\/@es\/115647185149162725","error":""},"_links":{"self":[{"href":"https:\/\/www.europesays.com\/es\/wp-json\/wp\/v2\/posts\/266363","targetHints":{"allow":["GET"]}}],"collection":[{"href":"https:\/\/www.europesays.com\/es\/wp-json\/wp\/v2\/posts"}],"about":[{"href":"https:\/\/www.europesays.com\/es\/wp-json\/wp\/v2\/types\/post"}],"author":[{"embeddable":true,"href":"https:\/\/www.europesays.com\/es\/wp-json\/wp\/v2\/users\/2"}],"replies":[{"embeddable":true,"href":"https:\/\/www.europesays.com\/es\/wp-json\/wp\/v2\/comments?post=266363"}],"version-history":[{"count":0,"href":"https:\/\/www.europesays.com\/es\/wp-json\/wp\/v2\/posts\/266363\/revisions"}],"wp:featuredmedia":[{"embeddable":true,"href":"https:\/\/www.europesays.com\/es\/wp-json\/wp\/v2\/media\/266364"}],"wp:attachment":[{"href":"https:\/\/www.europesays.com\/es\/wp-json\/wp\/v2\/media?parent=266363"}],"wp:term":[{"taxonomy":"category","embeddable":true,"href":"https:\/\/www.europesays.com\/es\/wp-json\/wp\/v2\/categories?post=266363"},{"taxonomy":"post_tag","embeddable":true,"href":"https:\/\/www.europesays.com\/es\/wp-json\/wp\/v2\/tags?post=266363"}],"curies":[{"name":"wp","href":"https:\/\/api.w.org\/{rel}","templated":true}]}}