{"id":266379,"date":"2025-12-02T00:47:19","date_gmt":"2025-12-02T00:47:19","guid":{"rendered":"https:\/\/www.europesays.com\/es\/266379\/"},"modified":"2025-12-02T00:47:19","modified_gmt":"2025-12-02T00:47:19","slug":"la-exconsellera-pradas-guarda-mensajes-de-whatsapp-con-mazon-del-dia-de-la-dana-que-no-aporto-a-la-jueza","status":"publish","type":"post","link":"https:\/\/www.europesays.com\/es\/266379\/","title":{"rendered":"La exconsellera Pradas guarda mensajes de WhatsApp con Maz\u00f3n del d\u00eda de la dana que no aport\u00f3 a la jueza"},"content":{"rendered":"<p class=\"article-text\">\n        La exconsellera Salom\u00e9 Pradas, investigada en la causa de la dana, aludi\u00f3 en su entrevista en el programa &#8216;Salvados&#8217; de La Sexta a algunos de los mensajes de WhatsApp que intercambi\u00f3 con el expresident Carlos Maz\u00f3n durante la jornada del 29 de octubre de 2024. Se trata de comunicaciones que Pradas no ha entregado a la jueza instructora de la dana, a diferencia de sus llamadas de aquella tr\u00e1gica jornada, en la que murieron 229 personas. Poco antes de su declaraci\u00f3n, la exconsellera aport\u00f3 voluntariamente a la causa un acta notarial (<a href=\"https:\/\/www.eldiario.es\/comunitat-valenciana\/documento-listado-completo-llamadas-movil-salome-pradas-dia-dana_1_12224781.html\" target=\"_blank\" data-mrf-recirculation=\"links-noticia\" class=\"link\" rel=\"nofollow noopener\">publicada \u00edntegra por elDiario.es<\/a>) que detallaba las llamadas de su tel\u00e9fono m\u00f3vil del d\u00eda de la dana.\n    <\/p>\n<p>    <a href=\"https:\/\/www.eldiario.es\/comunitat-valenciana\/vilaplana-desvela-mazon-whatsappeaba-ventorro-escribia-mensajes-no-han-sido-divulgados_1_12756753.html\" data-mrf-recirculation=\"saber-mas\" data-dl-event=\"saber-mas\" rel=\"nofollow noopener\" target=\"_blank\"><\/p>\n<p class=\"know-more__title\">Vilaplana desvela que Maz\u00f3n \u00abwhatsappeaba\u00bb en El Ventorro y escrib\u00eda mensajes que no han sido divulgados<\/p>\n<p>            <img decoding=\"async\" class=\"lazy\" loading=\"lazy\" data-src=\"https:\/\/static.eldiario.es\/clip\/a9d0587d-c377-40af-9d75-d1c69076fd83_16-9-aspect-ratio_default_0.jpg\" src=\"data:image\/svg+xml,%3Csvg xmlns=\" http:=\"\" viewbox=\"0 0 880 495\" alt=\"Vilaplana desvela que Maz\u00f3n &quot;whatsappeaba&quot; en El Ventorro y escrib\u00eda mensajes que no han sido divulgados\"\/><\/p>\n<p>                        <\/a><\/p>\n<p class=\"article-text\">\n        Por su parte, el otro investigado en la causa, el exsecretario auton\u00f3mico de Emergencias, Emilio Arg\u00fceso, <a href=\"https:\/\/www.eldiario.es\/comunitat-valenciana\/gobierno-mazon-veia-exagerados-avisos-cierre-colegios-vispera-dana_1_12208213.html\" target=\"_blank\" data-mrf-recirculation=\"links-noticia\" class=\"link\" rel=\"nofollow noopener\">aport\u00f3 un informe pericial<\/a> que rese\u00f1aba tanto sus llamadas como sus mensajes de WhatsApp, sin que se sepa si estaba todos o se trataba de una selecci\u00f3n. Salom\u00e9 Pradas en la entrevista sit\u00faa los mensajes in\u00e9ditos con Maz\u00f3n antes de las 14.00 o \u201clas dos y algo de la tarde\u201d. \u201cY, a partir de ah\u00ed, whatsapps ninguno\u201d, agreg\u00f3.\n    <\/p>\n<p class=\"article-text\">\n        El jefe de gabinete del entonces president, el secretario auton\u00f3mico Jos\u00e9 Manuel Cuenca, le dijo a Pradas que le informara \u201cdirectamente\u201d a \u00e9l para no molestar a Maz\u00f3n. \u201cEl president est\u00e1 de actos, me vas contando a m\u00ed\u201d, le dijo Cuenca. En los mensajes previos, el president le pidi\u00f3 a su entonces consellera que le fuera \u201cinformando\u201d. El alto cargo, en su <a href=\"https:\/\/www.eldiario.es\/comunitat-valenciana\/jefe-gabinete-mazon-reconoce-jueza-dana-borro-whatsapps_1_12797304.html\" target=\"_blank\" data-mrf-recirculation=\"links-noticia\" class=\"link\" rel=\"nofollow noopener\">testifical del pasado 26 de noviembre<\/a>, reconoci\u00f3 que se hab\u00edan borrado los mensajes de WhatsApp con Maz\u00f3n de su tel\u00e9fono m\u00f3vil corporativo.\n    <\/p>\n<p class=\"article-text\">\n        Carlos Maz\u00f3n tan solo desglos\u00f3 sus llamadas de la tarde de la dana, un documento aportado a la comisi\u00f3n de investigaci\u00f3n de las Corts que consta en la causa. Sin embargo, Maz\u00f3n nunca ha detallado sus mensajes de WhatsApp. La otra comensal de la comida en el reservado de El Ventorro, la comunicadora Maribel Vilaplana, <a href=\"https:\/\/www.eldiario.es\/comunitat-valenciana\/vilaplana-desvela-mazon-whatsappeaba-ventorro-escribia-mensajes-no-han-sido-divulgados_1_12756753.html\" target=\"_blank\" data-mrf-recirculation=\"links-noticia\" class=\"link\" rel=\"nofollow noopener\">declar\u00f3<\/a> que el president \u201cwhatsappeaba\u201d durante el \u00e1gape.\n    <\/p>\n<p class=\"article-text\">\n        Por otro lado, Pradas tambi\u00e9n sac\u00f3 en plena entrevista los papeles que conserva con las notas que tom\u00f3 aquella tr\u00e1gica jornada tanto en la visita del mediod\u00eda al Centro de Emergencias como en la reuni\u00f3n del Centro de Coordinaci\u00f3n Operativa Integrado (Cecopi).\n    <\/p>\n<p class=\"article-text\">\n        Se trata de documentaci\u00f3n que la exconsellera conserva en su poder, aunque en su declaraci\u00f3n inicial como investigada en el marco de la causa, el pasado 12 de abril, no sali\u00f3 a la luz.\n    <\/p>\n<p class=\"article-text\">\n        La jueza instructora de la causa, Nuria Ruiz Tobarra, <a href=\"https:\/\/www.eldiario.es\/comunitat-valenciana\/jueza-ofrece-pradas-volver-declarar-descarta-presente-momento-nueva-testifical-maribel-vilaplana_1_12805267.html\" target=\"_blank\" data-mrf-recirculation=\"links-noticia\" class=\"link\" rel=\"nofollow noopener\">ofreci\u00f3 el pasado 28 de noviembre<\/a> a Pradas la posibilidad de volver a declarar voluntariamente, con ocasi\u00f3n de la entrevista en La Sexta.\n    <\/p>\n<p class=\"article-text\">\n        No en vano, en su primera declaraci\u00f3n como investigada, \u201cen uso de su derecho constitucional y legal\u201d, solo contest\u00f3 a las preguntas de su letrado, recordaba la magistrada en un auto.\n    <\/p>\n<p>    <a href=\"https:\/\/www.eldiario.es\/comunitat-valenciana\/jefe-gabinete-mazon-reconoce-jueza-dana-borro-whatsapps_1_12797304.html\" data-mrf-recirculation=\"saber-mas-abajo\" data-dl-event=\"saber-mas-abajo\" rel=\"nofollow noopener\" target=\"_blank\"><\/p>\n<p class=\"know-more__title\">El jefe de gabinete de Maz\u00f3n reconoce ante la jueza de la dana que borr\u00f3 sus &#8216;whatsapps&#8217; con \u00e9l<\/p>\n<p>            <img decoding=\"async\" class=\"lazy\" loading=\"lazy\" data-src=\"https:\/\/static.eldiario.es\/clip\/952b2211-b44c-449f-9d11-fcb4f5986af0_16-9-aspect-ratio_default_0_x2449y825.jpg\" src=\"data:image\/svg+xml,%3Csvg xmlns=\" http:=\"\" viewbox=\"0 0 880 495\" alt=\"El jefe de gabinete de Maz\u00f3n reconoce ante la jueza de la dana que borr\u00f3 sus 'whatsapps' con \u00e9l\"\/><\/p>\n<p>                        <\/a><\/p>\n<p class=\"article-text\">\n        Fuentes cercanas a Pradas afirmaron que esa hipot\u00e9tica declaraci\u00f3n solo se har\u00eda si su defensa lo viera \u201caconsejable\u201d en funci\u00f3n de las diligencias pendientes.\n    <\/p>\n","protected":false},"excerpt":{"rendered":"La exconsellera Salom\u00e9 Pradas, investigada en la causa de la dana, aludi\u00f3 en su entrevista en el programa&hellip;\n","protected":false},"author":2,"featured_media":266380,"comment_status":"","ping_status":"","sticky":false,"template":"","format":"standard","meta":{"footnotes":""},"categories":[8],"tags":[517,2206,1705,17,18,3965,242,25,24,13,14,11,1667,19,20,9,10,15,16,1925,23,12,21,22,235],"class_list":{"0":"post-266379","1":"post","2":"type-post","3":"status-publish","4":"format-standard","5":"has-post-thumbnail","7":"category-espana","8":"tag-actualidad","9":"tag-alicante","10":"tag-analisis","11":"tag-breaking-news","12":"tag-breakingnews","13":"tag-castellon","14":"tag-comunidad-valenciana","15":"tag-es","16":"tag-espana","17":"tag-featured-news","18":"tag-featurednews","19":"tag-headlines","20":"tag-informacion","21":"tag-latest-news","22":"tag-latestnews","23":"tag-news","24":"tag-noticias","25":"tag-noticias-destacadas","26":"tag-noticiasdestacadas","27":"tag-opinion","28":"tag-spain","29":"tag-titulares","30":"tag-ultimas-noticias","31":"tag-ultimasnoticias","32":"tag-valencia"},"share_on_mastodon":{"url":"https:\/\/pubeurope.com\/@es\/115647220550698052","error":""},"_links":{"self":[{"href":"https:\/\/www.europesays.com\/es\/wp-json\/wp\/v2\/posts\/266379","targetHints":{"allow":["GET"]}}],"collection":[{"href":"https:\/\/www.europesays.com\/es\/wp-json\/wp\/v2\/posts"}],"about":[{"href":"https:\/\/www.europesays.com\/es\/wp-json\/wp\/v2\/types\/post"}],"author":[{"embeddable":true,"href":"https:\/\/www.europesays.com\/es\/wp-json\/wp\/v2\/users\/2"}],"replies":[{"embeddable":true,"href":"https:\/\/www.europesays.com\/es\/wp-json\/wp\/v2\/comments?post=266379"}],"version-history":[{"count":0,"href":"https:\/\/www.europesays.com\/es\/wp-json\/wp\/v2\/posts\/266379\/revisions"}],"wp:featuredmedia":[{"embeddable":true,"href":"https:\/\/www.europesays.com\/es\/wp-json\/wp\/v2\/media\/266380"}],"wp:attachment":[{"href":"https:\/\/www.europesays.com\/es\/wp-json\/wp\/v2\/media?parent=266379"}],"wp:term":[{"taxonomy":"category","embeddable":true,"href":"https:\/\/www.europesays.com\/es\/wp-json\/wp\/v2\/categories?post=266379"},{"taxonomy":"post_tag","embeddable":true,"href":"https:\/\/www.europesays.com\/es\/wp-json\/wp\/v2\/tags?post=266379"}],"curies":[{"name":"wp","href":"https:\/\/api.w.org\/{rel}","templated":true}]}}