{"id":266381,"date":"2025-12-02T00:48:19","date_gmt":"2025-12-02T00:48:19","guid":{"rendered":"https:\/\/www.europesays.com\/es\/266381\/"},"modified":"2025-12-02T00:48:19","modified_gmt":"2025-12-02T00:48:19","slug":"dortmund-prende-la-main-round","status":"publish","type":"post","link":"https:\/\/www.europesays.com\/es\/266381\/","title":{"rendered":"Dortmund prende la Main Round"},"content":{"rendered":"<p>Las <strong>Guerreras<\/strong> llegan a la segunda fase del <strong>Campeonato del Mundo 2025<\/strong> con el \u00e1nimo reforzado y una hoja de ruta clara. La <strong>victoria frente a Montenegro<\/strong> permiti\u00f3 a Espa\u00f1a acceder a la <strong>Main Round<\/strong> desde el primer puesto del Grupo D y, adem\u00e1s, sumando <strong>dos puntos<\/strong> esenciales para seguir avanzando en el campeonato. El equipo nacional ha crecido tras un inicio irregular y afronta ahora una fase decisiva en <strong>Dortmund<\/strong>, donde se medir\u00e1 a <strong>Serbia, Islandia y Alemania<\/strong> en busca de un billete para los cuartos de final.<\/p>\n<p>El estreno ser\u00e1 este martes ante <strong>Serbia<\/strong> a las <strong>15:30 h<\/strong>. en el <strong>Westfalenhalle<\/strong>, un duelo con ingredientes especiales por la presencia en el banquillo serbio de <strong>Jos\u00e9 Ignacio Prades<\/strong>, antiguo seleccionador espa\u00f1ol y ex segundo entrenador de Ambros Mart\u00edn. Ambos t\u00e9cnicos ya se cruzaron hace unos d\u00edas en un amistoso en la Posten Cup de Noruega que cay\u00f3 del lado espa\u00f1ol, aunque este ser\u00e1 un escenario muy distinto y con puntos en juego.<\/p>\n<p>El grupo al que se enfrentan no da margen a la relajaci\u00f3n. <strong>Islandia<\/strong> aportar\u00e1 un ritmo muy alto y un estilo directo, propio del balonmano n\u00f3rdico y parecido al de Islas Feroe, mientras que <strong>Alemania<\/strong>, anfitriona y favorita del grupo, ser\u00e1 la encargada de cerrar esta fase. La combinaci\u00f3n de f\u00edsicos poderosos, propuestas r\u00e1pidas y selecciones muy experimentadas obligar\u00e1 a las <strong>Guerreras<\/strong> a mantener regularidad y car\u00e1cter en cada encuentro.<\/p>\n<p>\u00a0<\/p>\n<p><strong>AMBROS MART\u00cdN: \u201cSER\u00c1 UNA FASE A\u00daN M\u00c1S COMPLICADA; DEBEMOS MANTENER LA MENTALIDAD Y LA CONCENTRACI\u00d3N\u201d<br \/><\/strong>El <strong>seleccionador nacional <\/strong>analiz\u00f3 con cautela lo que espera a la selecci\u00f3n en esta segunda etapa del torneo: \u201cVa a ser, si cabe, m\u00e1s complicada que la primera fase, con rivales ya de m\u00e1s entidad, en el sentido en que todos los que estamos aqu\u00ed tenemos un nivel muy parejo. Quiz\u00e1 exceptuando a Alemania, que por jugar en casa el factor p\u00fablico les da cierta ventaja\u201d.<\/p>\n<p>Ambros Mart\u00edn detall\u00f3 la variedad de estilos presentes en el grupo: \u201cTenemos dos equipos n\u00f3rdicos, Feroe e Islandia, con un estilo de juego diferente y muy r\u00e1pido, y dos equipos balc\u00e1nicos tambi\u00e9n muy parecidos entre ellos, con much\u00edsima fortaleza f\u00edsica. Similar a lo que vivimos ayer con Montenegro\u201d.<\/p>\n<p>Sobre Serbia, el t\u00e9cnico destac\u00f3 el peso t\u00e1ctico del encuentro: \u201cSon equipos con mucha envergadura, jugadoras con experiencia que han reclutado especialmente para este campeonato, y adem\u00e1s con un entrenador espa\u00f1ol, un amigo. Va a ser un partido complejo\u201d.<\/p>\n<p>Y marc\u00f3 la l\u00ednea a seguir: \u201cTenemos que continuar con los par\u00e1metros de juego, pero sobre todo con la mentalidad y la concentraci\u00f3n que tuvimos contra Montenegro. Ser conscientes de que habr\u00e1 momentos complicados y que tenemos que estar capacitadas para sobreponernos y mantener la concentraci\u00f3n muy alta durante todo el partido\u201d.<\/p>\n<p>\u00a0<\/p>\n<p><strong>ALICIA FERN\u00c1NDEZ: \u201cLA CLAVE ES REPETIR LA IMAGEN DE LUCHA Y ESP\u00cdRITU QUE DIMOS AYER\u201d<br \/><\/strong>La capitana, <strong>Alicia Fern\u00e1ndez<\/strong>, recalc\u00f3 que el equipo llega a esta fase con confianza, pero sin perder el foco: \u201cEvidentemente, despu\u00e9s del partido que tuvimos ayer ahora tenemos buenas sensaciones. Esperemos que esta racha siga, pero para la siguiente fase solo tenemos que pensar en el partido de ma\u00f1ana, prepararlo, salir a competir y dar la imagen que dimos ayer\u201d.<\/p>\n<p>Sobre Serbia, record\u00f3 el precedente reciente: \u201cFue un partido que all\u00ed nos cost\u00f3 mucho. Tuvimos que remontar un resultado. Creo que ellas tambi\u00e9n preparar\u00e1n el partido mejor. Jos\u00e9 est\u00e1 all\u00ed y nos conoce, as\u00ed que tenemos que enfocarnos en sacar nuestra mejor versi\u00f3n otra vez\u201d.<\/p>\n<p>Tambi\u00e9n analiz\u00f3 a Islandia y Alemania: \u201cIslandia es un equipo que se asemeja m\u00e1s a Islas Feroe, con un juego diferente. Y Alemania, estando en casa, creo que quiz\u00e1 es la favorita del grupo\u201d.<\/p>\n<p>Su mensaje final para la selecci\u00f3n fue claro: \u201cTenemos que aprender de los errores que cometimos. Ayer encontramos el camino: la imagen, el esp\u00edritu, la lucha, el equipo\u2026 eso es lo que se tiene que ver en lo que nos queda por delante\u201d.<\/p>\n<p>\u00a0<\/p>\n<p><strong>HORARIOS DE LA MAIN ROUND<\/strong><\/p>\n<ul>\n<li>02\/12\/2025 \u2013 15:30 | <strong>Espa\u00f1a<\/strong> \u2013 Serbia<\/li>\n<li>04\/12\/2025 \u2013 20:30 | Islandia \u2013 <strong>Espa\u00f1a<\/strong><\/li>\n<li>06\/12\/2025 \u2013 18:00 | <strong>Espa\u00f1a<\/strong> \u2013 Alemania<\/li>\n<\/ul>\n<p>\u00a0<\/p>\n<p>Fotograf\u00eda: <strong>Jure Erzen \/ kolektiff<\/strong><\/p>\n","protected":false},"excerpt":{"rendered":"Las Guerreras llegan a la segunda fase del Campeonato del Mundo 2025 con el \u00e1nimo reforzado y una&hellip;\n","protected":false},"author":2,"featured_media":266382,"comment_status":"","ping_status":"","sticky":false,"template":"","format":"standard","meta":{"footnotes":""},"categories":[5],"tags":[17,18,25,24,13,14,11,19,20,9,10,15,16,23,12,21,22],"class_list":{"0":"post-266381","1":"post","2":"type-post","3":"status-publish","4":"format-standard","5":"has-post-thumbnail","7":"category-titulares","8":"tag-breaking-news","9":"tag-breakingnews","10":"tag-es","11":"tag-espana","12":"tag-featured-news","13":"tag-featurednews","14":"tag-headlines","15":"tag-latest-news","16":"tag-latestnews","17":"tag-news","18":"tag-noticias","19":"tag-noticias-destacadas","20":"tag-noticiasdestacadas","21":"tag-spain","22":"tag-titulares","23":"tag-ultimas-noticias","24":"tag-ultimasnoticias"},"share_on_mastodon":{"url":"https:\/\/pubeurope.com\/@es\/115647224394952435","error":""},"_links":{"self":[{"href":"https:\/\/www.europesays.com\/es\/wp-json\/wp\/v2\/posts\/266381","targetHints":{"allow":["GET"]}}],"collection":[{"href":"https:\/\/www.europesays.com\/es\/wp-json\/wp\/v2\/posts"}],"about":[{"href":"https:\/\/www.europesays.com\/es\/wp-json\/wp\/v2\/types\/post"}],"author":[{"embeddable":true,"href":"https:\/\/www.europesays.com\/es\/wp-json\/wp\/v2\/users\/2"}],"replies":[{"embeddable":true,"href":"https:\/\/www.europesays.com\/es\/wp-json\/wp\/v2\/comments?post=266381"}],"version-history":[{"count":0,"href":"https:\/\/www.europesays.com\/es\/wp-json\/wp\/v2\/posts\/266381\/revisions"}],"wp:featuredmedia":[{"embeddable":true,"href":"https:\/\/www.europesays.com\/es\/wp-json\/wp\/v2\/media\/266382"}],"wp:attachment":[{"href":"https:\/\/www.europesays.com\/es\/wp-json\/wp\/v2\/media?parent=266381"}],"wp:term":[{"taxonomy":"category","embeddable":true,"href":"https:\/\/www.europesays.com\/es\/wp-json\/wp\/v2\/categories?post=266381"},{"taxonomy":"post_tag","embeddable":true,"href":"https:\/\/www.europesays.com\/es\/wp-json\/wp\/v2\/tags?post=266381"}],"curies":[{"name":"wp","href":"https:\/\/api.w.org\/{rel}","templated":true}]}}