{"id":266389,"date":"2025-12-02T00:57:13","date_gmt":"2025-12-02T00:57:13","guid":{"rendered":"https:\/\/www.europesays.com\/es\/266389\/"},"modified":"2025-12-02T00:57:13","modified_gmt":"2025-12-02T00:57:13","slug":"rayo-vallecano-1-1-valencia-nobel-mendy-una-de-cal-y-otra-de-arena","status":"publish","type":"post","link":"https:\/\/www.europesays.com\/es\/266389\/","title":{"rendered":"Rayo Vallecano 1-1 Valencia: Nobel Mendy, una de cal y otra de arena"},"content":{"rendered":"<p>El defensa del conjunto de I\u00f1igo P\u00e9rez, cedido por el Real Betis, firm\u00f3 su primer gol como profesional con un cabezazo, hizo el tanto para los de Corber\u00e1n tras un despeje fallido y termin\u00f3 pidiendo el cambio en el minuto 83 con visible cojera <\/p>\n<p class=\"parrafo\">El <strong><a href=\"https:\/\/www.estadiodeportivo.com\/futbol\/rayo-vallecano\/inigo-perez-mala-racha-hugo-duro-contra-rayo-algunos-nos-marcan-siempre-como-sancet-raul-garcia-haro-20251130-522169.html\" target=\"_blank\" class=\"intext-link\" rel=\"nofollow noopener\">Rayo Vallecano<\/a><\/strong> recibi\u00f3 al <strong>Valencia <\/strong>en la noche de hoy, en el encuentro correspondiente a la jornada 14 de LaLiga EA Sports. Los de<strong> I\u00f1igo P\u00e9rez <\/strong>afrontaban el choque contra los de <strong>Corber\u00e1n <\/strong>tras el<strong> duro golpe sufrido <\/strong>en <strong>UEFA Conference League<\/strong> ante el<strong> Slovan Bratislava. <\/strong>Por ello, el t\u00e9cnico introdujo hasta <strong>seis cambios<\/strong> en su once inicial, con la presencia de un <strong>Nobel Mendy <\/strong>que estren\u00f3 como goleador en el <strong>f\u00fatbol profesional.<\/strong> Por otra parte, el conjunto visitante llegaba a la <strong>capital <\/strong>de <strong>Espa\u00f1a <\/strong>con la principal baja de <strong>Ramazani<\/strong>, adem\u00e1s de <strong>Diakhaby<\/strong>.<\/p>\n<p>Noticias Relacionadas<a class=\"elementos-rel-t2\" href=\"https:\/\/www.estadiodeportivo.com\/futbol\/rayo-vallecano\/inigo-perez-mala-racha-hugo-duro-contra-rayo-algunos-nos-marcan-siempre-como-sancet-raul-garcia-haro-20251130-522169.html\" title=\"I\u00f1igo P\u00e9rez y la mala racha de Hugo Duro contra el Rayo: &quot;Algunos nos marcan siempre como Sancet y Ra\u00fal Garc\u00eda de Haro&quot;\" rel=\"nofollow noopener\" target=\"_blank\"><\/p>\n<p class=\"titular titulo-4\">I\u00f1igo P\u00e9rez y la mala racha de Hugo Duro contra el Rayo: \u00abAlgunos nos marcan siempre como Sancet y Ra\u00fal Garc\u00eda de Haro\u00bb<\/p>\n<p><img decoding=\"async\" src=\"https:\/\/www.europesays.com\/es\/wp-content\/uploads\/2025\/12\/bdc79d65-5727-4f9e-9ff9-a1de9ba33719_320x180.jpeg\" alt=\"I\u00f1igo P\u00e9rez y la mala racha de Hugo Duro contra el Rayo: &quot;Algunos nos marcan siempre como Sancet y Ra\u00fal Garc\u00eda de Haro&quot;\"\/><\/a><a class=\"elementos-rel-t2\" href=\"https:\/\/www.estadiodeportivo.com\/futbol\/valencia\/corberan-mercado-fichajes-siempre-hablado-con-ron-hay-cambio-forma-comunicarme-20251129-522038.html\" title=\"Corber\u00e1n y el mercado de fichajes: &quot;Siempre he hablado con Ron, no hay cambio en la forma de comunicarme&quot;\" rel=\"nofollow noopener\" target=\"_blank\"><\/p>\n<p class=\"titular titulo-4\">Corber\u00e1n y el mercado de fichajes: \u00abSiempre he hablado con Ron, no hay cambio en la forma de comunicarme\u00bb<\/p>\n<p><img decoding=\"async\" src=\"https:\/\/www.europesays.com\/es\/wp-content\/uploads\/2025\/12\/86f928bc-9acc-443b-a448-6b4821fa3a16_320x180.jpeg\" alt=\"Corber\u00e1n y el mercado de fichajes: &quot;Siempre he hablado con Ron, no hay cambio en la forma de comunicarme&quot;\"\/><\/a><a class=\"elementos-rel-t2\" href=\"https:\/\/www.estadiodeportivo.com\/futbol\/valencia\/ramazani-llega-tiempo-lista-convocados-del-valencia-ante-rayo-vallecano-20251201-522243.html\" title=\"Ramazani no llega a tiempo: la lista de convocados del Valencia ante el Rayo Vallecano\" rel=\"nofollow noopener\" target=\"_blank\"><\/p>\n<p class=\"titular titulo-4\">Ramazani no llega a tiempo: la lista de convocados del Valencia ante el Rayo Vallecano<\/p>\n<p><img decoding=\"async\" src=\"https:\/\/www.europesays.com\/es\/wp-content\/uploads\/2025\/12\/28242271-e622-45fa-861b-a2c6e9e6521f_320x180.jpeg\" alt=\"Ramazani no llega a tiempo: la lista de convocados del Valencia ante el Rayo Vallecano\"\/><\/a><img decoding=\"async\" src=\"https:\/\/www.europesays.com\/es\/wp-content\/uploads\/2025\/12\/5790aa08-d233-4756-84e2-ae6767026026_800x533.jpeg\" loading=\"lazy\"\/>Nobel Mendy se estrena viendo puerta con el Rayo Vallecano<\/p>\n<p class=\"parrafo\">En primer lugar, <strong>I\u00f1igo P\u00e9rez <\/strong>plante\u00f3 el siguiente once para enfrentarse al <strong>Valencia<\/strong>: <strong>Batalla<\/strong>, Ratiu, Lejeune, Mendy, Chavarr\u00eda, Gumbau, <strong>\u00d3scar Valent\u00edn<\/strong>, Unai L\u00f3pez, <strong>Fran P\u00e9rez, <\/strong>\u00c1lvaro Garc\u00eda,<strong> De Frutos. <\/strong>Por su parte, <strong><a href=\"https:\/\/www.estadiodeportivo.com\/futbol\/valencia\/corberan-mercado-fichajes-siempre-hablado-con-ron-hay-cambio-forma-comunicarme-20251129-522038.html\" target=\"_blank\" class=\"intext-link\" rel=\"nofollow noopener\">Corber\u00e1n <\/a><\/strong>no introdujo apenas <strong>novedades <\/strong>en su <strong>alineaci\u00f3n <\/strong>para verse las caras con el<strong> Rayo Vallecano<\/strong>: <strong>Agirrezabala<\/strong>, Thierry, T\u00e1rrega, Copete, Gay\u00e1, Javi Guerra, <strong>Pepelu<\/strong>, Almeida, <strong>Rioja, Diego L\u00f3pez y Hugo Duro. <\/strong>Con ello, el conjunto local empez\u00f3 siendo<strong> due\u00f1o de la posesi\u00f3n del bal\u00f3n, <\/strong>con claras intenciones de sacar el <strong>esf\u00e9rico <\/strong>desde su propio campo, pero los visitantes respond\u00edan con una <strong>intensa presi\u00f3n. <\/strong><\/p>\n<p class=\"parrafo\">No obstante, el equipo rojiblanco consegu\u00eda llegar al \u00e1rea de<strong> Agirrezabala,<\/strong> firmando un total de <strong>seis tiros a puertas en la primera parte<\/strong>, a diferencia del <strong>solitario <\/strong>del <strong>Valencia<\/strong>. Adem\u00e1s, el dominio del juego se vio reflejado en los <strong>datos <\/strong>de la <strong>posesi\u00f3n<\/strong>, logrando el <strong>Rayo Vallecano un 61% y el <a href=\"https:\/\/www.estadiodeportivo.com\/futbol\/valencia\/ramazani-llega-tiempo-lista-convocados-del-valencia-ante-rayo-vallecano-20251201-522243.html\" target=\"_blank\" class=\"intext-link\" rel=\"nofollow noopener\">Valencia <\/a>un 39%<\/strong>. De esta manera, las diferentes oportunidades de los de <strong>I\u00f1igo P\u00e9rez <\/strong>tuvo recompensa en los \u00faltimos compases antes del <strong>descanso<\/strong>. Una <strong>jugada ensayada<\/strong> de saque de esquina, comenzada por <strong>Gumbau<\/strong>, acab\u00f3 en el \u00e1rea visitante para que <strong>Nobel Mendy realizase un cabezazo que fue inevitable para el meta cedido por el Athletic Club, <\/strong>anotando de esta manera su <strong>primer gol como profesional.<\/strong><\/p>\n<p><img decoding=\"async\" src=\"https:\/\/www.europesays.com\/es\/wp-content\/uploads\/2025\/12\/c796b668-abad-461f-8a89-50d3df70230b_800x533.jpeg\" loading=\"lazy\"\/>A Corber\u00e1n no le basta con los cambios<\/p>\n<p class=\"parrafo\">La <strong>vuelta <\/strong>al juego en <strong>Vallecas <\/strong>tuvo una <strong>t\u00f3nica <\/strong>muy parecida a lo visto en la primera parte. Sin embargo, <strong>Corber\u00e1n <\/strong>decidi\u00f3 hacer el primer cambio a los 11 minutos, dando entrada a <strong>Danjuma <\/strong>y sacando a <strong>Javi Guerra<\/strong>, buscando m\u00e1s <strong>eficacia <\/strong>en los <strong>\u00faltimos metros y m\u00e1s llegada<\/strong> a la porter\u00eda de <strong>Batalla<\/strong>. De esta manera, el <strong>Valencia <\/strong>mejor\u00f3 notablemente, fabricando poco despu\u00e9s, en el 64&#8242;, el gol del <strong>empate<\/strong>: un disparo de <strong>Diego L\u00f3pez<\/strong> fue despejado por <strong>Nobel Mendy,<\/strong> que termina <strong>con el bal\u00f3n en la meta<\/strong> en su <strong>intento de sacar el esf\u00e9rico<\/strong>.<\/p>\n<p><img decoding=\"async\" src=\"https:\/\/www.europesays.com\/es\/wp-content\/uploads\/2025\/12\/569ae393-bcb1-48b5-9bc6-0b222c6b58c0_800x606.jpeg\" loading=\"lazy\"\/><\/p>\n<p class=\"parrafo\">Con ello, <strong>I\u00f1igo P\u00e9rez<\/strong> respondi\u00f3 con un <strong>doble cambio<\/strong>, con la entrada de<strong> &#8216;Pacha&#8217; Espino y Alemao <\/strong>para intentar conseguir los <strong>tres puntos<\/strong>, en un momento en el que el <strong>desgaste f\u00edsico<\/strong> se hac\u00eda de notar cuando lleg\u00e1bamos a los <strong>\u00faltimos minutos <\/strong>del encuentro. Sin embargo, la <strong>mala noticia<\/strong> fue, pese al gol en la primera parte, en la<strong> lesi\u00f3n de Nobel Mendy,<\/strong> que tuvo que<strong> pedir el cambio <\/strong>y <strong>se march\u00f3 del terreno de juego cojeando. <\/strong>En definitiva, el colegiado pit\u00f3 el <strong>final <\/strong>del partido entre<strong> Rayo Vallecano y Valencia con reparto de puntos.<\/strong><\/p>\n<p>&#8211; Ficha t\u00e9cnica:<\/p>\n<p class=\"parrafo\"><strong>1 &#8211; Rayo Vallecano: <\/strong>Batalla; Ratiu, Mendy (Luiz Felipe, m.82), Lejeune, Chavarr\u00eda; Gumbau, \u00d3scar Valent\u00edn; Fran P\u00e9rez (&#8216;Pacha&#8217; Espino, m.68), Unai L\u00f3pez (Alemao, m.68), \u00c1lvaro Garc\u00eda (Camello, m.90+2); y De Frutos (Balliu, m.82).<\/p>\n<p class=\"parrafo\"><strong>1 &#8211; Valencia:<\/strong> Agirrezabala; Thierry, Copete, T\u00e1rrega, Gay\u00e0; Pepelu (Santamar\u00eda, m.90+2), Javi Guerra (Danjuma, m.56); Rioja (Beltr\u00e1n, m.72), Almeida, Diego L\u00f3pez (Raba, m.90+2); y Hugo Duro (Ugrinic, m.72).Goles: 1-0, m.36: Mendy; 1-1, m.63: Diego L\u00f3pez.<\/p>\n<p class=\"parrafo\"><strong>\u00c1rbitro:<\/strong> Javier Alberola Rojas (Comit\u00e9 Castilla-La Mancha). Amonest\u00f3 a Alemao (90+5), del Rayo; y a Thierry (m.71), del Valencia.<\/p>\n<p class=\"parrafo\"><strong>Incidencias: <\/strong>partido correspondiente a la jornada 14 de LaLiga EA Sports, disputado en el Estadio de Vallecas ante 11.267 espectadores. <\/p>\n","protected":false},"excerpt":{"rendered":"El defensa del conjunto de I\u00f1igo P\u00e9rez, cedido por el Real Betis, firm\u00f3 su primer gol como profesional&hellip;\n","protected":false},"author":2,"featured_media":266390,"comment_status":"","ping_status":"","sticky":false,"template":"","format":"standard","meta":{"footnotes":""},"categories":[268],"tags":[168,25,24,284,280,282,1945,14382,281,23,167,5419],"class_list":{"0":"post-266389","1":"post","2":"type-post","3":"status-publish","4":"format-standard","5":"has-post-thumbnail","7":"category-futbol","8":"tag-deportes","9":"tag-es","10":"tag-espana","11":"tag-estadio-deportivo","12":"tag-football","13":"tag-futbol","14":"tag-primera-division","15":"tag-rayo-vallecano","16":"tag-soccer","17":"tag-spain","18":"tag-sports","19":"tag-valencia-cf"},"share_on_mastodon":{"url":"https:\/\/pubeurope.com\/@es\/115647260749498245","error":""},"_links":{"self":[{"href":"https:\/\/www.europesays.com\/es\/wp-json\/wp\/v2\/posts\/266389","targetHints":{"allow":["GET"]}}],"collection":[{"href":"https:\/\/www.europesays.com\/es\/wp-json\/wp\/v2\/posts"}],"about":[{"href":"https:\/\/www.europesays.com\/es\/wp-json\/wp\/v2\/types\/post"}],"author":[{"embeddable":true,"href":"https:\/\/www.europesays.com\/es\/wp-json\/wp\/v2\/users\/2"}],"replies":[{"embeddable":true,"href":"https:\/\/www.europesays.com\/es\/wp-json\/wp\/v2\/comments?post=266389"}],"version-history":[{"count":0,"href":"https:\/\/www.europesays.com\/es\/wp-json\/wp\/v2\/posts\/266389\/revisions"}],"wp:featuredmedia":[{"embeddable":true,"href":"https:\/\/www.europesays.com\/es\/wp-json\/wp\/v2\/media\/266390"}],"wp:attachment":[{"href":"https:\/\/www.europesays.com\/es\/wp-json\/wp\/v2\/media?parent=266389"}],"wp:term":[{"taxonomy":"category","embeddable":true,"href":"https:\/\/www.europesays.com\/es\/wp-json\/wp\/v2\/categories?post=266389"},{"taxonomy":"post_tag","embeddable":true,"href":"https:\/\/www.europesays.com\/es\/wp-json\/wp\/v2\/tags?post=266389"}],"curies":[{"name":"wp","href":"https:\/\/api.w.org\/{rel}","templated":true}]}}