{"id":266391,"date":"2025-12-02T00:58:14","date_gmt":"2025-12-02T00:58:14","guid":{"rendered":"https:\/\/www.europesays.com\/es\/266391\/"},"modified":"2025-12-02T00:58:14","modified_gmt":"2025-12-02T00:58:14","slug":"dani-martin-la-lia-en-pleno-concierto-con-un-particular-mitin-politico-y-no-deja-titere-con-cabeza","status":"publish","type":"post","link":"https:\/\/www.europesays.com\/es\/266391\/","title":{"rendered":"Dani Mart\u00edn la l\u00eda en pleno concierto con un particular mitin pol\u00edtico y no deja t\u00edtere con cabeza"},"content":{"rendered":"<p><img loading=\"lazy\" decoding=\"async\" src=\"https:\/\/www.europesays.com\/es\/wp-content\/uploads\/2025\/12\/100x100_informalia-logo.jpg\" itemtype=\"\/\/schema.org\/ImageObject\" itemprop=\"url\" alt=\"Informalia\" width=\"64\" height=\"64\" pinger-seen=\"true\"\/><\/p>\n<p>El \u00faltimo concierto del artista est\u00e1 dando mucho de qu\u00e9 hablar en redes sociales y no precisamente por la m\u00fasica. <b>Dani Mart\u00edn<\/b>, que ha regresado a los escenarios tras un par\u00f3n de casi dos a\u00f1os, est\u00e1 en plena forma sobre las tablas y sus seguidores est\u00e1n encantados con su nueva gira &#8217;25 ptos a\u00f1os&#8217;, en la que est\u00e1n descubriendo un Dani Mart\u00edn mucho m\u00e1s reivindicativo. Este domingo, sin ir m\u00e1s lejos, sorprendi\u00f3 a toda su audiencia con una feroz cr\u00edtica a la clase pol\u00edtica.<\/p>\n<p>Sentado al borde del escenario, el int\u00e9rprete de Besos recordaba las \u00faltimas tragedias que han asolado nuestro pa\u00eds y el papel que han tenido los responsables pol\u00edticos frente a ellas: \u00abQue el Covid-19 lo sacamos nosotros adelante. Sobre todo los que sois m\u00e9dicos, doctores, enfermeros y a los cu\u00e1les no se les ha subido el sueldo. A la gente de las ambulancias, los bomberos, a los polic\u00edas. La DANA la sac\u00f3 el pueblo adelante tambi\u00e9n y <b>lo m\u00e1s acojonante es que todo es un bucle donde nadie nos da explicaciones\u00bb.<\/b><\/p>\n<p>Sin pelos en la lengua, el madrile\u00f1o desvelaba que no pensaba votar a ning\u00fan candidato en las pr\u00f3ximas elecciones presidenciales y animaba a sus seguidores a hacer lo mismo: <b>\u00abYo os animo a que no vot\u00e9is a nadie, a nadie. Para que se den cuenta de que no nos representa ninguno, absolutamente ninguno. <\/b>Todos buscan algo de nosotros, y nosotros valemos demasiado. Nuestro valor y nuestro coraz\u00f3n es el mayor tesoro del mundo\u00bb. Las palabras del cantante han generado numerosas cr\u00edticas en las redes sociales, donde muchos usuarios advierten del peligro que supone no ejercer el derecho al voto y dejar que sean los propios partidos qui\u00e9nes decidan qui\u00e9n gobierna.<\/p>\n<p>El ex de Blanca Su\u00e1rez continuaba su discurso lamentando la delicada situaci\u00f3n de los j\u00f3venes en la actualidad: \u00abQue viva esta vida, que es maravillosa. Espero que a los j\u00f3venes y a los peque\u00f1os no se lo pongan m\u00e1s dif\u00edcil y que tengan derecho a una vivienda digna o un puesto de trabajo digno, para poder sacar adelante sus sue\u00f1os\u00bb. Y remataba: <b>\u00abLes mando un abrazo a todos esos pol\u00edticos para que piensen m\u00e1s en la ciudadan\u00eda y no en las empresas que los representan. Un abrazo para todos ellos\u00bb.<\/b><\/p>\n<p>WhatsApp<a href=\"https:\/\/api.whatsapp.com\/send?text=https:\/\/www.eleconomista.es\/informalia\/famosos\/noticias\/13671419\/12\/25\/dani-martin-la-lia-en-pleno-concierto-con-un-particular-mitin-politico-y-no-deja-titere-con-cabeza.html?utm_source%3Dwhatsapp%26utm_medium%3Dshare_button&amp;id=1648118629957_whatsapp\" target=\"_blank\" data-action=\"share\/whatsapp\/share\" aria-label=\"Compartir en Whatsapp\" rel=\"nofollow noopener\"><\/a>Facebook<a id=\"fb-share\" href=\"#\" target=\"_blank\" rel=\"noopener noreferrer\" aria-label=\"Compartir en Facebook\"><\/a>Twitter<a href=\"https:\/\/twitter.com\/share?text=Dani+Mart%C3%ADn+la+l%C3%ADa+en+pleno+concierto+con+un+particular+mitin+pol%C3%ADtico+y+no+deja+t%C3%ADtere+con+cabeza&amp;url=https:\/\/www.eleconomista.es\/informalia\/famosos\/noticias\/13671419\/12\/25\/dani-martin-la-lia-en-pleno-concierto-con-un-particular-mitin-politico-y-no-deja-titere-con-cabeza.html&amp;via=Informalia&amp;id=1648118839245_twitter\" target=\"_blank\" aria-label=\"Compartir en Twitter\" rel=\"nofollow noopener\"><\/a>Linkedin<a onclick=\"return abrirLinkedin();\" href=\"https:\/\/www.linkedin.com\/shareArticle?text=Dani+Mart%C3%ADn+la+l%C3%ADa+en+pleno+concierto+con+un+particular+mitin+pol%C3%ADtico+y+no+deja+t%C3%ADtere+con+cabeza&amp;url=https:\/\/www.eleconomista.es\/informalia\/famosos\/noticias\/13671419\/12\/25\/dani-martin-la-lia-en-pleno-concierto-con-un-particular-mitin-politico-y-no-deja-titere-con-cabeza.html&amp;mini=true\" target=\"_blank\" aria-label=\"Compartir en linkedin\" rel=\"nofollow noopener\"><\/a>Beloud<a href=\"https:\/\/beloud.com\/share?text=Dani+Mart%C3%ADn+la+l%C3%ADa+en+pleno+concierto+con+un+particular+mitin+pol%C3%ADtico+y+no+deja+t%C3%ADtere+con+cabeza&amp;url=https:\/\/www.eleconomista.es\/informalia\/famosos\/noticias\/13671419\/12\/25\/dani-martin-la-lia-en-pleno-concierto-con-un-particular-mitin-politico-y-no-deja-titere-con-cabeza.html&amp;via=Informalia&amp;id=1648118839245_beloud\" target=\"_blank\" aria-label=\"Compartir en beloud\" rel=\"nofollow noopener\"><\/a>Bluesky<a href=\"https:\/\/bsky.app\/intent\/compose?text=https:\/\/bsky.app\/intent\/compose?text=https:\/\/www.eleconomista.es\/informalia\/famosos\/noticias\/13671419\/12\/25\/dani-martin-la-lia-en-pleno-concierto-con-un-particular-mitin-politico-y-no-deja-titere-con-cabeza.html&amp;url=https:\/\/www.eleconomista.es\/informalia\/famosos\/noticias\/13671419\/12\/25\/dani-martin-la-lia-en-pleno-concierto-con-un-particular-mitin-politico-y-no-deja-titere-con-cabeza.html&amp;via=elEconomistaes&amp;id=1648118839245_bluesky\" target=\"_blank\" aria-label=\"Compartir en bluesky\" rel=\"nofollow noopener\"><\/a><\/p>\n<p><script async src=\"https:\/\/platform.twitter.com\/widgets.js\" charset=\"utf-8\"><\/script><\/p>\n","protected":false},"excerpt":{"rendered":"El \u00faltimo concierto del artista est\u00e1 dando mucho de qu\u00e9 hablar en redes sociales y no precisamente por&hellip;\n","protected":false},"author":2,"featured_media":266392,"comment_status":"","ping_status":"","sticky":false,"template":"","format":"standard","meta":{"footnotes":""},"categories":[174],"tags":[255,146,147,25,24,256,260,23],"class_list":{"0":"post-266391","1":"post","2":"type-post","3":"status-publish","4":"format-standard","5":"has-post-thumbnail","7":"category-famosos","8":"tag-celebrities","9":"tag-entertainment","10":"tag-entretenimiento","11":"tag-es","12":"tag-espana","13":"tag-famosos","14":"tag-gente","15":"tag-spain"},"share_on_mastodon":{"url":"https:\/\/pubeurope.com\/@es\/115647264220324820","error":""},"_links":{"self":[{"href":"https:\/\/www.europesays.com\/es\/wp-json\/wp\/v2\/posts\/266391","targetHints":{"allow":["GET"]}}],"collection":[{"href":"https:\/\/www.europesays.com\/es\/wp-json\/wp\/v2\/posts"}],"about":[{"href":"https:\/\/www.europesays.com\/es\/wp-json\/wp\/v2\/types\/post"}],"author":[{"embeddable":true,"href":"https:\/\/www.europesays.com\/es\/wp-json\/wp\/v2\/users\/2"}],"replies":[{"embeddable":true,"href":"https:\/\/www.europesays.com\/es\/wp-json\/wp\/v2\/comments?post=266391"}],"version-history":[{"count":0,"href":"https:\/\/www.europesays.com\/es\/wp-json\/wp\/v2\/posts\/266391\/revisions"}],"wp:featuredmedia":[{"embeddable":true,"href":"https:\/\/www.europesays.com\/es\/wp-json\/wp\/v2\/media\/266392"}],"wp:attachment":[{"href":"https:\/\/www.europesays.com\/es\/wp-json\/wp\/v2\/media?parent=266391"}],"wp:term":[{"taxonomy":"category","embeddable":true,"href":"https:\/\/www.europesays.com\/es\/wp-json\/wp\/v2\/categories?post=266391"},{"taxonomy":"post_tag","embeddable":true,"href":"https:\/\/www.europesays.com\/es\/wp-json\/wp\/v2\/tags?post=266391"}],"curies":[{"name":"wp","href":"https:\/\/api.w.org\/{rel}","templated":true}]}}