{"id":266395,"date":"2025-12-02T01:01:21","date_gmt":"2025-12-02T01:01:21","guid":{"rendered":"https:\/\/www.europesays.com\/es\/266395\/"},"modified":"2025-12-02T01:01:21","modified_gmt":"2025-12-02T01:01:21","slug":"dani-mateo-se-infiltra-en-soto-del-real-para-ver-a-abalos-no-piensa-tirar-de-la-manta-porque-si-no-se-va-lasexta","status":"publish","type":"post","link":"https:\/\/www.europesays.com\/es\/266395\/","title":{"rendered":"Dani Mateo se &#039;infiltra&#039; en Soto del Real para ver a \u00c1balos: &quot;No piensa tirar de la manta porque si no se va &#8211; LaSexta"},"content":{"rendered":"<ol>\n<li><a href=\"https:\/\/news.google.com\/rss\/articles\/CBMi_AFBVV95cUxQM3JRb29OdlozZ0h2UXd4cHBmdC1jZ1QzczdGUDdHY1pRRFZ2OXFUMlFNSGFPOWVQR0xfemlNeERmVVRPaXloWkloeHo0UzJxS1J4MEh0SWRSWjFweUhUMVhocW95NEdUT25vT1hGOHc5UjFfVFlvdlVLU0NHRGJadnNieG1mMlZ6Nko4YXktbDhPdEw4d1NxN3ZjbjNHNTBFWHBIdG5rc3p0Tm5aSVk4R2JvQVdxQm1uWVZsNFB5SGdZM2RYQml6ajVTS1hKeE1SRXM1VUZ5MGs3TGs5U1R2cWp5UmhZMHlCZzkta3Nkc1ZJSUgyX0ZSaDdGS2fSAfwBQVVfeXFMTmZBX05pTm9hdFlGeGt3VFFERkJUQVNvakEtUHJpcXppZnJCaDZSeVVlYUJBakp4XzhaU2hPT2ljQ0JJdC1KVUowWHotNy01cGdqY09HTnBETFhCU0hETVJhWXRBNG9CM095YW9CX2JvX1RTUHJVcXp1X2FPbzQ3b3lOYk1ZaEY3YjBRcFdPX0VtR3pxM1dpT3UtcjEyZFdGZm02YXpnN1lEWTVqRDVXZWlKZzRWTlB6eVd4LWhmME1oUnk0eWxzSVJ3M2VkOE5JeUZUX2NUWjFsQ3VhcFpULVdFaDFJMERIemhQbG9obloxeUJRNmhPVUZsWkFT?oc=5\" target=\"_blank\" rel=\"nofollow noopener\">Dani Mateo se &#8216;infiltra&#8217; en Soto del Real para ver a \u00c1balos: \u00abNo piensa tirar de la manta porque si no se va<\/a>&nbsp;&nbsp;LaSexta<\/li>\n<li><a href=\"https:\/\/news.google.com\/rss\/articles\/CBMiekFVX3lxTE4zckl2VDlxOU1oYWwwUEZzYVdINlFfVnBMNkxfcWhMekxsQTFZVElMNHlxNzdkU19EdkxkOEJ2T19OWFl3ODFEcmtaRkdQTlpBOEw2OVRkeTA1RzJDRWNsSUxvaXdpbjA4ZmFocnR0TklUQm9zMnpQSjJn0gF6QVVfeXFMUFhHbmlCX1NOWEZWdWRIaEN0Wk5WSDNQdzQ0Nk41MEFoLTQxX3hFUXlLX3F6V2duUGl2QS16MHdpdVcyNWZQU0s1d3c4ckxLcVpYR1E3U0xWTVJOcXlTaDc0aENOUXZnNnZTWURkZDM2eWgxbmpEZGpiRnc?oc=5\" target=\"_blank\" rel=\"nofollow noopener\">La vida en la c\u00e1rcel del ex ministro: sin tabaco negro, televisor, ni ch\u00e1ndal, pero con tres amigos d\u00e1ndole voz en X \u00aben el nombre de \u00c1balos\u00bb<\/a>&nbsp;&nbsp;El Mundo<\/li>\n<li><a href=\"https:\/\/news.google.com\/rss\/articles\/CBMiowFBVV95cUxPdllIaE00QnlTQ1JrZ29sNnUzS244NWZPb3h4bUVvUmxYdV9qRnFwOTlhM1Fxb2FXVWhIRHpvamNLNEFSZS01RGo5aWdDZTRJN2xKbm1uNmNtOU1UZTl6TmFEOVFhcV9HWVg4R1Njdm56T1FQZ0NsYW5HTEJ5dFJmcktXZk44bF9oRUZmYUlUci1EWWJmT0ItZXUzWlF6bGpBaGo4?oc=5\" target=\"_blank\" rel=\"nofollow noopener\">Inspirada en una conocida pel\u00edcula sobre presos del IRA y llevada por su entorno: as\u00ed funciona la cuenta en redes de \u00c1balos mientras est\u00e1 en prisi\u00f3n<\/a>&nbsp;&nbsp;ABC<\/li>\n<li><a href=\"https:\/\/news.google.com\/rss\/articles\/CBMi4wFBVV95cUxQa3dwTVJod0dkWjlwVnVqekxmcFZ0dlJtVGlZN0ZZR2ZQLU9DZFBYa2JlSHBEWFRGM3NvU3VhQW02WjFzdW5WMmY3T2ZLenpRcDctTTljbnRUYS1DU1RTajFac3V3WUdsOFhrVXZwbktLSS1DdmNxY1FidzU3Z1lrdVAzT19CLUtGWTZLX2hXVFppM0dUN0wxUTRScC1TVmZwUjBhT19kanZCOEFzR3VJR2NKLWMteDZZd3J3U3ZnZjVtTW9HYktrcDVubXhSMnFJMi1KLWJEa21EZEtpQWZKRkllMNIB4wFBVV95cUxPODFRcEd3U1B4TWxTbXFYUWxqLUE5NURGQ2JNT215Z2VFZU90QnlKRTgySkRJR05HOEROUmJHX2pYMkptREFqV25tS1ZTWW03Rkh3ZjNNak5KSGZhZENGR2pvYkdJb29KdHVHQmRUZnptNHNKTnpBTXk4VW9vektsS3pkRmFYQWpPeUQ5Z2NtTWY2RTdZajV6NTMwMDVFMG83OWQ1OEgtQTNqWTVNYVhjODVaRFlENGQ0eEtISkZWakcyUGpNVFBmdDY4WjdQNjZjRWtuUnhZLUJGOUNmZUN4MUhGVQ?oc=5\" target=\"_blank\" rel=\"nofollow noopener\">El abogado de \u00c1balos asegura que lo ve \u00abfuerte\u00bb en prisi\u00f3n y que \u00abcuenta con el apoyo de otros presos\u00bb<\/a>&nbsp;&nbsp;Antena 3<\/li>\n<li><a href=\"https:\/\/news.google.com\/rss\/articles\/CBMixAFBVV95cUxNLTNIQTFzczFQLW9ZcTVxSlZ6Vk1pNk1zU0NSdnIzRXE0dGV1TXJZOWRqc0d1WFBUT3JIaVVBbnhnSnc4VzV0QU5fa3AxT19mZ1k2ZTJKRU1PaUpPcVlRM1JVY3NCT3Q5Z3o5bk9Bbkh0VFE4dHhqamx4QUlkRGhieG5QcFBxdklaUFJMS0dIZlRxbXBCVXJ5dmZCYjZCR2lzaGZVdHhZOFlJd2VNemlXYmcwNXVuNmh5QzdRbERiM1lIZEM30gHYAUFVX3lxTE44d1R1eDgtcEZJTXpBSzZlQ2dBeHVmSTRmUTVDekJ5Tm1mdWFTUFh1RUhabnVGV1NoLUVHTDFHckxBYk9qLUxLeDFGUkhxc3dnRHlLZGJRNnNENWZjWFVZTEp5UHpwWEhDb2c0b1lIcHVBODl2UEpld1VDLXdSQkxTdFhNeWRLYXhWS2t4c1UyTUlZM3VKZUVzYUpkNjlBdlRrSDdYVjBZU2R6UzQwSGtBNHVZdkQzdHptLWw2U0s1dU1JWTNocnV5dTZ0Q05kMmhKRTJPWTNzZA?oc=5\" target=\"_blank\" rel=\"nofollow noopener\">\u00c1balos publica su primer mensaje desde la c\u00e1rcel: \u00abMi adaptaci\u00f3n est\u00e1 siendo menos traum\u00e1tica de lo que esperaba\u00bb<\/a>&nbsp;&nbsp;El HuffPost<\/li>\n<\/ol>\n","protected":false},"excerpt":{"rendered":"Dani Mateo se &#8216;infiltra&#8217; en Soto del Real para ver a \u00c1balos: \u00abNo piensa tirar de la manta&hellip;\n","protected":false},"author":2,"featured_media":248356,"comment_status":"","ping_status":"","sticky":false,"template":"","format":"standard","meta":{"footnotes":""},"categories":[171],"tags":[146,147,25,24,23,214],"class_list":{"0":"post-266395","1":"post","2":"type-post","3":"status-publish","4":"format-standard","5":"has-post-thumbnail","7":"category-tv","8":"tag-entertainment","9":"tag-entretenimiento","10":"tag-es","11":"tag-espana","12":"tag-spain","13":"tag-tv"},"share_on_mastodon":{"url":"https:\/\/pubeurope.com\/@es\/115647275726901652","error":""},"_links":{"self":[{"href":"https:\/\/www.europesays.com\/es\/wp-json\/wp\/v2\/posts\/266395","targetHints":{"allow":["GET"]}}],"collection":[{"href":"https:\/\/www.europesays.com\/es\/wp-json\/wp\/v2\/posts"}],"about":[{"href":"https:\/\/www.europesays.com\/es\/wp-json\/wp\/v2\/types\/post"}],"author":[{"embeddable":true,"href":"https:\/\/www.europesays.com\/es\/wp-json\/wp\/v2\/users\/2"}],"replies":[{"embeddable":true,"href":"https:\/\/www.europesays.com\/es\/wp-json\/wp\/v2\/comments?post=266395"}],"version-history":[{"count":0,"href":"https:\/\/www.europesays.com\/es\/wp-json\/wp\/v2\/posts\/266395\/revisions"}],"wp:featuredmedia":[{"embeddable":true,"href":"https:\/\/www.europesays.com\/es\/wp-json\/wp\/v2\/media\/248356"}],"wp:attachment":[{"href":"https:\/\/www.europesays.com\/es\/wp-json\/wp\/v2\/media?parent=266395"}],"wp:term":[{"taxonomy":"category","embeddable":true,"href":"https:\/\/www.europesays.com\/es\/wp-json\/wp\/v2\/categories?post=266395"},{"taxonomy":"post_tag","embeddable":true,"href":"https:\/\/www.europesays.com\/es\/wp-json\/wp\/v2\/tags?post=266395"}],"curies":[{"name":"wp","href":"https:\/\/api.w.org\/{rel}","templated":true}]}}